{"id":10393,"date":"2019-04-25T12:08:36","date_gmt":"2019-04-25T09:08:36","guid":{"rendered":"https:\/\/iletim.istanbul.edu.tr\/?p=10393"},"modified":"2019-04-25T12:08:36","modified_gmt":"2019-04-25T09:08:36","slug":"850-yillik-tarih-kul-oldu","status":"publish","type":"post","link":"https:\/\/iletim.istanbul.edu.tr\/index.php\/2019\/04\/25\/850-yillik-tarih-kul-oldu\/","title":{"rendered":"850 Y\u0131ll\u0131k Tarih K\u00fcl Oldu"},"content":{"rendered":"<p><strong>Dicle G\u00dcNG\u00d6R<\/strong><\/p>\n<p><strong>Fransa\u2019n\u0131n sembollerinden biri olan, Gotik mimarinin en \u00fcnl\u00fc \u00f6rne\u011fi olarak kabul edilen Notre Dame Katedrali\u2019nde \u00e7\u0131kan yang\u0131n ve kurtarma \u00e7al\u0131\u015fmalar\u0131 hakk\u0131nda <\/strong><strong>\u0130stanbul \u00dcniversitesi Edebiyat Fak\u00fcltesi Ta\u015f\u0131nabilir K\u00fclt\u00fcr Varl\u0131klar\u0131 ve Onar\u0131m\u0131 B\u00f6l\u00fcm\u00fc \u00d6\u011fretim \u00dcyesi Do\u00e7. Dr. G\u00fclder Emre ile r\u00f6portaj ger\u00e7ekle\u015ftirdik.<\/strong><\/p>\n<p><img decoding=\"async\" class=\"alignnone wp-image-10394\" src=\"https:\/\/iletim.istanbul.edu.tr\/wp-content\/uploads\/1-14-300x199.jpg\" alt=\"\" width=\"689\" height=\"457\" srcset=\"https:\/\/iletim.istanbul.edu.tr\/wp-content\/uploads\/1-14-300x199.jpg 300w, https:\/\/iletim.istanbul.edu.tr\/wp-content\/uploads\/1-14-768x510.jpg 768w, https:\/\/iletim.istanbul.edu.tr\/wp-content\/uploads\/1-14-1024x680.jpg 1024w, https:\/\/iletim.istanbul.edu.tr\/wp-content\/uploads\/1-14.jpg 1385w\" sizes=\"(max-width: 689px) 100vw, 689px\" \/><\/p>\n<p>Yap\u0131ld\u0131\u011f\u0131 g\u00fcnden bug\u00fcne pek \u00e7ok restorasyon \u00e7al\u0131\u015fmalar\u0131 ge\u00e7irmi\u015f, ayn\u0131 zamanda 850 y\u0131ll\u0131k tarihi ile bir \u00e7ok olaya tan\u0131kl\u0131k etmi\u015f katedralin tarihi \u00f6neminden bahseden Do\u00e7. Dr. Emre, \u2018\u2019G\u00f6rkemli s\u00fcslemeleri, pencereleri ve vitraylar\u0131, sahip oldu\u011fu sanat eserleri ve 37 \u015fapel, 75 dev s\u00fctundan olu\u015fan 130 metre geni\u015fli\u011finde ki katedral ayn\u0131 anda 9 bin ki\u015finin ibadet edebilmesine de olanak sa\u011fl\u0131yor\u2019\u2019 diyerek katedralin \u00f6neminden bahsetti.<\/p>\n<p><strong>\u2018\u2019Notre Dame T\u00fcm D\u00fcnyaya Ait Bir K\u00fclt\u00fcr Miras\u0131\u2019\u2019<\/strong><\/p>\n<p>\u2018\u2019Notre Dame Katedrali hem mimari olarak hem de tarihi \u00f6nemi olarak sadece Fransa\u2019ya ait de\u011fil, t\u00fcm d\u00fcnyaya ait bir k\u00fclt\u00fcr miras\u0131\u2019\u2019 \u015feklinde s\u00f6zlerine ba\u015flayan Do\u00e7. Dr. Emre, Katedralde \u00e7\u0131kan yang\u0131n i\u00e7in, \u2018\u2019Bu e\u015fsiz sanat eserinin g\u00f6zlerimizin \u00f6n\u00fcnde alevlere yenik d\u00fc\u015fmesini izlemek \u00e7ok trajik\u2019\u2019 ifadeleriyle \u00fcz\u00fcnt\u00fcs\u00fcn\u00fc dile getirdi.<\/p>\n<p>Do\u00e7. Dr. Emre, katedralde onar\u0131m \u00e7al\u0131\u015fmalar\u0131n\u0131n yap\u0131ld\u0131\u011f\u0131 \u00e7at\u0131 iskeletinde ba\u015flayan yang\u0131n\u0131n, alarm\u0131n \u00e7almas\u0131 fakat yang\u0131n yerinin tespit edilememesi nedeniyle \u00f6nlenemeyerek yap\u0131n\u0131n b\u00fcy\u00fck bir k\u0131sm\u0131na zarar verdi\u011fini s\u00f6yledi.<\/p>\n<p><img decoding=\"async\" class=\"alignnone wp-image-10395\" src=\"https:\/\/iletim.istanbul.edu.tr\/wp-content\/uploads\/2-20-300x170.jpg\" alt=\"\" width=\"689\" height=\"390\" srcset=\"https:\/\/iletim.istanbul.edu.tr\/wp-content\/uploads\/2-20-300x170.jpg 300w, https:\/\/iletim.istanbul.edu.tr\/wp-content\/uploads\/2-20-768x434.jpg 768w, https:\/\/iletim.istanbul.edu.tr\/wp-content\/uploads\/2-20.jpg 810w\" sizes=\"(max-width: 689px) 100vw, 689px\" \/>G\u00f6rsel Kaynak: haberturk.com<\/p>\n<p><strong>Katedralin Tehlikeli Konumu<\/strong><\/p>\n<p>Yang\u0131n\u0131n \u00e7\u0131kt\u0131\u011f\u0131 alan\u0131n \u2018la for\u00eat\u2019\u00a0yani \u2018orman\u2019 olarak adland\u0131r\u0131ld\u0131\u011f\u0131n\u0131, bunun sebebi olarak ise \u00e7at\u0131n\u0131n iskeletinin 800 y\u0131ld\u0131r restorasyona u\u011framadan g\u00fcn\u00fcm\u00fcze gelen me\u015fe a\u011fac\u0131ndan yap\u0131lm\u0131\u015f oldu\u011funu belirten Do\u00e7. Dr. Emre, yang\u0131n\u0131n bu alanda h\u0131zl\u0131ca yay\u0131lmas\u0131, kulenin ve \u00e7at\u0131n\u0131n b\u00f6yle bir yang\u0131nda \u00e7\u00f6kmesinin ola\u011fan oldu\u011funu dile getirdi.<\/p>\n<p>Katedralde \u00e7\u0131kan yang\u0131n s\u00f6nd\u00fcrme \u00e7al\u0131\u015fmalar\u0131 uluslararas\u0131 alanda pek \u00e7ok tepki toplarken, yap\u0131lan \u00e7al\u0131\u015fmalar\u0131n yetersiz ve yava\u015f oldu\u011fu \u015feklinde yap\u0131lan yorumlara ili\u015fkin Do\u00e7. Dr. Emre, katedralin konumunun Paris\u2019in merkezinde bulunmas\u0131 nedeniyle yang\u0131n\u0131n kontrol alt\u0131na al\u0131nmas\u0131nda b\u00fcy\u00fck zorluklar ya\u015fand\u0131\u011f\u0131n\u0131 belirtti.<\/p>\n<p>Do\u00e7. Dr. Emre, Paris \u0130tfaiyesi\u2019nin kurtarma \u00e7al\u0131\u015fmalar\u0131na ili\u015fkin yapt\u0131\u011f\u0131 a\u00e7\u0131klamalar\u0131 do\u011fru ve yerinde buldu\u011funu, orman yang\u0131nlar\u0131nda kullan\u0131lan u\u00e7aklar\u0131n kullan\u0131lmamas\u0131n\u0131n nedeni olarak u\u00e7ak taraf\u0131ndan d\u00f6k\u00fclecek suyun miktar\u0131n\u0131n bu tip bir yap\u0131n\u0131n tamam\u0131n\u0131n \u00e7\u00f6kmesine neden olaca\u011f\u0131n\u0131, tonlarca su d\u00f6k\u00fclmesinin yap\u0131y\u0131 daha da zay\u0131flat\u0131p yang\u0131n\u0131 \u015fiddetlendirebilece\u011fine ili\u015fkin yap\u0131lan a\u00e7\u0131klamalara kat\u0131ld\u0131\u011f\u0131n\u0131 dile getirirken, ayn\u0131 zamanda b\u00f6yle bir uygulama i\u00e7in havadan su d\u00f6k\u00fclmesi durumunda n\u00fcfusun bu m\u00fcdahaleden etkilenecek olmas\u0131n\u0131n da m\u00fcdahaleyi zorla\u015ft\u0131ran nedenlerden bir tanesi olarak g\u00f6r\u00fclebilece\u011fini s\u00f6yledi.<\/p>\n<p><img decoding=\"async\" class=\"alignnone wp-image-10397\" src=\"https:\/\/iletim.istanbul.edu.tr\/wp-content\/uploads\/3-15-300x199.jpg\" alt=\"\" width=\"689\" height=\"457\" srcset=\"https:\/\/iletim.istanbul.edu.tr\/wp-content\/uploads\/3-15-300x199.jpg 300w, https:\/\/iletim.istanbul.edu.tr\/wp-content\/uploads\/3-15-768x510.jpg 768w, https:\/\/iletim.istanbul.edu.tr\/wp-content\/uploads\/3-15-1024x680.jpg 1024w\" sizes=\"(max-width: 689px) 100vw, 689px\" \/><\/p>\n<p><strong>Ders \u00c7\u0131karmal\u0131y\u0131z<\/strong><\/p>\n<p>Do\u00e7. Dr. Emre, \u2018\u2019Bu tarihi ve sanatsal a\u00e7\u0131dan ac\u0131 olay bizlere T\u00fcrkiye\u2019nin binlerce y\u0131ll\u0131k tarihi miras\u0131n\u0131 korumak ve g\u00fc\u00e7lendirmek a\u00e7\u0131s\u0131ndan ders olmal\u0131d\u0131r. Sultan Ahmet Camii, Ayasofya, K\u00fcmbet Camii, Mor Kilise, G\u00f6bekli Tepe arkeolojik alan\u0131 gibi say\u0131s\u0131z tarihi miras\u0131n korunmas\u0131 ve de ya\u015fat\u0131lmas\u0131 i\u00e7in fark\u0131ndal\u0131k sa\u011flanmal\u0131d\u0131r\u2019\u2019 diyerek s\u00f6zlerine son verdi.<\/p>\n<p><img decoding=\"async\" class=\"alignnone wp-image-10396\" src=\"https:\/\/iletim.istanbul.edu.tr\/wp-content\/uploads\/4-13-300x170.jpg\" alt=\"\" width=\"690\" height=\"391\" srcset=\"https:\/\/iletim.istanbul.edu.tr\/wp-content\/uploads\/4-13-300x170.jpg 300w, https:\/\/iletim.istanbul.edu.tr\/wp-content\/uploads\/4-13-768x434.jpg 768w, https:\/\/iletim.istanbul.edu.tr\/wp-content\/uploads\/4-13.jpg 810w\" sizes=\"(max-width: 690px) 100vw, 690px\" \/><br \/>\nG\u00f6rsel Kaynak: haberturk.com<\/p>\n","protected":false},"excerpt":{"rendered":"<p>Fransa\u2019n\u0131n sembollerinden biri olan, Gotik mimarinin en \u00fcnl\u00fc \u00f6rne\u011fi olarak kabul edilen Notre Dame Katedrali\u2019nde \u00e7\u0131kan yang\u0131n ve kurtarma \u00e7al\u0131\u015fmalar\u0131 hakk\u0131nda \u0130stanbul \u00dcniversitesi Edebiyat Fak\u00fcltesi Ta\u015f\u0131nabilir K\u00fclt\u00fcr Varl\u0131klar\u0131 ve Onar\u0131m\u0131 B\u00f6l\u00fcm\u00fc \u00d6\u011fretim \u00dcyesi Do\u00e7. Dr. G\u00fclder Emre ile r\u00f6portaj ger\u00e7ekle\u015ftirdik.<\/p>\n","protected":false},"author":14,"featured_media":10398,"comment_status":"open","ping_status":"open","sticky":false,"template":"","format":"standard","meta":{"jnews-multi-image_gallery":[],"jnews_single_post":[],"jnews_primary_category":[],"jnews_social_meta":[],"jnews_override_counter":[],"footnotes":""},"categories":[30],"tags":[],"class_list":["post-10393","post","type-post","status-publish","format-standard","has-post-thumbnail","hentry","category-kultur-sanat"],"_links":{"self":[{"href":"https:\/\/iletim.istanbul.edu.tr\/index.php\/wp-json\/wp\/v2\/posts\/10393","targetHints":{"allow":["GET"]}}],"collection":[{"href":"https:\/\/iletim.istanbul.edu.tr\/index.php\/wp-json\/wp\/v2\/posts"}],"about":[{"href":"https:\/\/iletim.istanbul.edu.tr\/index.php\/wp-json\/wp\/v2\/types\/post"}],"author":[{"embeddable":true,"href":"https:\/\/iletim.istanbul.edu.tr\/index.php\/wp-json\/wp\/v2\/users\/14"}],"replies":[{"embeddable":true,"href":"https:\/\/iletim.istanbul.edu.tr\/index.php\/wp-json\/wp\/v2\/comments?post=10393"}],"version-history":[{"count":0,"href":"https:\/\/iletim.istanbul.edu.tr\/index.php\/wp-json\/wp\/v2\/posts\/10393\/revisions"}],"wp:featuredmedia":[{"embeddable":true,"href":"https:\/\/iletim.istanbul.edu.tr\/index.php\/wp-json\/wp\/v2\/media\/10398"}],"wp:attachment":[{"href":"https:\/\/iletim.istanbul.edu.tr\/index.php\/wp-json\/wp\/v2\/media?parent=10393"}],"wp:term":[{"taxonomy":"category","embeddable":true,"href":"https:\/\/iletim.istanbul.edu.tr\/index.php\/wp-json\/wp\/v2\/categories?post=10393"},{"taxonomy":"post_tag","embeddable":true,"href":"https:\/\/iletim.istanbul.edu.tr\/index.php\/wp-json\/wp\/v2\/tags?post=10393"}],"curies":[{"name":"wp","href":"https:\/\/api.w.org\/{rel}","templated":true}]}}