{"id":10450,"date":"2019-04-25T19:26:21","date_gmt":"2019-04-25T16:26:21","guid":{"rendered":"https:\/\/iletim.istanbul.edu.tr\/?p=10450"},"modified":"2019-04-25T19:26:21","modified_gmt":"2019-04-25T16:26:21","slug":"fark-yaratirsaniz-aranan-muhabir-olursunuz","status":"publish","type":"post","link":"https:\/\/iletim.istanbul.edu.tr\/index.php\/2019\/04\/25\/fark-yaratirsaniz-aranan-muhabir-olursunuz\/","title":{"rendered":"\u201cFark Yarat\u0131rsan\u0131z, Aranan Muhabir Olursunuz\u201d"},"content":{"rendered":"<p><strong>Tu\u011f\u00e7e AY\u00c7\u0130N<\/strong><br \/>\n<strong>Foto\u011fraf: Hamza AKTAY<\/strong><\/p>\n<p>H\u00fcrriyet Gazetesi \u0130stihbarat M\u00fcd\u00fcr\u00fc Celal Korkut, Dr. \u00d6\u011fr. \u00dcyesi H\u00fclya Semiz T\u00fcrko\u011flu\u2019nun \u0130leti\u015fim Seminerleri dersi kapsam\u0131nda 25 Nisan\u2019da \u0130leti\u015fim Fak\u00fcltesine konuk oldu.<\/p>\n<p>\u0130leti\u015fim Fak\u00fcltesi Cep Sinemas\u0131nda ger\u00e7ekle\u015ftirilen s\u00f6yle\u015fide Celal Korkut, sekt\u00f6r deneyimlerini \u00f6\u011frencilerle payla\u015ft\u0131. Konu\u015fmas\u0131na kariyerinden ve istihbarat servisinden bahsederek ba\u015flayan Korkut, gazetecili\u011fi \u00e7ok sevdi\u011fini ve bu i\u015fin sevilmeden yap\u0131lamayacak bir i\u015f oldu\u011funu belirtti. \u0130fadelerine istihbarat servisi hakk\u0131nda a\u00e7\u0131klamalarda bulunarak devam eden Korkut, \u201cG\u00fcn\u00fcm\u00fczde uzmanla\u015fma \u00e7o\u011fald\u0131 fakat istihbarat servisi, b\u00fct\u00fcn haberleri takip etmek zorunda olan bir servistir\u201d \u015feklinde konu\u015ftu.<\/p>\n<p><strong>\u201cGazetecilikte Mesaim Bitti Deme \u015eans\u0131m\u0131z Yok\u201d<\/strong><\/p>\n<p>Gazete haberlerinden \u00f6rnekler g\u00f6steren Korkut, \u201cBizim muhabirlerimiz hep sokaktad\u0131r. \u0130yi bir muhabir \u2018Ba\u015f\u0131ma ne gelir\u2019 diye d\u00fc\u015f\u00fcnerek de\u011fil, \u2018En iyi foto\u011fraf\u0131 nas\u0131l \u00e7ekerim\u2019 diye d\u00fc\u015f\u00fcnerek hareket eden muhabirdir\u201d ifadelerini kulland\u0131. \u201cGazetecilikte mesaim bitti deme \u015fans\u0131m\u0131z yok\u201d diyen Korkut, i\u015f devam ediyorsa, sabaha kadar u\u011fra\u015fmak zorunda olundu\u011funu vurgulad\u0131.<\/p>\n<p>Korkut, haberin yap\u0131l\u0131\u015f s\u00fcreci hakk\u0131nda da bilgi verdi. Her sabah b\u00fct\u00fcn gazetelerin ve haberlerin tek tek okunmas\u0131 gerekti\u011fini ve ilanlar\u0131n aras\u0131ndan bile haber \u00e7\u0131kar\u0131labilece\u011fini kaydeden Korkut, \u201cFark yarat\u0131rsan\u0131z, aranan muhabir olursunuz\u201d dedi.<\/p>\n<p><strong>Haber Kayna\u011f\u0131 ile Mesafeli Bir \u0130li\u015fki Kurulmal\u0131<\/strong><\/p>\n<p>G\u00fcndem olu\u015ftururken rutin ve \u00f6zel haberleri de\u011ferlendirdiklerini s\u00f6yleyen Korkut, \u201cToplant\u0131lar\u0131, etkinlikleri, olaylar\u0131 takip ediyoruz. Bunun yan\u0131nda insanlarla mesafeli ili\u015fkilerimizin olmas\u0131 gerekiyor. Haber kayna\u011f\u0131 ile olan mesafeli ili\u015fki her zaman korunmal\u0131\u201d \u015feklinde konu\u015ftu.<\/p>\n<p>A\u00e7\u0131klamalar\u0131na vatanda\u015f gazetecili\u011fini yorumlayarak devam eden Korkut \u015fu ifadeleri kulland\u0131: \u201cG\u00fcn\u00fcm\u00fczde bir olaya gitti\u011fimizde g\u00f6r\u00fcnt\u00fc \u00e7eken var m\u0131 diye bak\u0131yoruz. G\u00f6r\u00fcnt\u00fc olduk\u00e7a \u00f6nemli bir konumda. Farkl\u0131 foto\u011fraf varsa paras\u0131 verilip al\u0131n\u0131yor. Vatanda\u015f gazetecili\u011fi b\u00f6yle bir \u015fey.\u201d<\/p>\n<p>S\u00f6yle\u015fi, Dr. \u00d6\u011fr. \u00dcyesi H\u00fclya Semiz T\u00fcrko\u011flu\u2019nun Korkut\u2019a te\u015fekk\u00fcr belgesi takdim etmesiyle sona erdi. Belge takdiminin ard\u0131ndan Korkut, \u0130letim gazetesini ziyaret etti.<\/p>\n","protected":false},"excerpt":{"rendered":"<p>H\u00fcrriyet Gazetesi \u0130stihbarat M\u00fcd\u00fcr\u00fc Celal Korkut, Dr. \u00d6\u011fr. \u00dcyesi H\u00fclya Semiz T\u00fcrko\u011flu\u2019nun \u0130leti\u015fim Seminerleri dersi kapsam\u0131nda 25 Nisan\u2019da \u0130leti\u015fim Fak\u00fcltesine konuk oldu.<\/p>\n","protected":false},"author":14,"featured_media":10453,"comment_status":"open","ping_status":"open","sticky":false,"template":"","format":"standard","meta":{"jnews-multi-image_gallery":[],"jnews_single_post":[],"jnews_primary_category":[],"jnews_social_meta":[],"jnews_override_counter":[],"footnotes":""},"categories":[25],"tags":[884,885],"class_list":["post-10450","post","type-post","status-publish","format-standard","has-post-thumbnail","hentry","category-egitim","tag-celal-korkut","tag-istihbarat"],"_links":{"self":[{"href":"https:\/\/iletim.istanbul.edu.tr\/index.php\/wp-json\/wp\/v2\/posts\/10450","targetHints":{"allow":["GET"]}}],"collection":[{"href":"https:\/\/iletim.istanbul.edu.tr\/index.php\/wp-json\/wp\/v2\/posts"}],"about":[{"href":"https:\/\/iletim.istanbul.edu.tr\/index.php\/wp-json\/wp\/v2\/types\/post"}],"author":[{"embeddable":true,"href":"https:\/\/iletim.istanbul.edu.tr\/index.php\/wp-json\/wp\/v2\/users\/14"}],"replies":[{"embeddable":true,"href":"https:\/\/iletim.istanbul.edu.tr\/index.php\/wp-json\/wp\/v2\/comments?post=10450"}],"version-history":[{"count":0,"href":"https:\/\/iletim.istanbul.edu.tr\/index.php\/wp-json\/wp\/v2\/posts\/10450\/revisions"}],"wp:featuredmedia":[{"embeddable":true,"href":"https:\/\/iletim.istanbul.edu.tr\/index.php\/wp-json\/wp\/v2\/media\/10453"}],"wp:attachment":[{"href":"https:\/\/iletim.istanbul.edu.tr\/index.php\/wp-json\/wp\/v2\/media?parent=10450"}],"wp:term":[{"taxonomy":"category","embeddable":true,"href":"https:\/\/iletim.istanbul.edu.tr\/index.php\/wp-json\/wp\/v2\/categories?post=10450"},{"taxonomy":"post_tag","embeddable":true,"href":"https:\/\/iletim.istanbul.edu.tr\/index.php\/wp-json\/wp\/v2\/tags?post=10450"}],"curies":[{"name":"wp","href":"https:\/\/api.w.org\/{rel}","templated":true}]}}