{"id":10485,"date":"2019-04-27T17:46:46","date_gmt":"2019-04-27T14:46:46","guid":{"rendered":"https:\/\/iletim.istanbul.edu.tr\/?p=10485"},"modified":"2019-04-27T17:48:13","modified_gmt":"2019-04-27T14:48:13","slug":"iu-ogrencisi-nurdan-kayim-bi-fikir-kap-finalinde-birinci-oldu","status":"publish","type":"post","link":"https:\/\/iletim.istanbul.edu.tr\/index.php\/2019\/04\/27\/iu-ogrencisi-nurdan-kayim-bi-fikir-kap-finalinde-birinci-oldu\/","title":{"rendered":"\u0130\u00dc \u00d6\u011frencisi Nurdan Kay\u0131m, Bi-Fikir KAP Finalinde Birinci Oldu"},"content":{"rendered":"<p>\u0130stanbul \u00dcniversitesi \u0130leti\u015fim Fak\u00fcltesi Halkla \u0130li\u015fkiler ve Tan\u0131t\u0131m B\u00f6l\u00fcm\u00fc doktora \u00f6\u011frencisi Nurdan Kay\u0131m, Anadolu Grubu\u2019nun inovasyon platformu Bi-Fikir kapsam\u0131nda d\u00fczenlenen Bi-Fikir KAP etkinli\u011finde, \u201cAdel Kalemcilik ile \u00c7antamla Sa\u011fl\u0131\u011f\u0131ma Renk Kat\u0131yorum\u201d projesiyle birinci oldu.<\/p>\n<p>Anadolu Grubu&#8217;nun \u00fcniversite \u00f6\u011frencilerinin yenilik\u00e7i projelerini hayata ge\u00e7irme hedefiyle ba\u015flatt\u0131\u011f\u0131 Bi-Fikir KAP&#8217;\u0131n (Kariyerini Anadolu Grubu&#8217;nda Planla) final etkinli\u011fi Anadolu Grubu Genel Merkezi&#8217;nde ger\u00e7ekle\u015ftirildi. 110 \u00fcniversiteden 313 proje \u00f6nerisinin geldi\u011fi etkinlikte, 9 proje finale y\u00fckseldi. \u0130leti\u015fim Fak\u00fcltesi Halkla \u0130li\u015fkiler ve Tan\u0131t\u0131m B\u00f6l\u00fcm\u00fc doktora \u00f6\u011frencisi Nurdan Kay\u0131m, \u201cAdel Kalemcilik ile \u00c7antamla Sa\u011fl\u0131\u011f\u0131ma Renk Kat\u0131yorum\u201d projesiyle birincilik \u00f6d\u00fcl\u00fcn\u00fc kazand\u0131.<\/p>\n<p>Etkinli\u011fin ikincilik \u00f6d\u00fcl\u00fcn\u00fc \u201cAnadolu Isuzu ile Ek Panik Fren Sistemi\u201d projesiyle Berk Alpaslan kazan\u0131rken, \u201cAnadolu Efes ile Tat Tablosu\u201d projesini ger\u00e7ekle\u015ftiren Edip Ali Erdemir ise \u00fc\u00e7\u00fcnc\u00fc oldu. Ba\u015far\u0131l\u0131 projeler s\u0131ras\u0131yla 20 bin, 15 bin ve 10 bin TL ile \u00f6d\u00fcllendirilirken, Anadolu Grubu \u015firketlerinde uygulamaya al\u0131nma hakk\u0131n\u0131 elde etti.<\/p>\n<p>Anadolu Grubu \u00e7al\u0131\u015fanlar\u0131na y\u00f6nelik inovasyon platformu Bi-Fikir kapsam\u0131nda \u00fcniversite \u00f6\u011frencilerinin projeye dahil edilmesiyle hayata ge\u00e7irilen Bi-Fikir KAP&#8217;\u0131n final etkinli\u011fine; Anadolu Grubu y\u00f6netim kurulu ve \u00fcst y\u00f6netim \u00fcyeleri, \u00fcniversite \u00f6\u011frencileri ve mentorlar kat\u0131ld\u0131.<\/p>\n<p><strong>\u201c\u00dcniversite \u00d6\u011frencileri Gelece\u011fin Fikir Mucitleri\u201d<\/strong><\/p>\n<p>Anadolu Grubu \u0130cra Ba\u015fkan\u0131 Hur\u015fit Zorlu, Anadolu Grubu \u00e7al\u0131\u015fanlar\u0131n\u0131n yarat\u0131c\u0131 fikirlerini \u00f6zg\u00fcrce sunabildikleri, fikirleriyle t\u00fcm grup \u015firketlerine katma de\u011fer sa\u011flad\u0131klar\u0131 Bi-Fikir&#8217;i \u00fcniversite \u00f6\u011frencilerine a\u00e7arak \u00f6nemli bir ad\u0131m att\u0131klar\u0131n\u0131 s\u00f6yledi. Zorlu, &#8220;Gen\u00e7lerimizin fikirlerine, projelerine \u00f6nem veriyor, hayallerini ger\u00e7ekle\u015ftirmelerine destek olurken \u00fclkemizin gelece\u011fine de b\u00fcy\u00fck bir katk\u0131da bulunuyoruz. \u00dcniversite \u00f6\u011frencileri gelece\u011fin \u00e7al\u0131\u015fanlar\u0131, gelece\u011fin \u00fcreticileri ve gelece\u011fin en \u00f6nemli fikirlerinin mucitleri olarak her zaman oda\u011f\u0131m\u0131zda. Bi-Fikir ile Anadolu Grubu \u00e7al\u0131\u015fanlar\u0131 taraf\u0131ndan hayata ge\u00e7irilen projelerin g\u00fcc\u00fcyle son 4 y\u0131lda toplam 575 milyon TL&#8217;lik de\u011fer yaratt\u0131k. Bi-Fikir KAP kapsam\u0131nda, gelecekte \u015firketlerimizde \u00f6nemli pozisyonlarda yer alabilecek gen\u00e7lerin program\u0131m\u0131za kataca\u011f\u0131 yeniliklerle bu de\u011ferin katlanarak artaca\u011f\u0131na inan\u0131yorum&#8221; dedi.<\/p>\n","protected":false},"excerpt":{"rendered":"<p>\u0130stanbul \u00dcniversitesi \u0130leti\u015fim Fak\u00fcltesi Halkla \u0130li\u015fkiler ve Tan\u0131t\u0131m B\u00f6l\u00fcm\u00fc doktora \u00f6\u011frencisi Nurdan Kay\u0131m, Anadolu Grubu\u2019nun inovasyon platformu Bi-Fikir kapsam\u0131nda d\u00fczenlenen Bi-Fikir KAP etkinli\u011finde, \u201cAdel Kalemcilik ile \u00c7antamla Sa\u011fl\u0131\u011f\u0131ma Renk Kat\u0131yorum\u201d projesiyle birinci oldu.<\/p>\n","protected":false},"author":14,"featured_media":10486,"comment_status":"open","ping_status":"open","sticky":false,"template":"","format":"standard","meta":{"jnews-multi-image_gallery":[],"jnews_single_post":[],"jnews_primary_category":[],"jnews_social_meta":[],"jnews_override_counter":[],"footnotes":""},"categories":[34],"tags":[887,886,888],"class_list":["post-10485","post","type-post","status-publish","format-standard","has-post-thumbnail","hentry","category-universite","tag-anadolu-grubu","tag-bi-fikir-kap","tag-nurdan-kayim"],"_links":{"self":[{"href":"https:\/\/iletim.istanbul.edu.tr\/index.php\/wp-json\/wp\/v2\/posts\/10485","targetHints":{"allow":["GET"]}}],"collection":[{"href":"https:\/\/iletim.istanbul.edu.tr\/index.php\/wp-json\/wp\/v2\/posts"}],"about":[{"href":"https:\/\/iletim.istanbul.edu.tr\/index.php\/wp-json\/wp\/v2\/types\/post"}],"author":[{"embeddable":true,"href":"https:\/\/iletim.istanbul.edu.tr\/index.php\/wp-json\/wp\/v2\/users\/14"}],"replies":[{"embeddable":true,"href":"https:\/\/iletim.istanbul.edu.tr\/index.php\/wp-json\/wp\/v2\/comments?post=10485"}],"version-history":[{"count":0,"href":"https:\/\/iletim.istanbul.edu.tr\/index.php\/wp-json\/wp\/v2\/posts\/10485\/revisions"}],"wp:featuredmedia":[{"embeddable":true,"href":"https:\/\/iletim.istanbul.edu.tr\/index.php\/wp-json\/wp\/v2\/media\/10486"}],"wp:attachment":[{"href":"https:\/\/iletim.istanbul.edu.tr\/index.php\/wp-json\/wp\/v2\/media?parent=10485"}],"wp:term":[{"taxonomy":"category","embeddable":true,"href":"https:\/\/iletim.istanbul.edu.tr\/index.php\/wp-json\/wp\/v2\/categories?post=10485"},{"taxonomy":"post_tag","embeddable":true,"href":"https:\/\/iletim.istanbul.edu.tr\/index.php\/wp-json\/wp\/v2\/tags?post=10485"}],"curies":[{"name":"wp","href":"https:\/\/api.w.org\/{rel}","templated":true}]}}