{"id":10494,"date":"2019-04-30T12:15:26","date_gmt":"2019-04-30T09:15:26","guid":{"rendered":"https:\/\/iletim.istanbul.edu.tr\/?p=10494"},"modified":"2019-05-24T14:52:27","modified_gmt":"2019-05-24T11:52:27","slug":"mimarlarin-piri-sinan","status":"publish","type":"post","link":"https:\/\/iletim.istanbul.edu.tr\/index.php\/2019\/04\/30\/mimarlarin-piri-sinan\/","title":{"rendered":"Mimarlar\u0131n Piri S\u0130NAN"},"content":{"rendered":"<p><b>Dicle G\u00dcNG\u00d6R, I\u015f\u0131l SIP\u00c7IK<\/b><br \/>\n<strong>Foto\u011fraf: I\u015f\u0131l SIP\u00c7IK<\/strong><\/p>\n<p>Y\u00f6netmenli\u011fini \u0130leti\u015fim Fak\u00fcltesi eski mezunlar\u0131ndan Mesut Genge\u00e7\u2019in, Genel Koordinat\u00f6rl\u00fc\u011f\u00fcn\u00fc B\u00fclent G\u00fcnal\u2019\u0131n yapt\u0131\u011f\u0131 \u201cMimarlar\u0131n Piri Sinan\u201d belgeselinin g\u00f6sterimi \u0130stanbul \u00dcniversitesi \u0130leti\u015fim Fak\u00fcltesi Konferans Salonunda 29 Nisan&#8217;da ger\u00e7ekle\u015ftirildi. Belgesel, Mimar Sinan\u2019\u0131n \u00f6mr\u00fcn\u00fcn son y\u0131llar\u0131nda Sai Mustafa \u00c7elebi\u2019ye yazd\u0131rd\u0131\u011f\u0131, hayat\u0131ndaki \u00f6nemli d\u00f6n\u00fcm noktalar\u0131ndan olu\u015fan \u201cTezkiret-\u00fcl B\u00fcnyan\u201d kitab\u0131ndan yola \u00e7\u0131k\u0131larak haz\u0131rland\u0131.<\/p>\n<p>Belgesel g\u00f6steriminin ard\u0131ndan Radyo Televizyon ve Sinema B\u00f6l\u00fcm\u00fc Dr. \u00d6\u011fr. \u00dcyesi \u00d6zlem Arda moderat\u00f6rl\u00fc\u011f\u00fcnde, Genge\u00e7 ve G\u00fcnal e\u015fli\u011finde s\u00f6yle\u015fi ger\u00e7ekle\u015ftirildi.<\/p>\n<p><strong>\u201cBelgesel Bir Ekip \u0130\u015fidir\u201d<\/strong><\/p>\n<p>Belgeseli adeta bir yapboza benzeten Genge\u00e7, \u201cHerkes bu yapbozda bir par\u00e7ay\u0131 temsil eder. Belgesel tek ki\u015finin s\u0131rtlanaca\u011f\u0131 bir i\u015f de\u011fil, ekip i\u015fidir&#8221; \u015feklinde konu\u015ftu. Genge\u00e7, belgesel projesinin belgelere dayanan bir i\u015f oldu\u011funu ve konuyla ilgili her kayna\u011f\u0131 taramak gerekti\u011fini vurgularken, yap\u0131lan ara\u015ft\u0131rmalar\u0131n belgesel bitene dek s\u00fcrd\u00fcr\u00fclmesi gerekti\u011fine dikkat \u00e7ekti.<\/p>\n<p><strong>&#8220;Mimar Sinan\u2019\u0131 Bir de Kendi A\u011fz\u0131ndan Dinleyelim&#8221;<\/strong><\/p>\n<p>Belgesel konusunda bir farkl\u0131l\u0131k yaratmak istediklerini vurgulayan Genge\u00e7, \u201cBizler Mimar Sinan\u2019\u0131 bir de kendi an\u0131lar\u0131ndan sizlere anlatmak istedik. Mimar Sinan\u2019\u0131 bu yolla kimse anlatmad\u0131. Bizler ger\u00e7eklere dayanarak size do\u011fru olan\u0131 sunmak i\u00e7in bu kitab\u0131 referans ald\u0131k. Hurafelere ve yanl\u0131\u015f bilinenlere yer vermeden sizlere ger\u00e7ekleri aktard\u0131k\u201d dedi.<\/p>\n<p><strong>&#8220;\u0130stanbul, Konu Bulmada Bir Derya Deniz&#8221;<\/strong><\/p>\n<p>Her sokakta ayr\u0131 bir hayat, ayr\u0131 bir hik\u00e2yenin yatt\u0131\u011f\u0131n\u0131 belirten Genge\u00e7, \u201c\u0130stanbul\u2019da soka\u011fa \u00e7\u0131kt\u0131\u011f\u0131m\u0131zda konu bulma s\u0131k\u0131nt\u0131s\u0131 olmas\u0131 imk\u00e2ns\u0131z. Bizim belgesel konumuz da Sultanahmet\u2019te bir kafede otururken tesad\u00fcfen ortaya \u00e7\u0131kt\u0131\u201d diye konu\u015ftu. Belgeselin ilk metni Genge\u00e7 taraf\u0131ndan Sokullu Mehmet Pa\u015fa Cami merdivenlerinde yaz\u0131ld\u0131.<\/p>\n<p>Y\u00f6netmen Mesut Genge\u00e7, \u201cMimar Sinan\u2019\u0131n A\u011farnas\u2019ta ba\u015flay\u0131p \u0130stanbul\u2019da biten hayat\u0131n\u0131, K\u00fclt\u00fcr ve Turizm Bakanl\u0131\u011f\u0131 Sinema Genel M\u00fcd\u00fcrl\u00fc\u011f\u00fcn\u00fcn ve GEN\u00c7DES\u2019in katk\u0131lar\u0131yla gen\u00e7 nesle aktarmak istedik. Gen\u00e7lerimize gelecekleri hakk\u0131nda yol haritas\u0131 \u00e7\u0131karmalar\u0131na yard\u0131mc\u0131 olmas\u0131n\u0131 ama\u00e7lad\u0131k&#8221; ifadelerini kulland\u0131.<\/p>\n<p>Genel Koordinat\u00f6r B\u00fclent G\u00fcnal ise \u015fu \u015fekilde konu\u015ftu: \u201cMimar Sinan, T\u00fcrk ve d\u00fcnya tarihinin en \u00f6nemli mimarlar\u0131n\u0131n ba\u015f\u0131nda geliyor. Yapm\u0131\u015f oldu\u011fu eserlerin b\u00fcy\u00fck bir \u00e7o\u011funlu\u011fu hala ayakta. Osmanl\u0131 gibi b\u00fcy\u00fck bir imparatorlu\u011fun 50 y\u0131l boyunca ba\u015f mimarl\u0131\u011f\u0131n\u0131 yapmak kolay de\u011fil. 400\u2019\u00fc a\u015fk\u0131n eseri var ve bunlar gurur kayna\u011f\u0131 eserler. \u2018Tezkiret-\u00fcl B\u00fcnyan\u2019 kitab\u0131n\u0131 belgeselin omurgas\u0131na koyduk. \u0130stedik ki Mimar Sinan\u2019\u0131 Mimar Sinan anlats\u0131n.\u201d<\/p>\n<p><img decoding=\"async\" class=\" wp-image-10520 aligncenter\" src=\"https:\/\/iletim.istanbul.edu.tr\/wp-content\/uploads\/DSC_8596-300x199.jpg\" alt=\"\" width=\"601\" height=\"399\" srcset=\"https:\/\/iletim.istanbul.edu.tr\/wp-content\/uploads\/DSC_8596-300x199.jpg 300w, https:\/\/iletim.istanbul.edu.tr\/wp-content\/uploads\/DSC_8596-768x510.jpg 768w, https:\/\/iletim.istanbul.edu.tr\/wp-content\/uploads\/DSC_8596-1024x680.jpg 1024w\" sizes=\"(max-width: 601px) 100vw, 601px\" \/><\/p>\n<p>S\u00f6yle\u015finin ard\u0131ndan soru-cevap k\u0131sm\u0131 ile birlikte belgeselle ilgili at\u00f6lye \u00e7al\u0131\u015fmas\u0131 ger\u00e7ekle\u015ftirildi. S\u00f6yle\u015fi, Radyo Televizyon ve Sinema B\u00f6l\u00fcm\u00fc \u00d6\u011fretim \u00dcyesi Do\u00e7. Dr. \u00d6zg\u00fc Yolcu taraf\u0131ndan Genge\u00e7 ve G\u00fcnal\u2019a te\u015fekk\u00fcr belgesi verilmesiyle sona erdi.<\/p>\n<div id='gallery_1' class='gallery galleryid-10494 gallery-columns-3 gallery-size-thumbnail'><figure class='gallery-item'>\n                <div class='gallery-icon landscape'>\n                    <a href='https:\/\/iletim.istanbul.edu.tr\/wp-content\/uploads\/DSC_8520.jpg'><img loading=\"lazy\" decoding=\"async\" width=\"150\" height=\"150\" src=\"\" class=\"attachment-thumbnail size-thumbnail lazyload\" alt=\"\" data-src=\"https:\/\/iletim.istanbul.edu.tr\/wp-content\/uploads\/DSC_8520-150x150.jpg\" data-sizes=\"auto\" data-srcset=\"\" data-expand=\"700\" \/><\/a>\n                <\/div><\/figure><figure class='gallery-item'>\n                <div class='gallery-icon landscape'>\n                    <a href='https:\/\/iletim.istanbul.edu.tr\/wp-content\/uploads\/DSC_8558.jpg'><img loading=\"lazy\" decoding=\"async\" width=\"150\" height=\"150\" src=\"\" class=\"attachment-thumbnail size-thumbnail lazyload\" alt=\"\" data-src=\"https:\/\/iletim.istanbul.edu.tr\/wp-content\/uploads\/DSC_8558-150x150.jpg\" data-sizes=\"auto\" data-srcset=\"\" data-expand=\"700\" \/><\/a>\n                <\/div><\/figure><figure class='gallery-item'>\n                <div class='gallery-icon landscape'>\n                    <a href='https:\/\/iletim.istanbul.edu.tr\/wp-content\/uploads\/DSC_8563.jpg'><img loading=\"lazy\" decoding=\"async\" width=\"150\" height=\"150\" src=\"\" class=\"attachment-thumbnail size-thumbnail lazyload\" alt=\"\" data-src=\"https:\/\/iletim.istanbul.edu.tr\/wp-content\/uploads\/DSC_8563-150x150.jpg\" data-sizes=\"auto\" data-srcset=\"\" data-expand=\"700\" \/><\/a>\n                <\/div><\/figure><br style=\"clear: both\" \/><figure class='gallery-item'>\n                <div class='gallery-icon landscape'>\n                    <a href='https:\/\/iletim.istanbul.edu.tr\/wp-content\/uploads\/DSC_8581.jpg'><img loading=\"lazy\" decoding=\"async\" width=\"150\" height=\"150\" src=\"\" class=\"attachment-thumbnail size-thumbnail lazyload\" alt=\"\" data-src=\"https:\/\/iletim.istanbul.edu.tr\/wp-content\/uploads\/DSC_8581-150x150.jpg\" data-sizes=\"auto\" data-srcset=\"\" data-expand=\"700\" \/><\/a>\n                <\/div><\/figure><figure class='gallery-item'>\n                <div class='gallery-icon landscape'>\n                    <a href='https:\/\/iletim.istanbul.edu.tr\/wp-content\/uploads\/DSC_8588.jpg'><img loading=\"lazy\" decoding=\"async\" width=\"150\" height=\"150\" src=\"\" class=\"attachment-thumbnail size-thumbnail lazyload\" alt=\"\" data-src=\"https:\/\/iletim.istanbul.edu.tr\/wp-content\/uploads\/DSC_8588-150x150.jpg\" data-sizes=\"auto\" data-srcset=\"\" data-expand=\"700\" \/><\/a>\n                <\/div><\/figure><figure class='gallery-item'>\n                <div class='gallery-icon landscape'>\n                    <a href='https:\/\/iletim.istanbul.edu.tr\/wp-content\/uploads\/DSC_8592.jpg'><img loading=\"lazy\" decoding=\"async\" width=\"150\" height=\"150\" src=\"\" class=\"attachment-thumbnail size-thumbnail lazyload\" alt=\"\" data-src=\"https:\/\/iletim.istanbul.edu.tr\/wp-content\/uploads\/DSC_8592-150x150.jpg\" data-sizes=\"auto\" data-srcset=\"\" data-expand=\"700\" \/><\/a>\n                <\/div><\/figure><br style=\"clear: both\" \/><figure class='gallery-item'>\n                <div class='gallery-icon landscape'>\n                    <a href='https:\/\/iletim.istanbul.edu.tr\/wp-content\/uploads\/DSC_8594.jpg'><img loading=\"lazy\" decoding=\"async\" width=\"150\" height=\"150\" src=\"\" class=\"attachment-thumbnail size-thumbnail lazyload\" alt=\"\" data-src=\"https:\/\/iletim.istanbul.edu.tr\/wp-content\/uploads\/DSC_8594-150x150.jpg\" data-sizes=\"auto\" data-srcset=\"\" data-expand=\"700\" \/><\/a>\n                <\/div><\/figure><figure class='gallery-item'>\n                <div class='gallery-icon landscape'>\n                    <a href='https:\/\/iletim.istanbul.edu.tr\/wp-content\/uploads\/DSC_8596.jpg'><img loading=\"lazy\" decoding=\"async\" width=\"150\" height=\"150\" src=\"\" class=\"attachment-thumbnail size-thumbnail lazyload\" alt=\"\" data-src=\"https:\/\/iletim.istanbul.edu.tr\/wp-content\/uploads\/DSC_8596-150x150.jpg\" data-sizes=\"auto\" data-srcset=\"\" data-expand=\"700\" \/><\/a>\n                <\/div><\/figure><figure class='gallery-item'>\n                <div class='gallery-icon landscape'>\n                    <a href='https:\/\/iletim.istanbul.edu.tr\/wp-content\/uploads\/DSC_8558-1.jpg'><img loading=\"lazy\" decoding=\"async\" width=\"150\" height=\"150\" src=\"\" class=\"attachment-thumbnail size-thumbnail lazyload\" alt=\"\" data-src=\"https:\/\/iletim.istanbul.edu.tr\/wp-content\/uploads\/DSC_8558-1-150x150.jpg\" data-sizes=\"auto\" data-srcset=\"\" data-expand=\"700\" \/><\/a>\n                <\/div><\/figure><br style=\"clear: both\" \/>\n            <\/div>\n\n","protected":false},"excerpt":{"rendered":"<p>Y\u00f6netmenli\u011fini \u0130leti\u015fim Fak\u00fcltesi eski mezunlar\u0131ndan Mesut Genge\u00e7\u2019in, Genel Koordinat\u00f6rl\u00fc\u011f\u00fcn\u00fc B\u00fclent G\u00fcnal\u2019\u0131n yapt\u0131\u011f\u0131 \u201cMimarlar\u0131n Piri Sinan\u201d belgeselinin g\u00f6sterimi \u0130stanbul \u00dcniversitesi \u0130leti\u015fim Fak\u00fcltesi Konferans Salonunda 29 Nisan&#8217;da ger\u00e7ekle\u015ftirildi. <\/p>\n","protected":false},"author":14,"featured_media":10522,"comment_status":"open","ping_status":"open","sticky":false,"template":"","format":"standard","meta":{"jnews-multi-image_gallery":[],"jnews_single_post":[],"jnews_primary_category":[],"jnews_social_meta":[],"jnews_override_counter":[],"footnotes":""},"categories":[178,30],"tags":[890,52,889,891],"class_list":["post-10494","post","type-post","status-publish","format-standard","has-post-thumbnail","hentry","category-fakultemizden","category-kultur-sanat","tag-bulent-gunal","tag-iu-iletisim-fakultesi","tag-mesut-gengec","tag-mimar-sinan"],"_links":{"self":[{"href":"https:\/\/iletim.istanbul.edu.tr\/index.php\/wp-json\/wp\/v2\/posts\/10494","targetHints":{"allow":["GET"]}}],"collection":[{"href":"https:\/\/iletim.istanbul.edu.tr\/index.php\/wp-json\/wp\/v2\/posts"}],"about":[{"href":"https:\/\/iletim.istanbul.edu.tr\/index.php\/wp-json\/wp\/v2\/types\/post"}],"author":[{"embeddable":true,"href":"https:\/\/iletim.istanbul.edu.tr\/index.php\/wp-json\/wp\/v2\/users\/14"}],"replies":[{"embeddable":true,"href":"https:\/\/iletim.istanbul.edu.tr\/index.php\/wp-json\/wp\/v2\/comments?post=10494"}],"version-history":[{"count":0,"href":"https:\/\/iletim.istanbul.edu.tr\/index.php\/wp-json\/wp\/v2\/posts\/10494\/revisions"}],"wp:featuredmedia":[{"embeddable":true,"href":"https:\/\/iletim.istanbul.edu.tr\/index.php\/wp-json\/wp\/v2\/media\/10522"}],"wp:attachment":[{"href":"https:\/\/iletim.istanbul.edu.tr\/index.php\/wp-json\/wp\/v2\/media?parent=10494"}],"wp:term":[{"taxonomy":"category","embeddable":true,"href":"https:\/\/iletim.istanbul.edu.tr\/index.php\/wp-json\/wp\/v2\/categories?post=10494"},{"taxonomy":"post_tag","embeddable":true,"href":"https:\/\/iletim.istanbul.edu.tr\/index.php\/wp-json\/wp\/v2\/tags?post=10494"}],"curies":[{"name":"wp","href":"https:\/\/api.w.org\/{rel}","templated":true}]}}