{"id":10526,"date":"2019-05-03T12:43:28","date_gmt":"2019-05-03T09:43:28","guid":{"rendered":"https:\/\/iletim.istanbul.edu.tr\/?p=10526"},"modified":"2019-05-03T14:42:46","modified_gmt":"2019-05-03T11:42:46","slug":"annemin-sinemalari-belgesel-gosterimi-yapildi","status":"publish","type":"post","link":"https:\/\/iletim.istanbul.edu.tr\/index.php\/2019\/05\/03\/annemin-sinemalari-belgesel-gosterimi-yapildi\/","title":{"rendered":"Annemin Sinemalar\u0131 Belgesel G\u00f6sterimi Yap\u0131ld\u0131"},"content":{"rendered":"<p><strong>Dicle G\u00dcNG\u00d6R<\/strong><\/p>\n<p>\u0130\u00dc \u0130leti\u015fim Fak\u00fcltesi Konferans Salonunda\u00a0 \u201cAnnemin Sinemalar\u0131\u201d adl\u0131 belgesel filmi g\u00f6sterimi ger\u00e7ekle\u015fti. Belgesel g\u00f6steriminin ard\u0131ndan Radyo Televizyon ve Sinema B\u00f6l\u00fcm\u00fc \u00d6\u011fretim \u00dcyesi Do\u00e7. Dr. \u00d6zg\u00fc Yolcu moderat\u00f6rl\u00fc\u011f\u00fcnde, belgesel filminin y\u00f6netmeni Cansel Karaca ile birlikte s\u00f6yle\u015fi ger\u00e7ekle\u015ftirildi.<\/p>\n<p>Karaca s\u00f6yle\u015fiye belgesel filminin \u00e7\u0131k\u0131\u015f noktas\u0131n\u0131 ve ard\u0131ndan geli\u015fen s\u00fcre\u00e7leri anlatarak ba\u015flad\u0131.<\/p>\n<p><img decoding=\"async\" class=\"wp-image-10528 aligncenter\" src=\"https:\/\/iletim.istanbul.edu.tr\/wp-content\/uploads\/DSC0093-4-300x199.jpg\" alt=\"\" width=\"675\" height=\"448\" srcset=\"https:\/\/iletim.istanbul.edu.tr\/wp-content\/uploads\/DSC0093-4-300x199.jpg 300w, https:\/\/iletim.istanbul.edu.tr\/wp-content\/uploads\/DSC0093-4-768x510.jpg 768w, https:\/\/iletim.istanbul.edu.tr\/wp-content\/uploads\/DSC0093-4-1024x680.jpg 1024w\" sizes=\"(max-width: 675px) 100vw, 675px\" \/><\/p>\n<p><strong>Annemin Hikayelerinden Yola \u00c7\u0131kt\u0131m<\/strong><\/p>\n<p>S\u00f6zlerine, \u201cNe zaman anneme sinemaya gidelim desem hep kendi d\u00f6nemindeki a\u00e7\u0131k hava sinemalar\u0131ndan, filmi izlemek i\u00e7in gelen kalabal\u0131ktan bahsederdi. Bende bu hikayeleri dinledik\u00e7e, annemin olaya duygusal yakla\u015ft\u0131\u011f\u0131n\u0131 d\u00fc\u015f\u00fcn\u00fcrd\u00fcm\u201d \u015feklinde ba\u015flayan Karaca hikayeleri ara\u015ft\u0131rmaya ba\u015flad\u0131k\u00e7a sineman\u0131n, hem \u00a0o d\u00f6nemin insanlar\u0131 hem de Ye\u015fil\u00e7am sinemas\u0131 i\u00e7in ne kadar \u00f6nemli oldu\u011funu fark edince bu konuda bir belgesel \u00e7ekmeye karar verdi\u011fini, \u00e7\u0131k\u0131\u015f noktas\u0131n\u0131n bu oldu\u011funu s\u00f6yledi. Karaca, \u201cHikayelerin zamanla yok olup gitmemesi ad\u0131na deli cesaretiyle belgesele giri\u015fmek ad\u0131na kollar\u0131 s\u0131vad\u0131m\u201d diyerek s\u00f6zlerine devam etti.<\/p>\n<p>Karaca ayn\u0131 zamanda art\u0131k teknolojinin\u00a0 ilerlemesiyle birlikte insanlar\u0131n art\u0131k evlerine kapand\u0131\u011f\u0131n\u0131, her t\u00fcrl\u00fc film ve diziyle kolayl\u0131kla ula\u015fabildi\u011fini eskisi gibi a\u00e7\u0131k hava sinemalar\u0131n\u0131n kalmad\u0131\u011f\u0131n\u0131 s\u00f6zlerine ekledi. Belgeselin bir di\u011fer \u00e7\u0131k\u0131\u015f noktas\u0131n\u0131n da bu d\u00fc\u015f\u00fcnceden yola \u00e7\u0131karak nostaljiyi yeniden ya\u015fatmak oldu\u011funu belirtti.<\/p>\n<p><img decoding=\"async\" class=\"wp-image-10527 aligncenter\" src=\"https:\/\/iletim.istanbul.edu.tr\/wp-content\/uploads\/DSC0085-3-300x167.jpg\" alt=\"\" width=\"675\" height=\"376\" srcset=\"https:\/\/iletim.istanbul.edu.tr\/wp-content\/uploads\/DSC0085-3-300x167.jpg 300w, https:\/\/iletim.istanbul.edu.tr\/wp-content\/uploads\/DSC0085-3-768x427.jpg 768w, https:\/\/iletim.istanbul.edu.tr\/wp-content\/uploads\/DSC0085-3-1024x569.jpg 1024w\" sizes=\"(max-width: 675px) 100vw, 675px\" \/><\/p>\n<p><strong>\u00a0<\/strong><strong>\u0130lk Belgesel Deneyimi <\/strong><\/p>\n<p>Aslen Sanat Tarihi b\u00f6l\u00fcm\u00fc mezunu olan, y\u00fcksek lisans\u0131n\u0131 Sinema \u00fczerine yapan Karaca, &#8220;Annemin Sinemalar\u0131&#8221; adl\u0131 belgeselin kendisinin ilk belgesel deneyimi oldu\u011funu s\u00f6yledi. Belgesel filmi \u00e7ekme konusunda hi\u00e7bir birikimi ve teknik bilgisi olmad\u0131\u011f\u0131n\u0131 ama buna ra\u011fmen pes etmedi\u011fini belirtti. Belgesel filmi \u00e7ekmek isteyen \u00f6\u011frencilere \u00f6nemli olan\u0131n istek oldu\u011funu ve istek u\u011frunda asla pes etmemeleri gerekti\u011fi tavsiyelerini verdi. \u201cFikrinizi geli\u015ftirdi\u011finiz an bir an \u00f6nce kollar\u0131 s\u0131vay\u0131n ve kay\u0131t almaya ba\u015flay\u0131n\u201d diyerek zaman kavram\u0131n\u0131n belgesel \u00e7ekme konusundaki \u00f6nemine vurgu yapt\u0131.<\/p>\n<p><strong>E\u011fitim \u0130\u00e7in Olgunla\u015fmay\u0131 Bekleme Taraftar\u0131 De\u011filim<\/strong><\/p>\n<p>Karaca, kendisine g\u00f6re duygu ve i\u00e7eri\u011fin belgeselin tekni\u011finden daha \u00f6nemli oldu\u011funu, baz\u0131 noktalarda ise deneyimden ziyade belgesel amac\u0131n\u0131n daha gerekli oldu\u011funun s\u00f6yledi. \u201cBen e\u011fitim i\u00e7in olgunla\u015fmay\u0131 bekleme taraftar\u0131 de\u011filim. \u0130nsan eline kameray\u0131 al\u0131p \u00e7ekmeli. Hem bu \u015fekilde kendinizi denemi\u015f olursunuz.\u201d diyerek kendisinin de bu \u015fekilde yapt\u0131\u011f\u0131n\u0131, hatalar\u0131n\u0131 g\u00f6rerek ve \u00f6\u011frenerek bir sonraki belgeselinde tekrarlamayaca\u011f\u0131n\u0131 dile getirdi.<\/p>\n<p><img decoding=\"async\" class=\"wp-image-10531 aligncenter\" src=\"https:\/\/iletim.istanbul.edu.tr\/wp-content\/uploads\/DSC0116-6-300x199.jpg\" alt=\"\" width=\"675\" height=\"448\" srcset=\"https:\/\/iletim.istanbul.edu.tr\/wp-content\/uploads\/DSC0116-6-300x199.jpg 300w, https:\/\/iletim.istanbul.edu.tr\/wp-content\/uploads\/DSC0116-6-768x510.jpg 768w, https:\/\/iletim.istanbul.edu.tr\/wp-content\/uploads\/DSC0116-6-1024x680.jpg 1024w\" sizes=\"(max-width: 675px) 100vw, 675px\" \/><\/p>\n<p>S\u00f6yle\u015finin ard\u0131ndan \u00f6\u011frencilerin sorular\u0131n\u0131 cevaplayan Cansel Karaca\u2019ya Do\u00e7. Dr. \u00d6zg\u00fc Yolcu taraf\u0131ndan te\u015fekk\u00fcr belgesi verildi.<\/p>\n<div id='gallery_1' class='gallery galleryid-10526 gallery-columns-3 gallery-size-thumbnail'><figure class='gallery-item'>\n                <div class='gallery-icon landscape'>\n                    <a href='https:\/\/iletim.istanbul.edu.tr\/wp-content\/uploads\/DSC0101-2.jpg'><img loading=\"lazy\" decoding=\"async\" width=\"150\" height=\"150\" src=\"\" class=\"attachment-thumbnail size-thumbnail lazyload\" alt=\"\" data-src=\"https:\/\/iletim.istanbul.edu.tr\/wp-content\/uploads\/DSC0101-2-150x150.jpg\" data-sizes=\"auto\" data-srcset=\"\" data-expand=\"700\" \/><\/a>\n                <\/div><\/figure><figure class='gallery-item'>\n                <div class='gallery-icon landscape'>\n                    <a href='https:\/\/iletim.istanbul.edu.tr\/wp-content\/uploads\/DSC0118-5.jpg'><img loading=\"lazy\" decoding=\"async\" width=\"150\" height=\"150\" src=\"\" class=\"attachment-thumbnail size-thumbnail lazyload\" alt=\"\" data-src=\"https:\/\/iletim.istanbul.edu.tr\/wp-content\/uploads\/DSC0118-5-150x150.jpg\" data-sizes=\"auto\" data-srcset=\"\" data-expand=\"700\" \/><\/a>\n                <\/div><\/figure><figure class='gallery-item'>\n                <div class='gallery-icon landscape'>\n                    <a href='https:\/\/iletim.istanbul.edu.tr\/wp-content\/uploads\/DSC0116-6.jpg'><img loading=\"lazy\" decoding=\"async\" width=\"150\" height=\"150\" src=\"\" class=\"attachment-thumbnail size-thumbnail lazyload\" alt=\"\" data-src=\"https:\/\/iletim.istanbul.edu.tr\/wp-content\/uploads\/DSC0116-6-150x150.jpg\" data-sizes=\"auto\" data-srcset=\"\" data-expand=\"700\" \/><\/a>\n                <\/div><\/figure><br style=\"clear: both\" \/><figure class='gallery-item'>\n                <div class='gallery-icon landscape'>\n                    <a href='https:\/\/iletim.istanbul.edu.tr\/wp-content\/uploads\/DSC0113.jpg'><img loading=\"lazy\" decoding=\"async\" width=\"150\" height=\"150\" src=\"\" class=\"attachment-thumbnail size-thumbnail lazyload\" alt=\"\" data-src=\"https:\/\/iletim.istanbul.edu.tr\/wp-content\/uploads\/DSC0113-150x150.jpg\" data-sizes=\"auto\" data-srcset=\"\" data-expand=\"700\" \/><\/a>\n                <\/div><\/figure><figure class='gallery-item'>\n                <div class='gallery-icon landscape'>\n                    <a href='https:\/\/iletim.istanbul.edu.tr\/wp-content\/uploads\/DSC0093-4.jpg'><img loading=\"lazy\" decoding=\"async\" width=\"150\" height=\"150\" src=\"\" class=\"attachment-thumbnail size-thumbnail lazyload\" alt=\"\" data-src=\"https:\/\/iletim.istanbul.edu.tr\/wp-content\/uploads\/DSC0093-4-150x150.jpg\" data-sizes=\"auto\" data-srcset=\"\" data-expand=\"700\" \/><\/a>\n                <\/div><\/figure><figure class='gallery-item'>\n                <div class='gallery-icon landscape'>\n                    <a href='https:\/\/iletim.istanbul.edu.tr\/wp-content\/uploads\/DSC0085-3.jpg'><img loading=\"lazy\" decoding=\"async\" width=\"150\" height=\"150\" src=\"\" class=\"attachment-thumbnail size-thumbnail lazyload\" alt=\"\" data-src=\"https:\/\/iletim.istanbul.edu.tr\/wp-content\/uploads\/DSC0085-3-150x150.jpg\" data-sizes=\"auto\" data-srcset=\"\" data-expand=\"700\" \/><\/a>\n                <\/div><\/figure><br style=\"clear: both\" \/>\n            <\/div>\n\n","protected":false},"excerpt":{"rendered":"<p>\u0130\u00dc \u0130leti\u015fim Fak\u00fcltesi Konferans Salonunda d\u00fczenlenen \u201cAnnemin Sinemalar\u0131\u201d adl\u0131 belgesel filmi g\u00f6sterimi ger\u00e7ekle\u015fti. Belgesel g\u00f6steriminin ard\u0131ndan Radyo Televizyon ve Sinema B\u00f6l\u00fcm\u00fc \u00d6\u011fretim \u00dcyesi Do\u00e7. Dr. \u00d6zg\u00fc Yolcu moderat\u00f6rl\u00fc\u011f\u00fcnde, belgesel filminin y\u00f6netmeni Cansel Karacan ile birlikte s\u00f6yle\u015fi ger\u00e7ekle\u015ftirildi.<\/p>\n","protected":false},"author":14,"featured_media":10529,"comment_status":"open","ping_status":"open","sticky":false,"template":"","format":"standard","meta":{"jnews-multi-image_gallery":[],"jnews_single_post":[],"jnews_primary_category":[],"jnews_social_meta":[],"jnews_override_counter":[],"footnotes":""},"categories":[178,30],"tags":[892,893,52],"class_list":["post-10526","post","type-post","status-publish","format-standard","has-post-thumbnail","hentry","category-fakultemizden","category-kultur-sanat","tag-annemin-sinemalari","tag-cansel-karaca","tag-iu-iletisim-fakultesi"],"_links":{"self":[{"href":"https:\/\/iletim.istanbul.edu.tr\/index.php\/wp-json\/wp\/v2\/posts\/10526","targetHints":{"allow":["GET"]}}],"collection":[{"href":"https:\/\/iletim.istanbul.edu.tr\/index.php\/wp-json\/wp\/v2\/posts"}],"about":[{"href":"https:\/\/iletim.istanbul.edu.tr\/index.php\/wp-json\/wp\/v2\/types\/post"}],"author":[{"embeddable":true,"href":"https:\/\/iletim.istanbul.edu.tr\/index.php\/wp-json\/wp\/v2\/users\/14"}],"replies":[{"embeddable":true,"href":"https:\/\/iletim.istanbul.edu.tr\/index.php\/wp-json\/wp\/v2\/comments?post=10526"}],"version-history":[{"count":0,"href":"https:\/\/iletim.istanbul.edu.tr\/index.php\/wp-json\/wp\/v2\/posts\/10526\/revisions"}],"wp:featuredmedia":[{"embeddable":true,"href":"https:\/\/iletim.istanbul.edu.tr\/index.php\/wp-json\/wp\/v2\/media\/10529"}],"wp:attachment":[{"href":"https:\/\/iletim.istanbul.edu.tr\/index.php\/wp-json\/wp\/v2\/media?parent=10526"}],"wp:term":[{"taxonomy":"category","embeddable":true,"href":"https:\/\/iletim.istanbul.edu.tr\/index.php\/wp-json\/wp\/v2\/categories?post=10526"},{"taxonomy":"post_tag","embeddable":true,"href":"https:\/\/iletim.istanbul.edu.tr\/index.php\/wp-json\/wp\/v2\/tags?post=10526"}],"curies":[{"name":"wp","href":"https:\/\/api.w.org\/{rel}","templated":true}]}}