{"id":10702,"date":"2019-05-08T15:59:31","date_gmt":"2019-05-08T12:59:31","guid":{"rendered":"https:\/\/iletim.istanbul.edu.tr\/?p=10702"},"modified":"2019-05-08T16:38:51","modified_gmt":"2019-05-08T13:38:51","slug":"spor-basini-dijital-platformlara-kayiyor","status":"publish","type":"post","link":"https:\/\/iletim.istanbul.edu.tr\/index.php\/2019\/05\/08\/spor-basini-dijital-platformlara-kayiyor\/","title":{"rendered":"Spor Bas\u0131n\u0131 Dijital Platformlara Kay\u0131yor"},"content":{"rendered":"<p><strong>S\u00fcmeyye YA\u011eCI<\/strong><br \/>\n<strong>Foto\u011fraf : Halil SA\u00c7<\/strong><\/p>\n<p>Gazeteci, spor yorumcusu, Fenerbah\u00e7e Medya ve \u0130leti\u015fim Koordinat\u00f6r\u00fc Can Gebeta\u015f ve gazeteci Necati Mete, Prof. Dr. G\u00fcven B\u00fcy\u00fckbaykal\u2019\u0131n Spor Bas\u0131n\u0131 dersi kapsam\u0131nda 8 May\u0131s&#8217;ta \u0130leti\u015fim Fak\u00fcltesi\u2019ne konuk oldu. Ders kapsam\u0131nda futbol end\u00fcstrisi ve sorunlar\u0131, T\u00fcrk futbolunun g\u00fcncel durumu ve spor medyas\u0131 konular\u0131na de\u011finildi.<\/p>\n<p><strong>Sporu \u0130leriye Ta\u015f\u0131may\u0131 Ama\u00e7lamal\u0131s\u0131n\u0131z<\/strong><\/p>\n<p>Spor gazetecili\u011fi alan\u0131n\u0131n \u00f6nemli noktalar\u0131n\u0131 vurgulayan Gebeta\u015f , \u201cSpor gazeteci\u011fine daha kapsaml\u0131 ve iyi bakmak gerekiyor. Sekt\u00f6rde zaman i\u00e7inde bir\u00e7ok de\u011fi\u015fim ya\u015fan\u0131yor. Bu alanda sadece haberin yay\u0131lmas\u0131, okunmas\u0131 ve be\u011feni almas\u0131 yetmez. G\u00fcn\u00fcm\u00fczde sekt\u00f6r 6N1K kural\u0131na ba\u011fl\u0131 kalmay\u0131 de\u011fil dijital platformlarda varl\u0131k g\u00f6stermeyi ama\u00e7l\u0131yor\u201c ifadelerine yer verdi. Sekt\u00f6re y\u00f6nelik tavsiyeler veren Gebeta\u015f, \u201cKlasik haber \u00fcretme metotlar\u0131n\u0131 kullanarak ve ana ak\u0131m medyan\u0131n pe\u015finden giderek ba\u015far\u0131l\u0131 olamazs\u0131n\u0131z. \u0130leri g\u00f6r\u00fc\u015fl\u00fc, ele\u015ftirel olmal\u0131s\u0131n\u0131z. Sporu ileriye ta\u015f\u0131may\u0131 ama\u00e7lamal\u0131s\u0131n\u0131z\u201c dedi.<\/p>\n<p>Gebeta\u015f, \u00f6\u011frencilerden gelen sorular \u00fczerinden Fenerbah\u00e7e Spor Kul\u00fcb\u00fc Ba\u015fkan\u0131 Ali Ko\u00e7 hakk\u0131nda\u00a0\u00a0\u00a0\u00a0\u00a0\u00a0 \u201cFutbol sekt\u00f6r\u00fcn\u00fc, Fenerbah\u00e7e\u2019yi ve g\u00fcndemi iyi takip eden taraftarlar var. Onlar Ali Bey\u2019i ve Fener Ol kampanyam\u0131z\u0131 destekliyorlar. Ali Bey y\u00f6neticilik se\u00e7imindeki s\u00f6ylemlerinin pe\u015finden gidiyor. Bu s\u00f6ylemlerin i\u00e7inde Fener Ol projesi, kul\u00fcbe ki\u015fisel olarak ve camiadan hibe sa\u011flamak, gen\u00e7 yeteneklere f\u0131rsat vermek bulunuyordu. Buradan onun s\u00f6ylem ve eylemlerinde tutarl\u0131 oldu\u011funu anl\u0131yoruz\u201c ifadelerini kulland\u0131. S\u00f6zlerine son olarak ise Fener Ol projesinin daha fazla sahiplenilmeye ve katk\u0131ya ihtiyac\u0131 oldu\u011funu ekledi.<\/p>\n<p><strong>Futbolda Nefret S\u00f6yleminin Ekonomiye Etkisi<\/strong><\/p>\n<p>Futbolda nefret s\u00f6ylemi olgusuna de\u011finen Necati Mete, \u201cNefret s\u00f6ylemi olgusu daima toplumlar\u0131n yap\u0131lar\u0131nda var olmu\u015ftur. Futbol ise bu yap\u0131n\u0131n yeniden \u00fcretildi\u011fi ortamlardan biri. Medya bu durumu g\u00fcn\u00fc kurtarma politikas\u0131 olarak kullan\u0131yor. Bu gidi\u015fat\u0131n medya ve spor sekt\u00f6r\u00fcne kar\u015f\u0131l\u0131kl\u0131 olarak avantaj ve dezavantajlar\u0131 yans\u0131maktad\u0131r\u201c diyerek g\u00fcn\u00fcm\u00fczde futbolda bu sistemin art\u0131k ba\u015far\u0131y\u0131 beraberinde getirmedi\u011fini ve futbol ekonomisine zarar vermeye ba\u015flad\u0131\u011f\u0131n\u0131 belirtti.<\/p>\n<p>Dersin sonunda Prof. Dr. B\u00fcy\u00fckbaykal taraf\u0131ndan konuklara te\u015fekk\u00fcr belgesi verildi. Ders toplu foto\u011fraf \u00e7ekimi ile sona erdi.<\/p>\n<div id='gallery_1' class='gallery galleryid-10702 gallery-columns-3 gallery-size-thumbnail'><figure class='gallery-item'>\n                <div class='gallery-icon landscape'>\n                    <a href='https:\/\/iletim.istanbul.edu.tr\/wp-content\/uploads\/DSC_0177.jpg'><img loading=\"lazy\" decoding=\"async\" width=\"150\" height=\"150\" src=\"\" class=\"attachment-thumbnail size-thumbnail lazyload\" alt=\"\" data-src=\"https:\/\/iletim.istanbul.edu.tr\/wp-content\/uploads\/DSC_0177-150x150.jpg\" data-sizes=\"auto\" data-srcset=\"\" data-expand=\"700\" \/><\/a>\n                <\/div><\/figure><figure class='gallery-item'>\n                <div class='gallery-icon landscape'>\n                    <a href='https:\/\/iletim.istanbul.edu.tr\/wp-content\/uploads\/DSC_0182-2.jpg'><img loading=\"lazy\" decoding=\"async\" width=\"150\" height=\"150\" src=\"\" class=\"attachment-thumbnail size-thumbnail lazyload\" alt=\"\" data-src=\"https:\/\/iletim.istanbul.edu.tr\/wp-content\/uploads\/DSC_0182-2-150x150.jpg\" data-sizes=\"auto\" data-srcset=\"\" data-expand=\"700\" \/><\/a>\n                <\/div><\/figure><figure class='gallery-item'>\n                <div class='gallery-icon landscape'>\n                    <a href='https:\/\/iletim.istanbul.edu.tr\/wp-content\/uploads\/DSC_0191-1.jpg'><img loading=\"lazy\" decoding=\"async\" width=\"150\" height=\"150\" src=\"\" class=\"attachment-thumbnail size-thumbnail lazyload\" alt=\"\" data-src=\"https:\/\/iletim.istanbul.edu.tr\/wp-content\/uploads\/DSC_0191-1-150x150.jpg\" data-sizes=\"auto\" data-srcset=\"\" data-expand=\"700\" \/><\/a>\n                <\/div><\/figure><br style=\"clear: both\" \/><figure class='gallery-item'>\n                <div class='gallery-icon landscape'>\n                    <a href='https:\/\/iletim.istanbul.edu.tr\/wp-content\/uploads\/DSC_0198.jpg'><img loading=\"lazy\" decoding=\"async\" width=\"150\" height=\"150\" src=\"\" class=\"attachment-thumbnail size-thumbnail lazyload\" alt=\"\" data-src=\"https:\/\/iletim.istanbul.edu.tr\/wp-content\/uploads\/DSC_0198-150x150.jpg\" data-sizes=\"auto\" data-srcset=\"\" data-expand=\"700\" \/><\/a>\n                <\/div><\/figure><figure class='gallery-item'>\n                <div class='gallery-icon landscape'>\n                    <a href='https:\/\/iletim.istanbul.edu.tr\/wp-content\/uploads\/DSC_0205-1.jpg'><img loading=\"lazy\" decoding=\"async\" width=\"150\" height=\"150\" src=\"\" class=\"attachment-thumbnail size-thumbnail lazyload\" alt=\"\" data-src=\"https:\/\/iletim.istanbul.edu.tr\/wp-content\/uploads\/DSC_0205-1-150x150.jpg\" data-sizes=\"auto\" data-srcset=\"\" data-expand=\"700\" \/><\/a>\n                <\/div><\/figure><figure class='gallery-item'>\n                <div class='gallery-icon landscape'>\n                    <a href='https:\/\/iletim.istanbul.edu.tr\/wp-content\/uploads\/DSC_0203-2.jpg'><img loading=\"lazy\" decoding=\"async\" width=\"150\" height=\"150\" src=\"\" class=\"attachment-thumbnail size-thumbnail lazyload\" alt=\"\" data-src=\"https:\/\/iletim.istanbul.edu.tr\/wp-content\/uploads\/DSC_0203-2-150x150.jpg\" data-sizes=\"auto\" data-srcset=\"\" data-expand=\"700\" \/><\/a>\n                <\/div><\/figure><br style=\"clear: both\" \/>\n            <\/div>\n\n","protected":false},"excerpt":{"rendered":"<p>Gazeteci, spor yorumcusu, Fenerbah\u00e7e Medya ve \u0130leti\u015fim Koordinat\u00f6r\u00fc Can Gebeta\u015f ve gazeteci Necati Mete, Prof. Dr. G\u00fcven B\u00fcy\u00fckbaykal\u2019\u0131n Spor Bas\u0131n\u0131 dersi kapsam\u0131nda \u0130leti\u015fim Fak\u00fcltesi\u2019ne konuk oldu. Ders kapsam\u0131nda futbol end\u00fcstrisi ve sorunlar\u0131, T\u00fcrk futbolunun g\u00fcncel durumu ve spor medyas\u0131 konular\u0131na de\u011finildi.<\/p>\n","protected":false},"author":14,"featured_media":10714,"comment_status":"open","ping_status":"open","sticky":false,"template":"","format":"standard","meta":{"jnews-multi-image_gallery":[],"jnews_single_post":[],"jnews_primary_category":[],"jnews_social_meta":[],"jnews_override_counter":[],"footnotes":""},"categories":[178],"tags":[440,439],"class_list":["post-10702","post","type-post","status-publish","format-standard","has-post-thumbnail","hentry","category-fakultemizden","tag-futbol","tag-spor"],"_links":{"self":[{"href":"https:\/\/iletim.istanbul.edu.tr\/index.php\/wp-json\/wp\/v2\/posts\/10702","targetHints":{"allow":["GET"]}}],"collection":[{"href":"https:\/\/iletim.istanbul.edu.tr\/index.php\/wp-json\/wp\/v2\/posts"}],"about":[{"href":"https:\/\/iletim.istanbul.edu.tr\/index.php\/wp-json\/wp\/v2\/types\/post"}],"author":[{"embeddable":true,"href":"https:\/\/iletim.istanbul.edu.tr\/index.php\/wp-json\/wp\/v2\/users\/14"}],"replies":[{"embeddable":true,"href":"https:\/\/iletim.istanbul.edu.tr\/index.php\/wp-json\/wp\/v2\/comments?post=10702"}],"version-history":[{"count":0,"href":"https:\/\/iletim.istanbul.edu.tr\/index.php\/wp-json\/wp\/v2\/posts\/10702\/revisions"}],"wp:featuredmedia":[{"embeddable":true,"href":"https:\/\/iletim.istanbul.edu.tr\/index.php\/wp-json\/wp\/v2\/media\/10714"}],"wp:attachment":[{"href":"https:\/\/iletim.istanbul.edu.tr\/index.php\/wp-json\/wp\/v2\/media?parent=10702"}],"wp:term":[{"taxonomy":"category","embeddable":true,"href":"https:\/\/iletim.istanbul.edu.tr\/index.php\/wp-json\/wp\/v2\/categories?post=10702"},{"taxonomy":"post_tag","embeddable":true,"href":"https:\/\/iletim.istanbul.edu.tr\/index.php\/wp-json\/wp\/v2\/tags?post=10702"}],"curies":[{"name":"wp","href":"https:\/\/api.w.org\/{rel}","templated":true}]}}