{"id":10720,"date":"2019-05-10T12:27:53","date_gmt":"2019-05-10T09:27:53","guid":{"rendered":"https:\/\/iletim.istanbul.edu.tr\/?p=10720"},"modified":"2019-05-10T12:27:53","modified_gmt":"2019-05-10T09:27:53","slug":"kucuk-ekranda-film-izlemek-estetik-bir-olay-degil","status":"publish","type":"post","link":"https:\/\/iletim.istanbul.edu.tr\/index.php\/2019\/05\/10\/kucuk-ekranda-film-izlemek-estetik-bir-olay-degil\/","title":{"rendered":"\u201cK\u00fc\u00e7\u00fck Ekranda Film \u0130zlemek Estetik Bir Olay De\u011fil\u201d"},"content":{"rendered":"<p><strong>Halil SA\u00c7<\/strong><\/p>\n<p><strong>Sinematek y\u00f6neticisi Jak \u015ealom, Prof. Dr. Rengin Ozan&#8217;\u0131n Film M\u00fczikleri dersine konuk oldu. \u015ealom, filmde i\u00e7erik ve jenerik aras\u0131ndaki ili\u015fkiye de\u011finip Sinematek&#8217;in kurulu\u015f s\u00fcrecinden, Sinematek Sinemaevi&#8217;nden ve Sinematek&#8217;in ger\u00e7ekle\u015ftirece\u011fi faaliyetlerden bahsetti<\/strong>.<\/p>\n<p>Bir k\u00fclt\u00fcr kurumu olarak Sinematek\u2019in sinema k\u00fclt\u00fcr\u00fcn\u00fc yaymak ve korumak i\u00e7in kuruldu\u011funu belirten \u015ealom, \u201cSinematek\u2019ler, sinema k\u00fclt\u00fcr\u00fcn\u00fc korumak i\u00e7in sinemaya ait film, kitap foto\u011fraf gibi eserlerin toplanmas\u0131, korunmas\u0131 ve ilgililere ula\u015ft\u0131r\u0131lmas\u0131 i\u00e7in \u00e7al\u0131\u015fan kurulu\u015flard\u0131r\u201d dedi.<\/p>\n<p><strong>Sinema Objeleri \u0130zleyicilere Sunulmakta<\/strong><\/p>\n<p>Sinematek\u2019lerin i\u015flevlerini \u00f6rneklendiren \u015ealom, \u201cNas\u0131l ki eski kitaplar, tablolar veya oyuncaklar m\u00fczelerde toplan\u0131p korunuyor ve halka ula\u015ft\u0131r\u0131l\u0131yorsa, ba\u015fta sinema filmleri olmak \u00fczere eski sinema objelerini de toplamak ve ilgililerin seyrine a\u00e7mak m\u00fcmk\u00fcn. Sinematek\u2019in i\u015flevlerinden biri de bu. Baz\u0131 Sinematek\u2019lerde m\u00fczeler mevcut de\u011fil ancak bu t\u00fcr Sinematek\u2019lerin de salonlar\u0131 mevcut ve eski filmlerin g\u00f6sterimi yap\u0131l\u0131yor. T\u00fcrkiye\u2019de de 1965 y\u0131l\u0131nda 15 ki\u015fi Sinematek\u2019i kurmu\u015flard\u0131r ancak 1980 y\u0131l\u0131nda kapanm\u0131\u015ft\u0131r\u201d ifadelerine yer verdi.<\/p>\n<p><strong>Tarihe Mal Olmu\u015f Filmler G\u00f6sterilecek<\/strong><\/p>\n<p>T\u00fcrkiye\u2019de Simematek\u2019in tekrardan olu\u015fturulma \u00e7al\u0131\u015fmalar\u0131na de\u011finen \u015ealom, \u201cB\u00f6yle bir kurulu\u015fun olu\u015fturulma \u00e7al\u0131\u015fmalar\u0131na 2016-2017 d\u00f6neminde Kad\u0131k\u00f6y Belediyesi\u2019nin giri\u015fimi ile ba\u015fland\u0131 ve yak\u0131n zamanda Kad\u0131k\u00f6y\u2019de bir binada, teknik yenilikleriyle 200 ki\u015filik bir salona sahip olan Sinematek\/Sinema Evi\u2019nin a\u00e7\u0131lmas\u0131 planlan\u0131yor\u201d s\u00f6zlerini sarf ettikten sonra Sinematek\u2019in haftan\u0131n 6 g\u00fcn\u00fc a\u00e7\u0131k olaca\u011f\u0131ndan, her g\u00fcn 2 tane olmak \u00fczere sessiz sinema d\u00f6neminden g\u00fcn\u00fcm\u00fcze kadar \u00e7ekilmi\u015f filmlerin g\u00f6sterilece\u011finden, sinema ile ilgili konferans, seminer gibi etkinliklerin d\u00fczenlenece\u011finden bahsetti.<\/p>\n<p><strong>G\u00f6r\u00fcnt\u00fc Ekranlar\u0131 K\u00fc\u00e7\u00fcld\u00fc<\/strong><\/p>\n<p>\u015ealom, \u201cGe\u00e7mi\u015fte insanlar g\u00f6r\u00fcnt\u00fcy\u00fc sinemada g\u00f6r\u00fcrlerdi. B\u00fcy\u00fck sinema salonlar\u0131nda filmleri izlerlerdi. Ancak zaman i\u00e7inde g\u00f6r\u00fcnt\u00fc ekranlar\u0131 k\u00fc\u00e7\u00fcld\u00fc. \u00d6nce televizyon, ard\u0131ndan bilgisayar ve g\u00fcn\u00fcm\u00fczde telefon ekranlar\u0131n\u0131n boyutlar\u0131na kadar s\u0131\u011fd\u0131r\u0131ld\u0131. Telefonlardan bile film izlenir oldu. Bu durum estetik bir olay de\u011fil\u201d s\u00f6zlerine yer verdikten sonra, filmlerin k\u00fc\u00e7\u00fck ekranda izlenilmesinin filmin sanatsal y\u00f6n\u00fcn\u00fc zedeledi\u011fi \u00fczerinde durdu.<\/p>\n<p><strong>Sinemac\u0131lara Olanaklar Sa\u011flanacak<\/strong><\/p>\n<p>Sinematek\/ Sinema Evi\u2019nin ba\u015fta gen\u00e7ler olmak \u00fczere bug\u00fcn\u00fcn sinemac\u0131lar\u0131na \u00e7e\u015fitli olanaklar sa\u011flayaca\u011f\u0131n\u0131 belirten \u015ealom, \u201cG\u00fcn\u00fcm\u00fczde kendi imk\u00e2nlar\u0131yla \u00e7e\u015fitli yap\u0131tlar ortaya koymaya \u00e7al\u0131\u015fan, \u00f6rne\u011fin senaryo yazmak i\u00e7in emek harcayan ve bunun i\u00e7in kafelerde bir araya gelen gen\u00e7 sinemac\u0131lar randevu al\u0131p Sinema Evi\u2019nde a\u00e7\u0131lacak ve sineman\u0131n konu\u015fuldu\u011fu bir ortamda, daha iyi ko\u015fullarda senaryolar\u0131n\u0131 yazabilecekler. Ba\u015flarda sinemac\u0131lar\u0131m\u0131za ekipman gibi teknik destekler sa\u011flayamayaca\u011f\u0131z ama gelecekte bu yap\u0131labilir\u201d dedi.<\/p>\n<div id='gallery_1' class='gallery galleryid-10720 gallery-columns-3 gallery-size-large'><figure class='gallery-item'>\n                <div class='gallery-icon landscape'>\n                    <a href='https:\/\/iletim.istanbul.edu.tr\/wp-content\/uploads\/DSC3955.jpg'><img loading=\"lazy\" decoding=\"async\" width=\"1024\" height=\"680\" src=\"\" class=\"attachment-large size-large lazyload\" alt=\"\" data-src=\"https:\/\/iletim.istanbul.edu.tr\/wp-content\/uploads\/DSC3955-1024x680.jpg\" data-sizes=\"auto\" data-srcset=\"https:\/\/iletim.istanbul.edu.tr\/wp-content\/uploads\/DSC3955-1024x680.jpg 1024w, https:\/\/iletim.istanbul.edu.tr\/wp-content\/uploads\/DSC3955-300x199.jpg 300w, https:\/\/iletim.istanbul.edu.tr\/wp-content\/uploads\/DSC3955-768x510.jpg 768w\" data-expand=\"700\" \/><\/a>\n                <\/div><\/figure><figure class='gallery-item'>\n                <div class='gallery-icon landscape'>\n                    <a href='https:\/\/iletim.istanbul.edu.tr\/wp-content\/uploads\/DSC3970.jpg'><img loading=\"lazy\" decoding=\"async\" width=\"1024\" height=\"680\" src=\"\" class=\"attachment-large size-large lazyload\" alt=\"\" data-src=\"https:\/\/iletim.istanbul.edu.tr\/wp-content\/uploads\/DSC3970-1024x680.jpg\" data-sizes=\"auto\" data-srcset=\"https:\/\/iletim.istanbul.edu.tr\/wp-content\/uploads\/DSC3970-1024x680.jpg 1024w, https:\/\/iletim.istanbul.edu.tr\/wp-content\/uploads\/DSC3970-300x199.jpg 300w, https:\/\/iletim.istanbul.edu.tr\/wp-content\/uploads\/DSC3970-768x510.jpg 768w\" data-expand=\"700\" \/><\/a>\n                <\/div><\/figure><figure class='gallery-item'>\n                <div class='gallery-icon landscape'>\n                    <a href='https:\/\/iletim.istanbul.edu.tr\/wp-content\/uploads\/DSC3973.jpg'><img loading=\"lazy\" decoding=\"async\" width=\"1024\" height=\"680\" src=\"\" class=\"attachment-large size-large lazyload\" alt=\"\" data-src=\"https:\/\/iletim.istanbul.edu.tr\/wp-content\/uploads\/DSC3973-1024x680.jpg\" data-sizes=\"auto\" data-srcset=\"https:\/\/iletim.istanbul.edu.tr\/wp-content\/uploads\/DSC3973-1024x680.jpg 1024w, https:\/\/iletim.istanbul.edu.tr\/wp-content\/uploads\/DSC3973-300x199.jpg 300w, https:\/\/iletim.istanbul.edu.tr\/wp-content\/uploads\/DSC3973-768x510.jpg 768w\" data-expand=\"700\" \/><\/a>\n                <\/div><\/figure><br style=\"clear: both\" \/><figure class='gallery-item'>\n                <div class='gallery-icon landscape'>\n                    <a href='https:\/\/iletim.istanbul.edu.tr\/wp-content\/uploads\/DSC3919.jpg'><img loading=\"lazy\" decoding=\"async\" width=\"1024\" height=\"680\" src=\"\" class=\"attachment-large size-large lazyload\" alt=\"\" data-src=\"https:\/\/iletim.istanbul.edu.tr\/wp-content\/uploads\/DSC3919-1024x680.jpg\" data-sizes=\"auto\" data-srcset=\"https:\/\/iletim.istanbul.edu.tr\/wp-content\/uploads\/DSC3919-1024x680.jpg 1024w, https:\/\/iletim.istanbul.edu.tr\/wp-content\/uploads\/DSC3919-300x199.jpg 300w, https:\/\/iletim.istanbul.edu.tr\/wp-content\/uploads\/DSC3919-768x510.jpg 768w\" data-expand=\"700\" \/><\/a>\n                <\/div><\/figure><figure class='gallery-item'>\n                <div class='gallery-icon landscape'>\n                    <a href='https:\/\/iletim.istanbul.edu.tr\/wp-content\/uploads\/DSC3920.jpg'><img loading=\"lazy\" decoding=\"async\" width=\"1024\" height=\"680\" src=\"\" class=\"attachment-large size-large lazyload\" alt=\"\" data-src=\"https:\/\/iletim.istanbul.edu.tr\/wp-content\/uploads\/DSC3920-1024x680.jpg\" data-sizes=\"auto\" data-srcset=\"https:\/\/iletim.istanbul.edu.tr\/wp-content\/uploads\/DSC3920-1024x680.jpg 1024w, https:\/\/iletim.istanbul.edu.tr\/wp-content\/uploads\/DSC3920-300x199.jpg 300w, https:\/\/iletim.istanbul.edu.tr\/wp-content\/uploads\/DSC3920-768x510.jpg 768w\" data-expand=\"700\" \/><\/a>\n                <\/div><\/figure><figure class='gallery-item'>\n                <div class='gallery-icon landscape'>\n                    <a href='https:\/\/iletim.istanbul.edu.tr\/wp-content\/uploads\/DSC3924.jpg'><img loading=\"lazy\" decoding=\"async\" width=\"1024\" height=\"680\" src=\"\" class=\"attachment-large size-large lazyload\" alt=\"\" data-src=\"https:\/\/iletim.istanbul.edu.tr\/wp-content\/uploads\/DSC3924-1024x680.jpg\" data-sizes=\"auto\" data-srcset=\"https:\/\/iletim.istanbul.edu.tr\/wp-content\/uploads\/DSC3924-1024x680.jpg 1024w, https:\/\/iletim.istanbul.edu.tr\/wp-content\/uploads\/DSC3924-300x199.jpg 300w, https:\/\/iletim.istanbul.edu.tr\/wp-content\/uploads\/DSC3924-768x510.jpg 768w\" data-expand=\"700\" \/><\/a>\n                <\/div><\/figure><br style=\"clear: both\" \/><figure class='gallery-item'>\n                <div class='gallery-icon landscape'>\n                    <a href='https:\/\/iletim.istanbul.edu.tr\/wp-content\/uploads\/DSC3948.jpg'><img loading=\"lazy\" decoding=\"async\" width=\"1024\" height=\"680\" src=\"\" class=\"attachment-large size-large lazyload\" alt=\"\" data-src=\"https:\/\/iletim.istanbul.edu.tr\/wp-content\/uploads\/DSC3948-1024x680.jpg\" data-sizes=\"auto\" data-srcset=\"https:\/\/iletim.istanbul.edu.tr\/wp-content\/uploads\/DSC3948-1024x680.jpg 1024w, https:\/\/iletim.istanbul.edu.tr\/wp-content\/uploads\/DSC3948-300x199.jpg 300w, https:\/\/iletim.istanbul.edu.tr\/wp-content\/uploads\/DSC3948-768x510.jpg 768w\" data-expand=\"700\" \/><\/a>\n                <\/div><\/figure><figure class='gallery-item'>\n                <div class='gallery-icon landscape'>\n                    <a href='https:\/\/iletim.istanbul.edu.tr\/wp-content\/uploads\/Untitled-2-24.jpg'><img loading=\"lazy\" decoding=\"async\" width=\"702\" height=\"336\" src=\"\" class=\"attachment-large size-large lazyload\" alt=\"\" data-src=\"https:\/\/iletim.istanbul.edu.tr\/wp-content\/uploads\/Untitled-2-24.jpg\" data-sizes=\"auto\" data-srcset=\"https:\/\/iletim.istanbul.edu.tr\/wp-content\/uploads\/Untitled-2-24.jpg 702w, https:\/\/iletim.istanbul.edu.tr\/wp-content\/uploads\/Untitled-2-24-300x144.jpg 300w\" data-expand=\"700\" \/><\/a>\n                <\/div><\/figure>\n                <br style='clear: both' \/>\n            <\/div>\n\n","protected":false},"excerpt":{"rendered":"<p>Sinematek y\u00f6neticisi Jak \u015ealom, Prof. Dr. Rengin Ozan&#8217;\u0131n Film M\u00fczikleri dersine konuk oldu. \u015ealom, filmde i\u00e7erik ve jenerik aras\u0131ndaki ili\u015fkiye de\u011finip Sinematek&#8217;in kurulu\u015f s\u00fcrecinden, Sinematek Sinemaevi&#8217;nden ve Sinematek&#8217;in ger\u00e7ekle\u015ftirece\u011fi faaliyetlerden bahsetti.<\/p>\n","protected":false},"author":14,"featured_media":10734,"comment_status":"open","ping_status":"open","sticky":false,"template":"","format":"standard","meta":{"jnews-multi-image_gallery":[],"jnews_single_post":[],"jnews_primary_category":[],"jnews_social_meta":[],"jnews_override_counter":[],"footnotes":""},"categories":[178],"tags":[907,908],"class_list":["post-10720","post","type-post","status-publish","format-standard","has-post-thumbnail","hentry","category-fakultemizden","tag-salom","tag-sinematek"],"_links":{"self":[{"href":"https:\/\/iletim.istanbul.edu.tr\/index.php\/wp-json\/wp\/v2\/posts\/10720","targetHints":{"allow":["GET"]}}],"collection":[{"href":"https:\/\/iletim.istanbul.edu.tr\/index.php\/wp-json\/wp\/v2\/posts"}],"about":[{"href":"https:\/\/iletim.istanbul.edu.tr\/index.php\/wp-json\/wp\/v2\/types\/post"}],"author":[{"embeddable":true,"href":"https:\/\/iletim.istanbul.edu.tr\/index.php\/wp-json\/wp\/v2\/users\/14"}],"replies":[{"embeddable":true,"href":"https:\/\/iletim.istanbul.edu.tr\/index.php\/wp-json\/wp\/v2\/comments?post=10720"}],"version-history":[{"count":0,"href":"https:\/\/iletim.istanbul.edu.tr\/index.php\/wp-json\/wp\/v2\/posts\/10720\/revisions"}],"wp:featuredmedia":[{"embeddable":true,"href":"https:\/\/iletim.istanbul.edu.tr\/index.php\/wp-json\/wp\/v2\/media\/10734"}],"wp:attachment":[{"href":"https:\/\/iletim.istanbul.edu.tr\/index.php\/wp-json\/wp\/v2\/media?parent=10720"}],"wp:term":[{"taxonomy":"category","embeddable":true,"href":"https:\/\/iletim.istanbul.edu.tr\/index.php\/wp-json\/wp\/v2\/categories?post=10720"},{"taxonomy":"post_tag","embeddable":true,"href":"https:\/\/iletim.istanbul.edu.tr\/index.php\/wp-json\/wp\/v2\/tags?post=10720"}],"curies":[{"name":"wp","href":"https:\/\/api.w.org\/{rel}","templated":true}]}}