{"id":10872,"date":"2019-05-15T14:47:30","date_gmt":"2019-05-15T11:47:30","guid":{"rendered":"https:\/\/iletim.istanbul.edu.tr\/?p=10872"},"modified":"2019-07-01T09:29:58","modified_gmt":"2019-07-01T06:29:58","slug":"halk-danslari-festivali-istanbul-universitesinde","status":"publish","type":"post","link":"https:\/\/iletim.istanbul.edu.tr\/index.php\/2019\/05\/15\/halk-danslari-festivali-istanbul-universitesinde\/","title":{"rendered":"\u0130stanbul \u00dcniversitesinde Halk Danslar\u0131 Festivali"},"content":{"rendered":"<p><strong>Dicle G\u00dcNG\u00d6R, Aylin AY\u00a0<\/strong><br \/>\n<strong>Foto\u011fraf: Dicle G\u00dcNG\u00d6R,\u00a0<\/strong><strong style=\"font-family: 'Open Sans', Arial, sans-serif;font-size: 15.0766px\">Aylin AY<\/strong><\/p>\n<p>\u0130stanbul \u00dcniversitesi Halk Danslar\u0131 Kul\u00fcb\u00fcn\u00fcn d\u00fczenledi\u011fi Halk Danslar\u0131 Festivali 13 May\u0131s\u2019ta Prof. Dr. Fuat Sezgin Kongre ve K\u00fclt\u00fcr Merkezi\u2019nde ger\u00e7ekle\u015ftirildi. Halk Danslar\u0131 Festivali\u2019ne Kadir Has \u00dcniversitesi, Nam\u0131k Kemal \u00dcniversitesi, Marmara \u00dcniversitesi ve Dicle \u00dcniversitesi \u00f6\u011frencileri kat\u0131ld\u0131.<\/p>\n<p>Festival \u0130stanbul \u00dcniversitesi Ana Kamp\u00fcs bah\u00e7esinde dans g\u00f6sterisiyle ba\u015flad\u0131. Ard\u0131ndan ekiplerle birlikte Prof. Dr. Fuat Sezgin Kongre ve K\u00fclt\u00fcr Merkezi\u2019ne ge\u00e7ildi.<\/p>\n<p><img decoding=\"async\" class=\"alignnone wp-image-10901 size-large\" src=\"https:\/\/iletim.istanbul.edu.tr\/wp-content\/uploads\/DSC4107-1-1024x680.jpg\" alt=\"\" width=\"702\" height=\"466\" srcset=\"https:\/\/iletim.istanbul.edu.tr\/wp-content\/uploads\/DSC4107-1-1024x680.jpg 1024w, https:\/\/iletim.istanbul.edu.tr\/wp-content\/uploads\/DSC4107-1-300x199.jpg 300w, https:\/\/iletim.istanbul.edu.tr\/wp-content\/uploads\/DSC4107-1-768x510.jpg 768w\" sizes=\"(max-width: 702px) 100vw, 702px\" \/><\/p>\n<p>Program, sayg\u0131 duru\u015fu ve \u0130stiklal Mar\u015f\u0131\u2019n\u0131n ard\u0131ndan Sa\u011fl\u0131k K\u00fclt\u00fcr Daire Ba\u015fkan\u0131 Yavuz Padem\u2019in konu\u015fmas\u0131yla devam etti. Padem, \u201c\u00dclkenin Do\u011fu\u2019sundan, Bat\u0131\u2019s\u0131ndan, Kuzey\u2019inden ve G\u00fcney\u2019inden bir\u00e7ok k\u00fclt\u00fcr\u00fcn, bizim k\u00fclt\u00fcr\u00fcm\u00fcz\u00fcn, kayna\u015fmas\u0131n\u0131 bug\u00fcn burada g\u00f6rece\u011fiz\u201d diyerek festivale kat\u0131lan ekibe \u201cYo\u011fun ders temposu i\u00e7inde bu k\u00fclt\u00fcrel etkinli\u011fi icra ederek, k\u00fclt\u00fcr\u00fcm\u00fcz\u00fc ku\u015faktan ku\u015fa\u011fa ta\u015f\u0131yarak bu i\u015fi kendinize bir vazife edindi\u011finizi g\u00f6r\u00fcyorum. Bunun i\u00e7in ger\u00e7ekten hepinizi ayr\u0131 ayr\u0131 tebrik ediyorum\u201d s\u00f6zleriyle te\u015fekk\u00fcr ve tebriklerini dile getirdi. Padem, ayn\u0131 zamanda Halk Danslar\u0131 Festivali\u2019nin haz\u0131rlanmas\u0131na katk\u0131da bulunan ekibe, Sa\u011fl\u0131k K\u00fclt\u00fcr ve Spor Daire Ba\u015fkanl\u0131\u011f\u0131na ve \u0130\u00dc Halk Danslar\u0131 Kul\u00fcb\u00fcne te\u015fekk\u00fcr etti.<\/p>\n<p><img decoding=\"async\" class=\"alignnone wp-image-10897 size-large\" src=\"https:\/\/iletim.istanbul.edu.tr\/wp-content\/uploads\/DSC_0023-1-1024x680.jpg\" alt=\"\" width=\"702\" height=\"466\" srcset=\"https:\/\/iletim.istanbul.edu.tr\/wp-content\/uploads\/DSC_0023-1-1024x680.jpg 1024w, https:\/\/iletim.istanbul.edu.tr\/wp-content\/uploads\/DSC_0023-1-300x199.jpg 300w, https:\/\/iletim.istanbul.edu.tr\/wp-content\/uploads\/DSC_0023-1-768x510.jpg 768w\" sizes=\"(max-width: 702px) 100vw, 702px\" \/><\/p>\n<p>Dans g\u00f6sterileri, \u0130stanbul \u00dcniversitesi Ankara Seymenler ekibi, ard\u0131ndan Kadir Has \u00dcniversitesi Ayd\u0131n Y\u00f6resi ekibinin g\u00f6sterilerini sunmas\u0131yla ba\u015flad\u0131. G\u00f6steriler aras\u0131nda \u0130\u00dc Sa\u011fl\u0131k K\u00fclt\u00fcr ve Daire Ba\u015fkan\u0131 taraf\u0131ndan Kadir Has \u00dcniversitesi dans ekibine plaket verildi. Plaket takdiminin ard\u0131ndan Dicle \u00dcniversitesi Diyarbak\u0131r Y\u00f6resi ekibi ve akabinde Marmara \u00dcniversitesi K\u0131rklareli Y\u00f6resi ekibiyle g\u00f6steri devam etti. Ard\u0131ndan Bostanc\u0131 Halk K\u00fclt\u00fcr Merkezi\u2019nin Roman Havas\u0131 ekibi \u00a0ve Nam\u0131k Kemal \u00dcniversitesi \u0130zmir Y\u00f6resi ekibi halk danslar\u0131n\u0131 sundu. G\u00f6sterinin son performanslar\u0131n\u0131, \u00dcniversiteler Aras\u0131 Halk Danslar\u0131 Yar\u0131\u015fmas\u0131 T\u00fcrkiye Birincisi Dicle \u00dcniversitesi ekibi ve\u00a0 \u0130stanbul \u00dcniversitesi Fethiye Y\u00f6resi ekibi sergiledi.<\/p>\n<p><span style=\"font-size: 14px\">Program bitiminde festivale kat\u0131lan t\u00fcm ekiplere plaket verildi.\u00a0<\/span><\/p>\n<div id='gallery_1' class='gallery galleryid-10872 gallery-columns-3 gallery-size-thumbnail'><figure class='gallery-item'>\n                <div class='gallery-icon landscape'>\n                    <a href='https:\/\/iletim.istanbul.edu.tr\/wp-content\/uploads\/DSC4395-1.jpg'><img loading=\"lazy\" decoding=\"async\" width=\"150\" height=\"150\" src=\"\" class=\"attachment-thumbnail size-thumbnail lazyload\" alt=\"\" data-src=\"https:\/\/iletim.istanbul.edu.tr\/wp-content\/uploads\/DSC4395-1-150x150.jpg\" data-sizes=\"auto\" data-srcset=\"\" data-expand=\"700\" \/><\/a>\n                <\/div><\/figure><figure class='gallery-item'>\n                <div class='gallery-icon landscape'>\n                    <a href='https:\/\/iletim.istanbul.edu.tr\/wp-content\/uploads\/DSC4346-1.jpg'><img loading=\"lazy\" decoding=\"async\" width=\"150\" height=\"150\" src=\"\" class=\"attachment-thumbnail size-thumbnail lazyload\" alt=\"\" data-src=\"https:\/\/iletim.istanbul.edu.tr\/wp-content\/uploads\/DSC4346-1-150x150.jpg\" data-sizes=\"auto\" data-srcset=\"\" data-expand=\"700\" \/><\/a>\n                <\/div><\/figure><figure class='gallery-item'>\n                <div class='gallery-icon landscape'>\n                    <a href='https:\/\/iletim.istanbul.edu.tr\/wp-content\/uploads\/DSC4284-1.jpg'><img loading=\"lazy\" decoding=\"async\" width=\"150\" height=\"150\" src=\"\" class=\"attachment-thumbnail size-thumbnail lazyload\" alt=\"\" data-src=\"https:\/\/iletim.istanbul.edu.tr\/wp-content\/uploads\/DSC4284-1-150x150.jpg\" data-sizes=\"auto\" data-srcset=\"\" data-expand=\"700\" \/><\/a>\n                <\/div><\/figure><br style=\"clear: both\" \/><figure class='gallery-item'>\n                <div class='gallery-icon landscape'>\n                    <a href='https:\/\/iletim.istanbul.edu.tr\/wp-content\/uploads\/DSC4124-1.jpg'><img loading=\"lazy\" decoding=\"async\" width=\"150\" height=\"150\" src=\"\" class=\"attachment-thumbnail size-thumbnail lazyload\" alt=\"\" data-src=\"https:\/\/iletim.istanbul.edu.tr\/wp-content\/uploads\/DSC4124-1-150x150.jpg\" data-sizes=\"auto\" data-srcset=\"\" data-expand=\"700\" \/><\/a>\n                <\/div><\/figure><figure class='gallery-item'>\n                <div class='gallery-icon landscape'>\n                    <a href='https:\/\/iletim.istanbul.edu.tr\/wp-content\/uploads\/DSC4115-1.jpg'><img loading=\"lazy\" decoding=\"async\" width=\"150\" height=\"150\" src=\"\" class=\"attachment-thumbnail size-thumbnail lazyload\" alt=\"\" data-src=\"https:\/\/iletim.istanbul.edu.tr\/wp-content\/uploads\/DSC4115-1-150x150.jpg\" data-sizes=\"auto\" data-srcset=\"\" data-expand=\"700\" \/><\/a>\n                <\/div><\/figure><figure class='gallery-item'>\n                <div class='gallery-icon landscape'>\n                    <a href='https:\/\/iletim.istanbul.edu.tr\/wp-content\/uploads\/DSC4097-1.jpg'><img loading=\"lazy\" decoding=\"async\" width=\"150\" height=\"150\" src=\"\" class=\"attachment-thumbnail size-thumbnail lazyload\" alt=\"\" data-src=\"https:\/\/iletim.istanbul.edu.tr\/wp-content\/uploads\/DSC4097-1-150x150.jpg\" data-sizes=\"auto\" data-srcset=\"\" data-expand=\"700\" \/><\/a>\n                <\/div><\/figure><br style=\"clear: both\" \/><figure class='gallery-item'>\n                <div class='gallery-icon landscape'>\n                    <a href='https:\/\/iletim.istanbul.edu.tr\/wp-content\/uploads\/DSC_0129-1.jpg'><img loading=\"lazy\" decoding=\"async\" width=\"150\" height=\"150\" src=\"\" class=\"attachment-thumbnail size-thumbnail lazyload\" alt=\"\" data-src=\"https:\/\/iletim.istanbul.edu.tr\/wp-content\/uploads\/DSC_0129-1-150x150.jpg\" data-sizes=\"auto\" data-srcset=\"\" data-expand=\"700\" \/><\/a>\n                <\/div><\/figure><figure class='gallery-item'>\n                <div class='gallery-icon landscape'>\n                    <a href='https:\/\/iletim.istanbul.edu.tr\/wp-content\/uploads\/DSC_0125-1.jpg'><img loading=\"lazy\" decoding=\"async\" width=\"150\" height=\"150\" src=\"\" class=\"attachment-thumbnail size-thumbnail lazyload\" alt=\"\" data-src=\"https:\/\/iletim.istanbul.edu.tr\/wp-content\/uploads\/DSC_0125-1-150x150.jpg\" data-sizes=\"auto\" data-srcset=\"\" data-expand=\"700\" \/><\/a>\n                <\/div><\/figure><figure class='gallery-item'>\n                <div class='gallery-icon landscape'>\n                    <a href='https:\/\/iletim.istanbul.edu.tr\/wp-content\/uploads\/DSC_0111-2.jpg'><img loading=\"lazy\" decoding=\"async\" width=\"150\" height=\"150\" src=\"\" class=\"attachment-thumbnail size-thumbnail lazyload\" alt=\"\" data-src=\"https:\/\/iletim.istanbul.edu.tr\/wp-content\/uploads\/DSC_0111-2-150x150.jpg\" data-sizes=\"auto\" data-srcset=\"\" data-expand=\"700\" \/><\/a>\n                <\/div><\/figure><br style=\"clear: both\" \/><figure class='gallery-item'>\n                <div class='gallery-icon landscape'>\n                    <a href='https:\/\/iletim.istanbul.edu.tr\/wp-content\/uploads\/DSC_0073-1.jpg'><img loading=\"lazy\" decoding=\"async\" width=\"150\" height=\"150\" src=\"\" class=\"attachment-thumbnail size-thumbnail lazyload\" alt=\"\" data-src=\"https:\/\/iletim.istanbul.edu.tr\/wp-content\/uploads\/DSC_0073-1-150x150.jpg\" data-sizes=\"auto\" data-srcset=\"\" data-expand=\"700\" \/><\/a>\n                <\/div><\/figure><figure class='gallery-item'>\n                <div class='gallery-icon landscape'>\n                    <a href='https:\/\/iletim.istanbul.edu.tr\/wp-content\/uploads\/DSC_0175-1.jpg'><img loading=\"lazy\" decoding=\"async\" width=\"150\" height=\"150\" src=\"\" class=\"attachment-thumbnail size-thumbnail lazyload\" alt=\"\" data-src=\"https:\/\/iletim.istanbul.edu.tr\/wp-content\/uploads\/DSC_0175-1-150x150.jpg\" data-sizes=\"auto\" data-srcset=\"\" data-expand=\"700\" \/><\/a>\n                <\/div><\/figure><figure class='gallery-item'>\n                <div class='gallery-icon landscape'>\n                    <a href='https:\/\/iletim.istanbul.edu.tr\/wp-content\/uploads\/DSC_0044.jpg'><img loading=\"lazy\" decoding=\"async\" width=\"150\" height=\"150\" src=\"\" class=\"attachment-thumbnail size-thumbnail lazyload\" alt=\"\" data-src=\"https:\/\/iletim.istanbul.edu.tr\/wp-content\/uploads\/DSC_0044-150x150.jpg\" data-sizes=\"auto\" data-srcset=\"\" data-expand=\"700\" \/><\/a>\n                <\/div><\/figure><br style=\"clear: both\" \/><figure class='gallery-item'>\n                <div class='gallery-icon landscape'>\n                    <a href='https:\/\/iletim.istanbul.edu.tr\/wp-content\/uploads\/DSC4516.jpg'><img loading=\"lazy\" decoding=\"async\" width=\"150\" height=\"150\" src=\"\" class=\"attachment-thumbnail size-thumbnail lazyload\" alt=\"\" data-src=\"https:\/\/iletim.istanbul.edu.tr\/wp-content\/uploads\/DSC4516-150x150.jpg\" data-sizes=\"auto\" data-srcset=\"\" data-expand=\"700\" \/><\/a>\n                <\/div><\/figure><figure class='gallery-item'>\n                <div class='gallery-icon landscape'>\n                    <a href='https:\/\/iletim.istanbul.edu.tr\/wp-content\/uploads\/DSC4395.jpg'><img loading=\"lazy\" decoding=\"async\" width=\"150\" height=\"150\" src=\"\" class=\"attachment-thumbnail size-thumbnail lazyload\" alt=\"\" data-src=\"https:\/\/iletim.istanbul.edu.tr\/wp-content\/uploads\/DSC4395-150x150.jpg\" data-sizes=\"auto\" data-srcset=\"\" data-expand=\"700\" \/><\/a>\n                <\/div><\/figure><figure class='gallery-item'>\n                <div class='gallery-icon landscape'>\n                    <a href='https:\/\/iletim.istanbul.edu.tr\/wp-content\/uploads\/DSC4405-1.jpg'><img loading=\"lazy\" decoding=\"async\" width=\"150\" height=\"150\" src=\"\" class=\"attachment-thumbnail size-thumbnail lazyload\" alt=\"\" data-src=\"https:\/\/iletim.istanbul.edu.tr\/wp-content\/uploads\/DSC4405-1-150x150.jpg\" data-sizes=\"auto\" data-srcset=\"\" data-expand=\"700\" \/><\/a>\n                <\/div><\/figure><br style=\"clear: both\" \/><figure class='gallery-item'>\n                <div class='gallery-icon landscape'>\n                    <a href='https:\/\/iletim.istanbul.edu.tr\/wp-content\/uploads\/DSC4124.jpg'><img loading=\"lazy\" decoding=\"async\" width=\"150\" height=\"150\" src=\"\" class=\"attachment-thumbnail size-thumbnail lazyload\" alt=\"\" data-src=\"https:\/\/iletim.istanbul.edu.tr\/wp-content\/uploads\/DSC4124-150x150.jpg\" data-sizes=\"auto\" data-srcset=\"\" data-expand=\"700\" \/><\/a>\n                <\/div><\/figure><figure class='gallery-item'>\n                <div class='gallery-icon landscape'>\n                    <a href='https:\/\/iletim.istanbul.edu.tr\/wp-content\/uploads\/DSC4086-1.jpg'><img loading=\"lazy\" decoding=\"async\" width=\"150\" height=\"150\" src=\"\" class=\"attachment-thumbnail size-thumbnail lazyload\" alt=\"\" data-src=\"https:\/\/iletim.istanbul.edu.tr\/wp-content\/uploads\/DSC4086-1-150x150.jpg\" data-sizes=\"auto\" data-srcset=\"\" data-expand=\"700\" \/><\/a>\n                <\/div><\/figure><figure class='gallery-item'>\n                <div class='gallery-icon landscape'>\n                    <a href='https:\/\/iletim.istanbul.edu.tr\/wp-content\/uploads\/DSC4087-1.jpg'><img loading=\"lazy\" decoding=\"async\" width=\"150\" height=\"150\" src=\"\" class=\"attachment-thumbnail size-thumbnail lazyload\" alt=\"\" data-src=\"https:\/\/iletim.istanbul.edu.tr\/wp-content\/uploads\/DSC4087-1-150x150.jpg\" data-sizes=\"auto\" data-srcset=\"\" data-expand=\"700\" \/><\/a>\n                <\/div><\/figure><br style=\"clear: both\" \/><figure class='gallery-item'>\n                <div class='gallery-icon landscape'>\n                    <a href='https:\/\/iletim.istanbul.edu.tr\/wp-content\/uploads\/DSC4107-1.jpg'><img loading=\"lazy\" decoding=\"async\" width=\"150\" height=\"150\" src=\"\" class=\"attachment-thumbnail size-thumbnail lazyload\" alt=\"\" data-src=\"https:\/\/iletim.istanbul.edu.tr\/wp-content\/uploads\/DSC4107-1-150x150.jpg\" data-sizes=\"auto\" data-srcset=\"\" data-expand=\"700\" \/><\/a>\n                <\/div><\/figure><figure class='gallery-item'>\n                <div class='gallery-icon landscape'>\n                    <a href='https:\/\/iletim.istanbul.edu.tr\/wp-content\/uploads\/DSC4144-1.jpg'><img loading=\"lazy\" decoding=\"async\" width=\"150\" height=\"150\" src=\"\" class=\"attachment-thumbnail size-thumbnail lazyload\" alt=\"\" data-src=\"https:\/\/iletim.istanbul.edu.tr\/wp-content\/uploads\/DSC4144-1-150x150.jpg\" data-sizes=\"auto\" data-srcset=\"\" data-expand=\"700\" \/><\/a>\n                <\/div><\/figure><figure class='gallery-item'>\n                <div class='gallery-icon landscape'>\n                    <a href='https:\/\/iletim.istanbul.edu.tr\/wp-content\/uploads\/DSC4516-1.jpg'><img loading=\"lazy\" decoding=\"async\" width=\"150\" height=\"150\" src=\"\" class=\"attachment-thumbnail size-thumbnail lazyload\" alt=\"\" data-src=\"https:\/\/iletim.istanbul.edu.tr\/wp-content\/uploads\/DSC4516-1-150x150.jpg\" data-sizes=\"auto\" data-srcset=\"\" data-expand=\"700\" \/><\/a>\n                <\/div><\/figure><br style=\"clear: both\" \/>\n            <\/div>\n\n","protected":false},"excerpt":{"rendered":"<p>\u0130stanbul \u00dcniversitesi Halk Danslar\u0131 Kul\u00fcb\u00fcn\u00fcn d\u00fczenledi\u011fi Halk Danslar\u0131 Festivali 13 May\u0131s\u2019ta Prof. Dr. Fuat Sezgin Kongre ve K\u00fclt\u00fcr Merkezi\u2019nde ger\u00e7ekle\u015ftirildi. Halk Danslar\u0131 Festivali\u2019ne Kadir Has \u00dcniversitesi, Nam\u0131k Kemal \u00dcniversitesi, Marmara \u00dcniversitesi ve Dicle \u00dcniversitesi kat\u0131ld\u0131. Festival \u0130stanbul \u00dcniversitesi Ana Kamp\u00fcs bah\u00e7esinde dans g\u00f6sterisiyle ba\u015flad\u0131. Ard\u0131ndan ekiplerle birlikte Prof. Dr. Fuat Sezgin Kongre ve K\u00fclt\u00fcr Merkezi\u2019ne ge\u00e7ildi.<\/p>\n","protected":false},"author":14,"featured_media":10898,"comment_status":"open","ping_status":"open","sticky":false,"template":"","format":"standard","meta":{"jnews-multi-image_gallery":[],"jnews_single_post":[],"jnews_primary_category":[],"jnews_social_meta":[],"jnews_override_counter":[],"footnotes":""},"categories":[30],"tags":[924,923],"class_list":["post-10872","post","type-post","status-publish","format-standard","has-post-thumbnail","hentry","category-kultur-sanat","tag-halk-danslari-festivali","tag-istanbul-universitesi-halk-danslari-kulubu"],"_links":{"self":[{"href":"https:\/\/iletim.istanbul.edu.tr\/index.php\/wp-json\/wp\/v2\/posts\/10872","targetHints":{"allow":["GET"]}}],"collection":[{"href":"https:\/\/iletim.istanbul.edu.tr\/index.php\/wp-json\/wp\/v2\/posts"}],"about":[{"href":"https:\/\/iletim.istanbul.edu.tr\/index.php\/wp-json\/wp\/v2\/types\/post"}],"author":[{"embeddable":true,"href":"https:\/\/iletim.istanbul.edu.tr\/index.php\/wp-json\/wp\/v2\/users\/14"}],"replies":[{"embeddable":true,"href":"https:\/\/iletim.istanbul.edu.tr\/index.php\/wp-json\/wp\/v2\/comments?post=10872"}],"version-history":[{"count":0,"href":"https:\/\/iletim.istanbul.edu.tr\/index.php\/wp-json\/wp\/v2\/posts\/10872\/revisions"}],"wp:featuredmedia":[{"embeddable":true,"href":"https:\/\/iletim.istanbul.edu.tr\/index.php\/wp-json\/wp\/v2\/media\/10898"}],"wp:attachment":[{"href":"https:\/\/iletim.istanbul.edu.tr\/index.php\/wp-json\/wp\/v2\/media?parent=10872"}],"wp:term":[{"taxonomy":"category","embeddable":true,"href":"https:\/\/iletim.istanbul.edu.tr\/index.php\/wp-json\/wp\/v2\/categories?post=10872"},{"taxonomy":"post_tag","embeddable":true,"href":"https:\/\/iletim.istanbul.edu.tr\/index.php\/wp-json\/wp\/v2\/tags?post=10872"}],"curies":[{"name":"wp","href":"https:\/\/api.w.org\/{rel}","templated":true}]}}