{"id":10981,"date":"2019-05-15T15:22:20","date_gmt":"2019-05-15T12:22:20","guid":{"rendered":"https:\/\/iletim.istanbul.edu.tr\/?p=10981"},"modified":"2019-05-15T15:22:20","modified_gmt":"2019-05-15T12:22:20","slug":"isil-acikel-iletisim-fakultesinde","status":"publish","type":"post","link":"https:\/\/iletim.istanbul.edu.tr\/index.php\/2019\/05\/15\/isil-acikel-iletisim-fakultesinde\/","title":{"rendered":"I\u015f\u0131l A\u00e7\u0131kel \u0130leti\u015fim Fak\u00fcltesi\u2019nde"},"content":{"rendered":"<p><strong>Ya\u011fmur Ceren KURAL<\/strong><\/p>\n<p>G\u00f6rsel habercilik ba\u011flam\u0131nda yeni medyan\u0131n etkisini ele almak \u00fczere, \u00d6\u011fr. G\u00f6r. Dr. Berceste G\u00fcl\u00e7in \u00d6zdemir\u2019in G\u00f6rsel Habercilik dersine muhabir I\u015f\u0131l A\u00e7\u0131kel konuk oldu.<\/p>\n<p>Konu\u015fmaya kendini tan\u0131tmakla ba\u015flayan I\u015f\u0131l A\u00e7\u0131kel, 2008 y\u0131l\u0131ndan beri ATV\u2019de muhabir olarak \u00e7al\u0131\u015ft\u0131\u011f\u0131n\u0131 belirtti. A\u00e7\u0131kel, son be\u015f y\u0131ld\u0131r sa\u011fl\u0131k haberleri yapt\u0131\u011f\u0131n\u0131 kaydederek, meslek hayat\u0131 boyunca \u00e7e\u015fitli gazetedelerde, televizyon kanallar\u0131nda \u00e7al\u0131\u015ft\u0131\u011f\u0131n\u0131, d\u00f6nem d\u00f6nem spikerlik ve muhabirlik yapt\u0131\u011f\u0131n\u0131 belirtti.<\/p>\n<p><strong>Haberler G\u00f6rev Bilinciyle Yap\u0131lmal\u0131<\/strong><\/p>\n<p>Haberi g\u00f6rev bilinciyle yapmam\u0131z gerekti\u011fini aktaran A\u00e7\u0131kel, \u201cYapt\u0131\u011f\u0131n\u0131z i\u015fi, mesle\u011fi ko\u015fu yar\u0131\u015f\u0131 olarak g\u00f6rmeyin. Bu bir hayat ko\u015fusudur. Bu meslekte \u00e7al\u0131\u015f\u0131rken omurgal\u0131 olman\u0131z gerekiyor. Omurgalar\u0131n\u0131z\u0131n ayn\u0131 kalmas\u0131, eksilmemesi gerekiyor. Koltuk sevdas\u0131na kap\u0131l\u0131p \u00f6d\u00fcn vermemeniz gerekiyor\u201d dedi.<\/p>\n<p><img decoding=\"async\" class=\"alignnone wp-image-10983 size-large\" src=\"https:\/\/iletim.istanbul.edu.tr\/wp-content\/uploads\/DSC0320-1-1024x680.jpg\" alt=\"\" width=\"702\" height=\"466\" srcset=\"https:\/\/iletim.istanbul.edu.tr\/wp-content\/uploads\/DSC0320-1-1024x680.jpg 1024w, https:\/\/iletim.istanbul.edu.tr\/wp-content\/uploads\/DSC0320-1-300x199.jpg 300w, https:\/\/iletim.istanbul.edu.tr\/wp-content\/uploads\/DSC0320-1-768x510.jpg 768w\" sizes=\"(max-width: 702px) 100vw, 702px\" \/><\/p>\n<p>\u00d6zel haberlerin \u00f6nemine de\u011finen A\u00e7\u0131kel, \u201cB\u00f6yle haberler yapt\u0131\u011f\u0131n\u0131z zaman \u00e7ok mutlu oluyorsunuz. Bir kay\u0131p haberi buldu\u011funuz zaman sanki kendi kayb\u0131n\u0131z\u0131 bulmu\u015f gibi hissediyorsunuz\u201d ifadelerini kulland\u0131.<\/p>\n<p><strong>&#8220;Elinizde Belge Yoksa O Haberi Yazmay\u0131n&#8221;<\/strong><\/p>\n<p>Yaz\u0131lanlar\u0131 filtreden ge\u00e7irme gereklili\u011finin alt\u0131n\u0131 \u00e7izen A\u00e7\u0131kel, \u201cElimde bir belge yoksa, e\u011fer haberin inand\u0131r\u0131c\u0131l\u0131\u011f\u0131 yoksa haberi yapm\u0131yorum. \u00c7\u00fcnk\u00fc kendime g\u00fcveniyorum. Her d\u00f6nem de\u011fi\u015fiyor. Yeter ki siz ayn\u0131 kal\u0131n. Elinizde bir belge yoksa, bir ki\u015fiden g\u00f6r\u00fc\u015f almad\u0131ysan\u0131z l\u00fctfen bu haberi yazmay\u0131n\u201d \u015feklinde konu\u015ftu.<\/p>\n<p>Habercilikte sa\u011fduyunun \u00f6nemine dikkat \u00e7eken A\u00e7\u0131kel, olay her neyse \u00e7arp\u0131tmadan onu aktarman\u0131n gerekti\u011fini dile getirdi.<\/p>\n<p>A\u00e7\u0131kel, hangi sekt\u00f6rde \u00e7al\u0131\u015f\u0131rsan\u0131z \u00e7al\u0131\u015f\u0131n i\u015finizi severek yap\u0131n diyerek s\u00f6zlerini noktalad\u0131. A\u00e7\u0131kel\u2019in konu\u015fmas\u0131n\u0131n ard\u0131ndan kendisine te\u015fekk\u00fcr belgesi takdim edildi.<\/p>\n<div id='gallery_1' class='gallery galleryid-10981 gallery-columns-4 gallery-size-thumbnail'><figure class='gallery-item'>\n                <div class='gallery-icon landscape'>\n                    <a href='https:\/\/iletim.istanbul.edu.tr\/wp-content\/uploads\/DSC0288-1.jpg'><img loading=\"lazy\" decoding=\"async\" width=\"150\" height=\"150\" src=\"\" class=\"attachment-thumbnail size-thumbnail lazyload\" alt=\"\" data-src=\"https:\/\/iletim.istanbul.edu.tr\/wp-content\/uploads\/DSC0288-1-150x150.jpg\" data-sizes=\"auto\" data-srcset=\"\" data-expand=\"700\" \/><\/a>\n                <\/div><\/figure><figure class='gallery-item'>\n                <div class='gallery-icon landscape'>\n                    <a href='https:\/\/iletim.istanbul.edu.tr\/wp-content\/uploads\/DSC0309-2.jpg'><img loading=\"lazy\" decoding=\"async\" width=\"150\" height=\"150\" src=\"\" class=\"attachment-thumbnail size-thumbnail lazyload\" alt=\"\" data-src=\"https:\/\/iletim.istanbul.edu.tr\/wp-content\/uploads\/DSC0309-2-150x150.jpg\" data-sizes=\"auto\" data-srcset=\"\" data-expand=\"700\" \/><\/a>\n                <\/div><\/figure><figure class='gallery-item'>\n                <div class='gallery-icon landscape'>\n                    <a href='https:\/\/iletim.istanbul.edu.tr\/wp-content\/uploads\/DSC0290-5.jpg'><img loading=\"lazy\" decoding=\"async\" width=\"150\" height=\"150\" src=\"\" class=\"attachment-thumbnail size-thumbnail lazyload\" alt=\"\" data-src=\"https:\/\/iletim.istanbul.edu.tr\/wp-content\/uploads\/DSC0290-5-150x150.jpg\" data-sizes=\"auto\" data-srcset=\"\" data-expand=\"700\" \/><\/a>\n                <\/div><\/figure><figure class='gallery-item'>\n                <div class='gallery-icon landscape'>\n                    <a href='https:\/\/iletim.istanbul.edu.tr\/wp-content\/uploads\/DSC0310-2.jpg'><img loading=\"lazy\" decoding=\"async\" width=\"150\" height=\"150\" src=\"\" class=\"attachment-thumbnail size-thumbnail lazyload\" alt=\"\" data-src=\"https:\/\/iletim.istanbul.edu.tr\/wp-content\/uploads\/DSC0310-2-150x150.jpg\" data-sizes=\"auto\" data-srcset=\"\" data-expand=\"700\" \/><\/a>\n                <\/div><\/figure><br style=\"clear: both\" \/><figure class='gallery-item'>\n                <div class='gallery-icon landscape'>\n                    <a href='https:\/\/iletim.istanbul.edu.tr\/wp-content\/uploads\/DSC0316-3.jpg'><img loading=\"lazy\" decoding=\"async\" width=\"150\" height=\"150\" src=\"\" class=\"attachment-thumbnail size-thumbnail lazyload\" alt=\"\" data-src=\"https:\/\/iletim.istanbul.edu.tr\/wp-content\/uploads\/DSC0316-3-150x150.jpg\" data-sizes=\"auto\" data-srcset=\"\" data-expand=\"700\" \/><\/a>\n                <\/div><\/figure>\n                <br style='clear: both' \/>\n            <\/div>\n\n","protected":false},"excerpt":{"rendered":"<p>G\u00f6rsel habercilik ba\u011flam\u0131nda yeni medyan\u0131n etkisini ele almak \u00fczere, \u00d6\u011fr. G\u00f6r. Dr. Berceste G\u00fcl\u00e7in \u00d6zdemir\u2019in G\u00f6rsel Habercilik dersine muhabir I\u015f\u0131l A\u00e7\u0131kel konuk oldu.<\/p>\n","protected":false},"author":14,"featured_media":10982,"comment_status":"open","ping_status":"open","sticky":false,"template":"","format":"standard","meta":{"jnews-multi-image_gallery":[],"jnews_single_post":[],"jnews_primary_category":[],"jnews_social_meta":[],"jnews_override_counter":[],"footnotes":""},"categories":[178],"tags":[748,780],"class_list":["post-10981","post","type-post","status-publish","format-standard","has-post-thumbnail","hentry","category-fakultemizden","tag-gorsel-habercilik","tag-isil-acikel"],"_links":{"self":[{"href":"https:\/\/iletim.istanbul.edu.tr\/index.php\/wp-json\/wp\/v2\/posts\/10981","targetHints":{"allow":["GET"]}}],"collection":[{"href":"https:\/\/iletim.istanbul.edu.tr\/index.php\/wp-json\/wp\/v2\/posts"}],"about":[{"href":"https:\/\/iletim.istanbul.edu.tr\/index.php\/wp-json\/wp\/v2\/types\/post"}],"author":[{"embeddable":true,"href":"https:\/\/iletim.istanbul.edu.tr\/index.php\/wp-json\/wp\/v2\/users\/14"}],"replies":[{"embeddable":true,"href":"https:\/\/iletim.istanbul.edu.tr\/index.php\/wp-json\/wp\/v2\/comments?post=10981"}],"version-history":[{"count":0,"href":"https:\/\/iletim.istanbul.edu.tr\/index.php\/wp-json\/wp\/v2\/posts\/10981\/revisions"}],"wp:featuredmedia":[{"embeddable":true,"href":"https:\/\/iletim.istanbul.edu.tr\/index.php\/wp-json\/wp\/v2\/media\/10982"}],"wp:attachment":[{"href":"https:\/\/iletim.istanbul.edu.tr\/index.php\/wp-json\/wp\/v2\/media?parent=10981"}],"wp:term":[{"taxonomy":"category","embeddable":true,"href":"https:\/\/iletim.istanbul.edu.tr\/index.php\/wp-json\/wp\/v2\/categories?post=10981"},{"taxonomy":"post_tag","embeddable":true,"href":"https:\/\/iletim.istanbul.edu.tr\/index.php\/wp-json\/wp\/v2\/tags?post=10981"}],"curies":[{"name":"wp","href":"https:\/\/api.w.org\/{rel}","templated":true}]}}