{"id":11209,"date":"2019-05-24T15:21:33","date_gmt":"2019-05-24T12:21:33","guid":{"rendered":"https:\/\/iletim.istanbul.edu.tr\/?p=11209"},"modified":"2019-05-24T15:23:27","modified_gmt":"2019-05-24T12:23:27","slug":"iletisim-fakultesine-tubitaktan-bir-destek-daha","status":"publish","type":"post","link":"https:\/\/iletim.istanbul.edu.tr\/index.php\/2019\/05\/24\/iletisim-fakultesine-tubitaktan-bir-destek-daha\/","title":{"rendered":"\u0130leti\u015fim Fak\u00fcltesine T\u00dcB\u0130TAK\u2019tan Bir Destek Daha"},"content":{"rendered":"<p><strong>Tu\u011f\u00e7e AY\u00c7\u0130N<\/strong><\/p>\n<p>Y\u00fcr\u00fct\u00fcc\u00fcl\u00fc\u011f\u00fcn\u00fc \u0130leti\u015fim Fak\u00fcltesi \u00d6\u011fretim \u00dcyelerinden Dr. \u00d6\u011fr. \u00dcyesi F\u0131rat Tufan\u2019\u0131n \u00fcstlendi\u011fi \u201cT\u00fcm Y\u00f6nleriyle T\u00fcrkiye\u2019de \u00dcniversite Radyo Yay\u0131nc\u0131l\u0131\u011f\u0131: Olanaklar ve Sorunlar \u00dczerine Durum Analizi\u201d ba\u015fl\u0131kl\u0131 proje T\u00dcB\u0130TAK taraf\u0131ndan \u201c1002- H\u0131zl\u0131 Destek Program\u0131\u201d kapsam\u0131nda desteklenmeye uygun bulundu.<\/p>\n<p>Proje y\u00fcr\u00fct\u00fcc\u00fcs\u00fc Dr. \u00d6\u011fr. \u00dcyesi F\u0131rat Tufan ile birlikte projede ara\u015ft\u0131rmac\u0131 olarak g\u00f6rev alacak olan Ar\u015f. G\u00f6r. Sedat K\u00f6kat ve Dr. Ar\u015f. G\u00f6r. Zeynep Ekin Bal, proje kapsam\u0131nda T\u00fcrkiye \u00e7ap\u0131nda 33 \u00fcniversite radyosunda incelemeler ger\u00e7ekle\u015ftirecek.<\/p>\n<p>Projenin \u00f6n ara\u015ft\u0131rmas\u0131, Dr. \u00d6\u011fr. \u00dcyesi Tufan\u2019\u0131n 2017 y\u0131l\u0131nda y\u00fcr\u00fctt\u00fc\u011f\u00fc T\u00dcB\u0130TAK \u201c2219- Doktora Sonras\u0131 Ara\u015ft\u0131rma Program\u0131\u201d kapsam\u0131nda Avustralya\u2019n\u0131n Sydney, Melbourne, Newcastle ve Perth \u015fehirlerindeki 6 farkl\u0131 \u00fcniversite radyosunda ger\u00e7ekle\u015ftirildi.<\/p>\n<p>2020\u2019de tamamlanmas\u0131 planlanan projenin T\u00fcrkiye aya\u011f\u0131nda ise \u00fcniversite radyolar\u0131n\u0131n genel profili, olanaklar ve sorunlar \u00fczerinden de\u011ferlendirilecek.<\/p>\n<p>Proje \u00e7\u0131kt\u0131lar\u0131n\u0131n T\u00fcrkiye\u2019deki \u00fcniversite radyo yay\u0131nc\u0131l\u0131\u011f\u0131na katk\u0131 sa\u011flamas\u0131 hedefleniyor.<\/p>\n","protected":false},"excerpt":{"rendered":"<p>Y\u00fcr\u00fct\u00fcc\u00fcl\u00fc\u011f\u00fcn\u00fc \u0130leti\u015fim Fak\u00fcltesi \u00d6\u011fretim \u00dcyelerinden Dr. \u00d6\u011fr. \u00dcyesi F\u0131rat Tufan\u2019\u0131n \u00fcstlendi\u011fi \u201cT\u00fcm Y\u00f6nleriyle T\u00fcrkiye\u2019de \u00dcniversite Radyo Yay\u0131nc\u0131l\u0131\u011f\u0131: Olanaklar ve Sorunlar \u00dczerine Durum Analizi\u201d ba\u015fl\u0131kl\u0131 proje T\u00dcB\u0130TAK taraf\u0131ndan \u201c1002- H\u0131zl\u0131 Destek Program\u0131\u201d kapsam\u0131nda desteklenmeye uygun bulundu.<\/p>\n","protected":false},"author":14,"featured_media":11211,"comment_status":"open","ping_status":"open","sticky":false,"template":"","format":"standard","meta":{"jnews-multi-image_gallery":[],"jnews_single_post":[],"jnews_primary_category":[],"jnews_social_meta":[],"jnews_override_counter":[],"footnotes":""},"categories":[178],"tags":[964,963,966,965,68],"class_list":["post-11209","post","type-post","status-publish","format-standard","has-post-thumbnail","hentry","category-fakultemizden","tag-dr-ogr-uyesi-firat-tufan","tag-iletisim-fakultesi-tubitak-destegi","tag-radyo","tag-radyo-yayinciligi","tag-tubitak"],"_links":{"self":[{"href":"https:\/\/iletim.istanbul.edu.tr\/index.php\/wp-json\/wp\/v2\/posts\/11209","targetHints":{"allow":["GET"]}}],"collection":[{"href":"https:\/\/iletim.istanbul.edu.tr\/index.php\/wp-json\/wp\/v2\/posts"}],"about":[{"href":"https:\/\/iletim.istanbul.edu.tr\/index.php\/wp-json\/wp\/v2\/types\/post"}],"author":[{"embeddable":true,"href":"https:\/\/iletim.istanbul.edu.tr\/index.php\/wp-json\/wp\/v2\/users\/14"}],"replies":[{"embeddable":true,"href":"https:\/\/iletim.istanbul.edu.tr\/index.php\/wp-json\/wp\/v2\/comments?post=11209"}],"version-history":[{"count":0,"href":"https:\/\/iletim.istanbul.edu.tr\/index.php\/wp-json\/wp\/v2\/posts\/11209\/revisions"}],"wp:featuredmedia":[{"embeddable":true,"href":"https:\/\/iletim.istanbul.edu.tr\/index.php\/wp-json\/wp\/v2\/media\/11211"}],"wp:attachment":[{"href":"https:\/\/iletim.istanbul.edu.tr\/index.php\/wp-json\/wp\/v2\/media?parent=11209"}],"wp:term":[{"taxonomy":"category","embeddable":true,"href":"https:\/\/iletim.istanbul.edu.tr\/index.php\/wp-json\/wp\/v2\/categories?post=11209"},{"taxonomy":"post_tag","embeddable":true,"href":"https:\/\/iletim.istanbul.edu.tr\/index.php\/wp-json\/wp\/v2\/tags?post=11209"}],"curies":[{"name":"wp","href":"https:\/\/api.w.org\/{rel}","templated":true}]}}