{"id":11795,"date":"2019-09-03T18:39:24","date_gmt":"2019-09-03T15:39:24","guid":{"rendered":"https:\/\/iletim.istanbul.edu.tr\/?p=11795"},"modified":"2019-09-06T03:53:23","modified_gmt":"2019-09-06T00:53:23","slug":"uyuyorum-buyuyorum-mutluyum","status":"publish","type":"post","link":"https:\/\/iletim.istanbul.edu.tr\/index.php\/2019\/09\/03\/uyuyorum-buyuyorum-mutluyum\/","title":{"rendered":"Uyuyorum, B\u00fcy\u00fcyorum, Mutluyum"},"content":{"rendered":"<p><strong>Tu\u011f\u00e7e AY\u00c7\u0130N<\/strong><\/p>\n<p>\u0130stanbul \u00dcniversitesi \u0130leti\u015fim Fak\u00fcltesi Halkla \u0130li\u015fkiler ve Tan\u0131t\u0131m B\u00f6l\u00fcm\u00fc \u00d6\u011fretim \u00dcyesi Prof. Dr. Y\u0131ld\u0131z Dilek Ert\u00fcrk\u2019\u00fcn, bilimsel ara\u015ft\u0131rma s\u00fcrecini y\u00f6netti\u011fi, LC Waikiki firmas\u0131na ait \u201cUyuyorum, B\u00fcy\u00fcyorum, Mutluyum\u201d temal\u0131 Mutlu D\u00fc\u015fler Koleksiyonu\u2019nun Lansman Toplant\u0131s\u0131 3 Eyl\u00fcl\u2019de Happy Hour Deneyim M\u00fczesi\u2019nde d\u00fczenlendi.<\/p>\n<p>LC Waikiki\u2019nin \u00e7ocuklarla bir araya gelerek tasarlad\u0131\u011f\u0131 ve ebeveynlerle \u00e7ocuklar aras\u0131nda payla\u015f\u0131m\u0131n ve ileti\u015fimin artmas\u0131n\u0131n hedeflendi\u011fi Mutlu D\u00fc\u015fler Koleksiyonu\u2019nun lansman toplant\u0131s\u0131, moderat\u00f6rl\u00fc\u011f\u00fcn\u00fc oyuncu Ceyda D\u00fcvenci\u2019nin \u00fcstlendi\u011fi s\u00f6yle\u015fi ile ger\u00e7ekle\u015ftirildi. S\u00f6yle\u015fide, Prof. Dr. Y\u0131ld\u0131z Dilek Ert\u00fcrk ve LC Waikiki Tasar\u0131m M\u00fcd\u00fcr\u00fc Mine G\u00fcll\u00fcda\u011f, \u00e7ocuklarla ger\u00e7ekle\u015ftirilen pijama koleksiyonu projesinin bilimsel ara\u015ft\u0131rma ve tasar\u0131m s\u00fcre\u00e7leri hakk\u0131nda a\u00e7\u0131klamalarda bulundu.<\/p>\n<p><strong>\u00c7ocuklardan \u0130lham Ald\u0131k<\/strong><\/p>\n<p>Projenin bilimsel ara\u015ft\u0131rma s\u00fcrecini y\u00fcr\u00fcten Prof. Dr. Y\u0131ld\u0131z Dilek Ert\u00fcrk, ara\u015ft\u0131rmada 3-9 ya\u015f aras\u0131 k\u0131z ve erkek \u00e7ocuklar\u0131n\u0131n yer ald\u0131\u011f\u0131n\u0131 belirtti. Yakla\u015f\u0131k 40 \u00e7ocukla \u0130stanbul Modern Sanat M\u00fczesi\u2019nde bir odak grup \u00e7al\u0131\u015fmas\u0131 yapt\u0131klar\u0131n\u0131 kaydeden Prof. Dr. Ert\u00fcrk, ara\u015ft\u0131rmaya \u0130leti\u015fim Fak\u00fcltesi \u00f6\u011frencilerinin, sosyologlar\u0131n ve psikologlar\u0131n da kat\u0131ld\u0131\u011f\u0131n\u0131 s\u00f6yledi. \u00c7ocuklara daha mutlu bir uyku arma\u011fan etmek i\u00e7in \u00e7ocuklardan ilham al\u0131nan bir koleksiyon haz\u0131rlad\u0131klar\u0131n\u0131 belirten Prof. Dr. Ert\u00fcrk ifadelerini \u015f\u00f6yle s\u00fcrd\u00fcrd\u00fc: \u201c\u00c7ocuklardan r\u00fcyalar\u0131n\u0131, odalar\u0131n\u0131 \u00e7izmelerini istedik. \u00c7izilen resimleri gruplayarak temalar\u0131na g\u00f6re ay\u0131rd\u0131k. \u00dcr\u00fcn geli\u015ftirme grubu baz\u0131 resimleri oldu\u011fu gibi kulland\u0131. \u00c7ocu\u011fun aile ile kurulan ili\u015fkisini, yuva s\u0131cakl\u0131\u011f\u0131n\u0131 hissettirebilmek i\u00e7in bilim ve halk\u0131n bulu\u015ftu\u011fu bu projede, onlara daha \u00e7ok medyay\u0131 ula\u015ft\u0131rabilme olana\u011f\u0131 bize tan\u0131nd\u0131\u011f\u0131 i\u00e7in de \u00e7al\u0131\u015fmam\u0131za \u00e7ok \u00f6nem verdik. \u00dcniversitemizin ad\u0131n\u0131n da bu \u00e7al\u0131\u015fmada olmas\u0131 benim i\u00e7in olduk\u00e7a gurur verici oldu. \u00c7\u00fcnk\u00fc bu \u00e7al\u0131\u015fmayla \u00e7ok say\u0131da insana ula\u015f\u0131p onlar\u0131 bu konuda bilgilendirebilece\u011fiz.\u201d<\/p>\n<figure id=\"attachment_11796\" aria-describedby=\"caption-attachment-11796\" style=\"width: 702px\" class=\"wp-caption alignnone\"><img decoding=\"async\" class=\"wp-image-11796 size-large\" src=\"https:\/\/iletim.istanbul.edu.tr\/wp-content\/uploads\/DSC_0092-1024x608.jpg\" alt=\"\" width=\"702\" height=\"417\" srcset=\"https:\/\/iletim.istanbul.edu.tr\/wp-content\/uploads\/DSC_0092-1024x608.jpg 1024w, https:\/\/iletim.istanbul.edu.tr\/wp-content\/uploads\/DSC_0092-300x178.jpg 300w, https:\/\/iletim.istanbul.edu.tr\/wp-content\/uploads\/DSC_0092-768x456.jpg 768w\" sizes=\"(max-width: 702px) 100vw, 702px\" \/><figcaption id=\"caption-attachment-11796\" class=\"wp-caption-text\">Prof. Dr. Y\u0131ld\u0131z Dilek Ert\u00fcrk<\/figcaption><\/figure>\n<p><strong>Ara\u015ft\u0131rmada 5 Temaya Ula\u015f\u0131ld\u0131<\/strong><\/p>\n<p>\u00c7ocuklar\u0131n r\u00fcya temalar\u0131 i\u00e7inde en \u00fcst teman\u0131n \u201cs\u0131n\u0131rs\u0131zl\u0131k\u201d olarak saptand\u0131\u011f\u0131n\u0131 ve r\u00fcyalar\u0131n \u00e7ocuklara neredeyse masal tad\u0131nda limitsiz alanlar sundu\u011funu kaydeden Prof. Dr. Ert\u00fcrk, ara\u015ft\u0131rma kapsam\u0131nda; Farkl\u0131 D\u00fcnyalar\u0131n Kap\u0131s\u0131n\u0131 Aralamak, S\u0131cak Bir Yuvada Olmak, Bulutlar\u0131n \u00dcst\u00fcnde U\u00e7mak, Bir Kahraman Taraf\u0131ndan Kurtar\u0131lma ve Uykuya Haz\u0131rl\u0131k Anlar\u0131 olmak \u00fczere 5 temaya ula\u015ft\u0131klar\u0131n\u0131 belirtti.<\/p>\n<p><strong>\u00c7ocuklar\u0131n \u00c7izdiklerini Tasar\u0131mlar\u0131m\u0131za Yans\u0131tt\u0131k<\/strong><\/p>\n<p>LC Waikiki Tasar\u0131m M\u00fcd\u00fcr\u00fc Mine G\u00fcll\u00fcda\u011f ise konu\u015fmas\u0131nda \u201cLC Waikiki olarak yapt\u0131\u011f\u0131m\u0131z pijama koleksiyonumuza farkl\u0131 bir bak\u0131\u015f a\u00e7\u0131s\u0131 ile yakla\u015fmak istedik. Bunu yaparken \u00e7ocuklar\u0131n r\u00fcyalar\u0131ndan ve uykunun onlar i\u00e7in anlam\u0131ndan yola \u00e7\u0131kmaya \u00e7al\u0131\u015ft\u0131k\u201d ifadelerini kulland\u0131. G\u00fcll\u00fcda\u011f, uzman deste\u011fini alarak daha sa\u011fl\u0131kl\u0131, amac\u0131na hizmet eden ve i\u00e7erik anlam\u0131nda daha dolu bir \u00e7al\u0131\u015fma olmas\u0131 bilinciyle hareket etmek istediklerini s\u00f6yleyerek \u201cProjemiz, Prof. Dr. Y\u0131ld\u0131z Dilek Ert\u00fcrk Hocam\u0131z sayesinde bilimsel bir ara\u015ft\u0131rmaya ve somut verilere kavu\u015ftu\u201d dedi. \u201c\u00c7ocuklar\u0131 i\u015fin i\u00e7ine katt\u0131\u011f\u0131m\u0131z i\u00e7in, tasar\u0131m a\u015famas\u0131nda \u00e7ocuklar bize ne \u00e7izdiyse, biz onlar\u0131 tasar\u0131mlar\u0131m\u0131za yans\u0131tt\u0131k\u201d \u015feklinde konu\u015fan G\u00fcll\u00fcda\u011f, \u00e7ocuklarla birlikte farkl\u0131 g\u00f6zlerle bakmay\u0131 deneyimlediklerine ve bunun farkl\u0131 bak\u0131\u015f a\u00e7\u0131lar\u0131 kazanma noktas\u0131nda olduk\u00e7a \u00f6nemli oldu\u011funa dikkat \u00e7ekti.<\/p>\n<figure id=\"attachment_11798\" aria-describedby=\"caption-attachment-11798\" style=\"width: 702px\" class=\"wp-caption alignnone\"><img decoding=\"async\" class=\"wp-image-11798 size-large\" src=\"https:\/\/iletim.istanbul.edu.tr\/wp-content\/uploads\/DSC_0103-1024x677.jpg\" alt=\"\" width=\"702\" height=\"464\" srcset=\"https:\/\/iletim.istanbul.edu.tr\/wp-content\/uploads\/DSC_0103-1024x677.jpg 1024w, https:\/\/iletim.istanbul.edu.tr\/wp-content\/uploads\/DSC_0103-300x198.jpg 300w, https:\/\/iletim.istanbul.edu.tr\/wp-content\/uploads\/DSC_0103-768x508.jpg 768w, https:\/\/iletim.istanbul.edu.tr\/wp-content\/uploads\/DSC_0103-214x140.jpg 214w\" sizes=\"(max-width: 702px) 100vw, 702px\" \/><figcaption id=\"caption-attachment-11798\" class=\"wp-caption-text\">Mine G\u00fcll\u00fcda\u011f<\/figcaption><\/figure>\n<p><strong>\u2018R\u00fcya Bir Hayat K\u0131lavuzudur\u2019<\/strong><\/p>\n<p>S\u00f6yle\u015finin moderat\u00f6r\u00fc Ceyda D\u00fcvenci ise projenin her a\u00e7\u0131dan \u00e7ok k\u0131ymetli oldu\u011funun alt\u0131n\u0131 \u00e7izdi. \u201cD\u00fcnya \u00e7ap\u0131nda ba\u015far\u0131 elde etmi\u015f bir markan\u0131n \u00e7ocuklar\u0131n r\u00fcyas\u0131ndan yola \u00e7\u0131karak bir koleksiyon haz\u0131rl\u0131yor olmas\u0131, bu fikrin kitlelere ula\u015ft\u0131r\u0131lmas\u0131 ve g\u00fcn\u00fcn sonunda bu projenin unuttu\u011fumuz bir\u00e7ok \u015feyi hat\u0131rlamam\u0131z\u0131 sa\u011flamas\u0131 \u00e7ok m\u00fchim\u201d diye konu\u015fan D\u00fcvenci, projenin unutulanlar\u0131 hat\u0131rlatan ve yanl\u0131\u015f bilinenleri do\u011frulayan taraflar\u0131 oldu\u011funu belirtti. \u201cR\u00fcya bir hayat k\u0131lavuzudur\u201d ifadelerini kullanan D\u00fcvenci, \u00e7ocuklar\u0131n r\u00fcyalar\u0131ndan yola \u00e7\u0131k\u0131larak onlar\u0131n d\u00fcnyas\u0131na katk\u0131da bulunulmas\u0131n\u0131n ve bu katk\u0131n\u0131n ebeveynlere de yaram\u0131\u015f olmas\u0131n\u0131n olduk\u00e7a \u00f6nemli oldu\u011funu dile getirdi.<\/p>\n<figure id=\"attachment_11797\" aria-describedby=\"caption-attachment-11797\" style=\"width: 702px\" class=\"wp-caption alignnone\"><img decoding=\"async\" class=\"wp-image-11797 size-large\" src=\"https:\/\/iletim.istanbul.edu.tr\/wp-content\/uploads\/DSC_0084-2-1024x707.jpg\" alt=\"\" width=\"702\" height=\"485\" srcset=\"https:\/\/iletim.istanbul.edu.tr\/wp-content\/uploads\/DSC_0084-2-1024x707.jpg 1024w, https:\/\/iletim.istanbul.edu.tr\/wp-content\/uploads\/DSC_0084-2-300x207.jpg 300w, https:\/\/iletim.istanbul.edu.tr\/wp-content\/uploads\/DSC_0084-2-768x530.jpg 768w\" sizes=\"(max-width: 702px) 100vw, 702px\" \/><figcaption id=\"caption-attachment-11797\" class=\"wp-caption-text\">Ceyda D\u00fcvenci<\/figcaption><\/figure>\n<div id='gallery_1' class='gallery galleryid-11795 gallery-columns-3 gallery-size-thumbnail'><figure class='gallery-item'>\n                <div class='gallery-icon landscape'>\n                    <a href='https:\/\/iletim.istanbul.edu.tr\/wp-content\/uploads\/DSC_0065.jpg'><img loading=\"lazy\" decoding=\"async\" width=\"150\" height=\"150\" src=\"\" class=\"attachment-thumbnail size-thumbnail lazyload\" alt=\"\" data-src=\"https:\/\/iletim.istanbul.edu.tr\/wp-content\/uploads\/DSC_0065-150x150.jpg\" data-sizes=\"auto\" data-srcset=\"\" data-expand=\"700\" \/><\/a>\n                <\/div><\/figure><figure class='gallery-item'>\n                <div class='gallery-icon landscape'>\n                    <a href='https:\/\/iletim.istanbul.edu.tr\/wp-content\/uploads\/DSC_0073-2.jpg'><img loading=\"lazy\" decoding=\"async\" width=\"150\" height=\"150\" src=\"\" class=\"attachment-thumbnail size-thumbnail lazyload\" alt=\"\" data-src=\"https:\/\/iletim.istanbul.edu.tr\/wp-content\/uploads\/DSC_0073-2-150x150.jpg\" data-sizes=\"auto\" data-srcset=\"\" data-expand=\"700\" \/><\/a>\n                <\/div><\/figure><figure class='gallery-item'>\n                <div class='gallery-icon landscape'>\n                    <a href='https:\/\/iletim.istanbul.edu.tr\/wp-content\/uploads\/DSC_0113-2.jpg'><img loading=\"lazy\" decoding=\"async\" width=\"150\" height=\"150\" src=\"\" class=\"attachment-thumbnail size-thumbnail lazyload\" alt=\"\" data-src=\"https:\/\/iletim.istanbul.edu.tr\/wp-content\/uploads\/DSC_0113-2-150x150.jpg\" data-sizes=\"auto\" data-srcset=\"\" data-expand=\"700\" \/><\/a>\n                <\/div><\/figure><br style=\"clear: both\" \/><figure class='gallery-item'>\n                <div class='gallery-icon landscape'>\n                    <a href='https:\/\/iletim.istanbul.edu.tr\/wp-content\/uploads\/DSC_0128.jpg'><img loading=\"lazy\" decoding=\"async\" width=\"150\" height=\"150\" src=\"\" class=\"attachment-thumbnail size-thumbnail lazyload\" alt=\"\" data-src=\"https:\/\/iletim.istanbul.edu.tr\/wp-content\/uploads\/DSC_0128-150x150.jpg\" data-sizes=\"auto\" data-srcset=\"\" data-expand=\"700\" \/><\/a>\n                <\/div><\/figure><figure class='gallery-item'>\n                <div class='gallery-icon landscape'>\n                    <a href='https:\/\/iletim.istanbul.edu.tr\/wp-content\/uploads\/DSC_0141.jpg'><img loading=\"lazy\" decoding=\"async\" width=\"150\" height=\"150\" src=\"\" class=\"attachment-thumbnail size-thumbnail lazyload\" alt=\"\" data-src=\"https:\/\/iletim.istanbul.edu.tr\/wp-content\/uploads\/DSC_0141-150x150.jpg\" data-sizes=\"auto\" data-srcset=\"\" data-expand=\"700\" \/><\/a>\n                <\/div><\/figure><figure class='gallery-item'>\n                <div class='gallery-icon landscape'>\n                    <a href='https:\/\/iletim.istanbul.edu.tr\/wp-content\/uploads\/DSC_0154-4.jpg'><img loading=\"lazy\" decoding=\"async\" width=\"150\" height=\"150\" src=\"\" class=\"attachment-thumbnail size-thumbnail lazyload\" alt=\"\" data-src=\"https:\/\/iletim.istanbul.edu.tr\/wp-content\/uploads\/DSC_0154-4-150x150.jpg\" data-sizes=\"auto\" data-srcset=\"\" data-expand=\"700\" \/><\/a>\n                <\/div><\/figure><br style=\"clear: both\" \/>\n            <\/div>\n\n","protected":false},"excerpt":{"rendered":"<p>\u0130stanbul \u00dcniversitesi \u0130leti\u015fim Fak\u00fcltesi Halkla \u0130li\u015fkiler ve Tan\u0131t\u0131m B\u00f6l\u00fcm\u00fc \u00d6\u011fretim \u00dcyesi Prof. Dr. Y\u0131ld\u0131z Dilek Ert\u00fcrk\u2019\u00fcn, bilimsel ara\u015ft\u0131rma s\u00fcrecini y\u00f6netti\u011fi, LC Waikiki firmas\u0131na ait \u201cUyuyorum, B\u00fcy\u00fcyorum, Mutluyum\u201d temal\u0131 Mutlu D\u00fc\u015fler Koleksiyonu\u2019nun Lansman Toplant\u0131s\u0131 3 Eyl\u00fcl\u2019de Happy Hour Deneyim M\u00fczesi\u2019nde d\u00fczenlendi.<\/p>\n","protected":false},"author":14,"featured_media":11806,"comment_status":"open","ping_status":"open","sticky":false,"template":"","format":"standard","meta":{"jnews-multi-image_gallery":[],"jnews_single_post":[],"jnews_primary_category":[],"jnews_social_meta":[],"jnews_override_counter":[],"footnotes":""},"categories":[35],"tags":[1045,1047,1046,1051,1049,1044,1048,1043,1050],"class_list":["post-11795","post","type-post","status-publish","format-standard","has-post-thumbnail","hentry","category-yasam","tag-ceyda-duvenci","tag-lc-waikiki","tag-lcw","tag-lcw-mutlu-dusler","tag-lcw-mutlu-dusler-koleksiyonu","tag-mine-gulludag","tag-mutlu-dusler-koleksiyonu","tag-prof-dr-yildiz-dilek-erturk","tag-uyuyorum-buyuyorum-mutluyum"],"_links":{"self":[{"href":"https:\/\/iletim.istanbul.edu.tr\/index.php\/wp-json\/wp\/v2\/posts\/11795","targetHints":{"allow":["GET"]}}],"collection":[{"href":"https:\/\/iletim.istanbul.edu.tr\/index.php\/wp-json\/wp\/v2\/posts"}],"about":[{"href":"https:\/\/iletim.istanbul.edu.tr\/index.php\/wp-json\/wp\/v2\/types\/post"}],"author":[{"embeddable":true,"href":"https:\/\/iletim.istanbul.edu.tr\/index.php\/wp-json\/wp\/v2\/users\/14"}],"replies":[{"embeddable":true,"href":"https:\/\/iletim.istanbul.edu.tr\/index.php\/wp-json\/wp\/v2\/comments?post=11795"}],"version-history":[{"count":0,"href":"https:\/\/iletim.istanbul.edu.tr\/index.php\/wp-json\/wp\/v2\/posts\/11795\/revisions"}],"wp:featuredmedia":[{"embeddable":true,"href":"https:\/\/iletim.istanbul.edu.tr\/index.php\/wp-json\/wp\/v2\/media\/11806"}],"wp:attachment":[{"href":"https:\/\/iletim.istanbul.edu.tr\/index.php\/wp-json\/wp\/v2\/media?parent=11795"}],"wp:term":[{"taxonomy":"category","embeddable":true,"href":"https:\/\/iletim.istanbul.edu.tr\/index.php\/wp-json\/wp\/v2\/categories?post=11795"},{"taxonomy":"post_tag","embeddable":true,"href":"https:\/\/iletim.istanbul.edu.tr\/index.php\/wp-json\/wp\/v2\/tags?post=11795"}],"curies":[{"name":"wp","href":"https:\/\/api.w.org\/{rel}","templated":true}]}}