{"id":11843,"date":"2019-09-17T10:00:09","date_gmt":"2019-09-17T07:00:09","guid":{"rendered":"https:\/\/iletim.istanbul.edu.tr\/?p=11843"},"modified":"2019-09-19T15:35:35","modified_gmt":"2019-09-19T12:35:35","slug":"istanbul-universitesi-iletisim-fakultesi-oryantasyon-programi-basladi-2","status":"publish","type":"post","link":"https:\/\/iletim.istanbul.edu.tr\/index.php\/2019\/09\/17\/istanbul-universitesi-iletisim-fakultesi-oryantasyon-programi-basladi-2\/","title":{"rendered":"\u0130stanbul \u00dcniversitesi \u0130leti\u015fim Fak\u00fcltesi Oryantasyon Program\u0131 Ba\u015flad\u0131"},"content":{"rendered":"<p>I\u015f\u0131l SIP\u00c7IK<br \/>\nDicle G\u00dcNG\u00d6R<br \/>\nFoto\u011fraf: Hamza AKTAY<\/p>\n<p>\u0130stanbul \u00dcniversitesi \u0130leti\u015fim Fak\u00fcltesi 2019-2020 Akademik Y\u0131l\u0131 Oryantasyon Program\u0131 16 Eyl\u00fcl\u2019de ba\u015flad\u0131.<\/p>\n<p>\u0130leti\u015fim Fak\u00fcltesi Konferans Salonu\u2019nda yap\u0131lan Oryantasyon Program\u0131, sayg\u0131 duru\u015fu, \u0130stiklal Mar\u015f\u0131\u2019n\u0131n okunmas\u0131 ve tan\u0131t\u0131m filminin izlenmesi ile ba\u015flad\u0131. Program\u0131n a\u00e7\u0131l\u0131\u015f konu\u015fmas\u0131 \u0130leti\u015fim Fak\u00fcltesi Dekan\u0131 Prof. Dr. Erg\u00fcn Yolcu taraf\u0131ndan yap\u0131ld\u0131.<\/p>\n<p><img decoding=\"async\" class=\" wp-image-11845 aligncenter\" src=\"https:\/\/iletim.istanbul.edu.tr\/wp-content\/uploads\/DSC_4637-300x180.jpg\" alt=\"\" width=\"748\" height=\"449\" srcset=\"https:\/\/iletim.istanbul.edu.tr\/wp-content\/uploads\/DSC_4637-300x180.jpg 300w, https:\/\/iletim.istanbul.edu.tr\/wp-content\/uploads\/DSC_4637-768x461.jpg 768w, https:\/\/iletim.istanbul.edu.tr\/wp-content\/uploads\/DSC_4637-1024x615.jpg 1024w\" sizes=\"(max-width: 748px) 100vw, 748px\" \/><\/p>\n<p>Prof. Dr. Yolcu, \u201cT\u00fcrkiye\u2019nin 100. y\u0131l mezunlar\u0131n\u0131 g\u00f6r\u00fcyoruz. \u0130stiyoruz ki sizler de \u00fclkemize \u00e7ok g\u00fczel i\u015fler yap\u0131n. \u0130leti\u015fim d\u00fcnyas\u0131n\u0131n b\u00fct\u00fcn alanlar\u0131 sizlerin \u00e7al\u0131\u015fma alanlar\u0131n\u0131z\u201d diyerek \u0130stanbul \u00dcniversitesi\u2019ni kazanan \u00f6\u011frencileri tebrik etti, oryantasyon e\u011fitiminin fak\u00fcltemize ilk defa gelenler i\u00e7in bir rehber niteli\u011finde olaca\u011f\u0131n\u0131 belirtti. Prof. Dr. Yolcu, fak\u00fcltemizde sene i\u00e7inde ger\u00e7ekle\u015fecek olan s\u00f6yle\u015filerle, ger\u00e7ekle\u015ftirilen at\u00f6lyelerle \u00f6\u011frencilerin kendini geli\u015ftirebilece\u011fini s\u00f6yledi.<\/p>\n<p>\u0130leti\u015fim fak\u00fclteleri baz\u0131nda ele al\u0131nd\u0131\u011f\u0131nda T\u00fcrkiye\u2019nin ilk \u0130leti\u015fim Fak\u00fcltesi olmas\u0131n\u0131n yan\u0131 s\u0131ra \u00fclke \u00e7ap\u0131ndat\u00fcm b\u00f6l\u00fcmlerimizin kendi alanlar\u0131nda en y\u00fcksek puanlarla tercih edilen b\u00f6l\u00fcmler oldu\u011funu belirten Prof. Dr. Yolcu, 2019-2020 e\u011fitim-\u00f6\u011fretim y\u0131l\u0131 ba\u015f\u0131nda \u0130leti\u015fim Fak\u00fcltesi\u2019ni kazanan \u00f6\u011frenci say\u0131s\u0131n\u0131n 3896 oldu\u011funu s\u00f6yledi.<\/p>\n<p>Prof. Dr. Yolcu, \u201cBirinci s\u0131n\u0131fa ba\u015flad\u0131\u011f\u0131n\u0131zda uygulama birimlerinde \u00e7al\u0131\u015fmaya ba\u015flay\u0131n. Uygulama birimlerinde \u00e7al\u0131\u015f\u0131rsan\u0131z hem hocalar\u0131n\u0131za kendinizi tan\u0131t\u0131rs\u0131n\u0131z hem de yeteneklerinizi geli\u015ftirebilirsiniz. Bo\u015f zamanlar\u0131n\u0131zda mutlaka size o \u00e7al\u0131\u015fma disiplinini verecek birimlerimizde \u00e7al\u0131\u015fman\u0131z\u0131 \u00f6neriyorum. Bir s\u00fcre kadro eksikli\u011finden dolay\u0131 ara verdi\u011fimiz ara\u015ft\u0131rma alan\u0131ndaki uygulama birimimiz, akamedyam\u0131z bu sene devreye girecek\u201d diyerek bu sene yeni bir uygulama biriminin a\u00e7\u0131laca\u011f\u0131n\u0131 da belirtti.<\/p>\n<p>Prof. Dr. Yolcu\u2019nun konu\u015fmas\u0131n\u0131n ard\u0131ndan b\u00f6l\u00fcmlerine dereceyle giren \u00f6\u011frencilere \u0130leti\u015fim Fak\u00fcltesi Dekan\u0131 Prof. Dr. Erg\u00fcn Yolcu taraf\u0131ndan hediye ve rozet takdimi yap\u0131ld\u0131.<\/p>\n<p><img decoding=\"async\" class=\" wp-image-11846 aligncenter\" src=\"https:\/\/iletim.istanbul.edu.tr\/wp-content\/uploads\/DSC_4656-300x192.jpg\" alt=\"\" width=\"694\" height=\"444\" srcset=\"https:\/\/iletim.istanbul.edu.tr\/wp-content\/uploads\/DSC_4656-300x192.jpg 300w, https:\/\/iletim.istanbul.edu.tr\/wp-content\/uploads\/DSC_4656-768x492.jpg 768w, https:\/\/iletim.istanbul.edu.tr\/wp-content\/uploads\/DSC_4656-1024x656.jpg 1024w, https:\/\/iletim.istanbul.edu.tr\/wp-content\/uploads\/DSC_4656-103x65.jpg 103w\" sizes=\"(max-width: 694px) 100vw, 694px\" \/><\/p>\n<p>Dereceye giren \u00f6\u011frencilere rozet takdiminin ard\u0131ndan \u201cDersler ve Ders Program\u0131 Hakk\u0131nda Bilgilendirme Sunumu\u201d yapan \u0130leti\u015fim Fak\u00fcltesi Dekan Yard\u0131mc\u0131s\u0131 Do\u00e7. Dr. Burcu Kaya Erdem, \u201cHepinizi \u0130stanbul \u00dcniversitesi \u00f6\u011frencisi olma hakk\u0131n\u0131 kazanman\u0131zdan dolay\u0131 tek tek kutluyorum, bu b\u00fcy\u00fck bir ba\u015far\u0131. Ancak bu ba\u015far\u0131n\u0131zla yaln\u0131zca yolun yar\u0131s\u0131n\u0131 kat etmi\u015f durumdas\u0131n\u0131z. Ba\u015far\u0131 s\u00fcrecinizi tamamlamak i\u00e7in bir ba\u015fka yolun ba\u015f\u0131ndas\u0131n\u0131z. \u00c7\u00fcnk\u00fc \u00fcniversite denildi\u011finde ilk g\u00f6rsel olarak kar\u015f\u0131n\u0131za \u00e7\u0131kan \u0130stanbul \u00dcniversitesi\u2019nin g\u00f6rkemli kap\u0131s\u0131ndan girmi\u015f bulunuyorsunuz\u201d dedi. Do\u00e7. Dr. Kaya Erdem, e\u011fitim planlamas\u0131 yap\u0131l\u0131rken hangi unsurlara dikkat edilmesi gerekti\u011fini a\u00e7\u0131klad\u0131, ders se\u00e7me i\u015flemleri ve AKS\u0130S hakk\u0131nda bilgi verdi.<\/p>\n<p><img decoding=\"async\" class=\" wp-image-11847 aligncenter\" src=\"https:\/\/iletim.istanbul.edu.tr\/wp-content\/uploads\/DSC_4663-300x192.jpg\" alt=\"\" width=\"756\" height=\"483\" srcset=\"https:\/\/iletim.istanbul.edu.tr\/wp-content\/uploads\/DSC_4663-300x192.jpg 300w, https:\/\/iletim.istanbul.edu.tr\/wp-content\/uploads\/DSC_4663-768x491.jpg 768w, https:\/\/iletim.istanbul.edu.tr\/wp-content\/uploads\/DSC_4663-1024x655.jpg 1024w, https:\/\/iletim.istanbul.edu.tr\/wp-content\/uploads\/DSC_4663-103x65.jpg 103w\" sizes=\"(max-width: 756px) 100vw, 756px\" \/><\/p>\n<p>\u201c\u0130leti\u015fim Fak\u00fcltesi Staj Faaliyetleri Bilgilendirme Sunumu\u201d ger\u00e7ekle\u015ftiren Dekan Yard\u0131mc\u0131s\u0131 Dr. \u00d6\u011fr. \u00dcyesi \u00dcmit Sar\u0131 fak\u00fcltemizdeki staj faaliyetleri ile ilgili, \u201c\u00d6ncelikle bizde staj ikiye ayr\u0131l\u0131yor, i\u00e7 ve d\u0131\u015f staj olarak. \u00d6nceki senelerde i\u00e7 staj\u0131m\u0131z\u0131 d\u00f6nem boyunca yapabiliyordunuz. Hem staj yapacak \u00f6\u011frencilerin hem de staj yap\u0131lan birimlerdeki koordinasyonunu sa\u011flayabilmek ad\u0131na i\u00e7 stajlar\u0131 bir ders olarak transkriptinize koyduk\u201d diyerek s\u00f6zlerini i\u00e7 ve d\u0131\u015f staj\u0131n ayr\u0131mlar\u0131, staj\u0131n \u00f6nemini a\u00e7\u0131klad\u0131ktan sonra s\u00f6zlerine son verdi.<\/p>\n<p><img decoding=\"async\" class=\" wp-image-11853 aligncenter\" style=\"font-size: 14px;font-family: 'Open Sans', Arial, sans-serif\" src=\"https:\/\/iletim.istanbul.edu.tr\/wp-content\/uploads\/HMZ_9604-300x194.jpg\" alt=\"\" width=\"705\" height=\"456\" srcset=\"https:\/\/iletim.istanbul.edu.tr\/wp-content\/uploads\/HMZ_9604-300x194.jpg 300w, https:\/\/iletim.istanbul.edu.tr\/wp-content\/uploads\/HMZ_9604-768x497.jpg 768w, https:\/\/iletim.istanbul.edu.tr\/wp-content\/uploads\/HMZ_9604-1024x663.jpg 1024w\" sizes=\"(max-width: 705px) 100vw, 705px\" \/><\/p>\n<p>Dr. \u00d6\u011fr. \u00dcyesi Sar\u0131\u2019n\u0131n ard\u0131ndan Dr. \u00d6\u011fr. \u00dcyesi Onur Akyol, \u201cUygulama Birimleri Hakk\u0131nda Bilgilendirme Sunumu\u201dnu ger\u00e7ekle\u015ftirdi. \u0130letim Gazetesi, Ajans \u0130stanbul \u0130leti\u015fim, Radyo \u0130leti\u015fim ve \u0130\u00dcWEBTV olmak \u00fczere d\u00f6rt uygulama birimi oldu\u011funu kaydeden Dr. \u00d6\u011fr. \u00dcyesi Akyol, birimlerin kurulu\u015f ama\u00e7lar\u0131n\u0131 ve yapt\u0131\u011f\u0131 etkinlikleri \u00f6\u011frencilerle payla\u015ft\u0131. Birimlerin tan\u0131t\u0131mlar\u0131n\u0131n ard\u0131ndan tan\u0131t\u0131m videolar\u0131 izlendi.<\/p>\n<p><img decoding=\"async\" class=\" wp-image-11848 aligncenter\" src=\"https:\/\/iletim.istanbul.edu.tr\/wp-content\/uploads\/DSC_4686-300x199.jpg\" alt=\"\" width=\"748\" height=\"496\" srcset=\"https:\/\/iletim.istanbul.edu.tr\/wp-content\/uploads\/DSC_4686-300x199.jpg 300w, https:\/\/iletim.istanbul.edu.tr\/wp-content\/uploads\/DSC_4686-768x510.jpg 768w, https:\/\/iletim.istanbul.edu.tr\/wp-content\/uploads\/DSC_4686-1024x680.jpg 1024w\" sizes=\"(max-width: 748px) 100vw, 748px\" \/><\/p>\n<p>Program, Prof. Dr. Ay\u015fen Akkor G\u00fcl\u2019\u00fcn \u201cErasmus De\u011fi\u015fim Program\u0131 Sunumu\u201d ile devam etti. Prof. Dr.\u00a0 Akkor G\u00fcl, konu\u015fmas\u0131nda \u0130stanbul \u00dcniversitesi&#8217;nin 23 \u00fcniversiteyle anla\u015fmalar\u0131 2021 y\u0131l\u0131na kadar s\u00fcrecek olan Erasmus Programlar\u0131 hakk\u0131nda bilgi verdikten sonra \u201cProgram\u0131n misonu y\u00fcksek \u00f6\u011frenim kalitesini artt\u0131rarak \u00f6\u011frencilerde farkl\u0131 k\u00fclt\u00fcrlere ya\u015fam bi\u00e7imlerine kar\u015f\u0131 toleransl\u0131 bir yakla\u015f\u0131m becerisi geli\u015ftirmek. Ayn\u0131 zamanda istihdam piyasas\u0131na uygun eleman yeti\u015ftirmek\u201d s\u00f6zleriyle Erasmus program\u0131n\u0131n ama\u00e7lar\u0131n\u0131 dile getirdi.<\/p>\n<p><img decoding=\"async\" class=\" wp-image-11849 aligncenter\" src=\"https:\/\/iletim.istanbul.edu.tr\/wp-content\/uploads\/DSC_4689-300x200.jpg\" alt=\"\" width=\"715\" height=\"476\" srcset=\"https:\/\/iletim.istanbul.edu.tr\/wp-content\/uploads\/DSC_4689-300x200.jpg 300w, https:\/\/iletim.istanbul.edu.tr\/wp-content\/uploads\/DSC_4689-768x512.jpg 768w, https:\/\/iletim.istanbul.edu.tr\/wp-content\/uploads\/DSC_4689-1024x682.jpg 1024w\" sizes=\"(max-width: 715px) 100vw, 715px\" \/><\/p>\n<p>Bir di\u011fer \u00f6\u011frenci program\u0131 olan Mevlana De\u011fi\u015fim Program\u0131\u2019n\u0131 tan\u0131tan Prof. Dr. Se\u00e7kin \u00d6zmen, bu program\u0131n \u00f6\u011frencilere Avrupa \u00fclkeleri haricindeki \u00fclkelere gitme f\u0131rsat\u0131 verdi\u011fini belirtti.<\/p>\n<p>Prof. Dr. \u00d6zmen \u201cBu program Erasmus kadar ilgi g\u00f6ren bir program de\u011fil. Mevlana Avrupa \u00fclkelerinden ziyade di\u011fer \u00fclkelerde farkl\u0131 k\u00fclt\u00fcrleri, farkl\u0131 e\u011fitim disiplinlerini tecr\u00fcbe etmenizi sa\u011flayan bir program\u201d diyerek Mevlana\u2019n\u0131n Erasmus\u2019a g\u00f6re \u00f6\u011frencilere daha \u00e7ok \u00e7e\u015fitlilik vaat etti\u011fini dile getirdi.<\/p>\n<p><img decoding=\"async\" class=\" wp-image-11850 aligncenter\" src=\"https:\/\/iletim.istanbul.edu.tr\/wp-content\/uploads\/DSC_4694-300x194.jpg\" alt=\"\" width=\"722\" height=\"467\" srcset=\"https:\/\/iletim.istanbul.edu.tr\/wp-content\/uploads\/DSC_4694-300x194.jpg 300w, https:\/\/iletim.istanbul.edu.tr\/wp-content\/uploads\/DSC_4694-768x497.jpg 768w, https:\/\/iletim.istanbul.edu.tr\/wp-content\/uploads\/DSC_4694-1024x663.jpg 1024w\" sizes=\"(max-width: 722px) 100vw, 722px\" \/><\/p>\n<p>\u0130stanbul \u00dcniversitesi b\u00fcnyesindeki \u00f6\u011frencilere sa\u011flanan Farabi program\u0131 hakk\u0131nda bilgi veren Prof. Dr. Belk\u0131s Ulusoy, Farabi\u2019nin T\u00fcrkiye\u2019deki \u00fcniversiteler aras\u0131ndaki de\u011fi\u015fimi kapsayan bir program oldu\u011funu belirtti. \u0130stanbul \u00dcniversitesi\u2019nin 89\u2019u devlet 1\u2019i vak\u0131f olmak \u00fczere 90 \u00fcniversite ile anla\u015fmas\u0131 oldu\u011funu da dile getirdi.<\/p>\n<p><img decoding=\"async\" class=\" wp-image-11851 aligncenter\" src=\"https:\/\/iletim.istanbul.edu.tr\/wp-content\/uploads\/DSC_4695-300x192.jpg\" alt=\"\" width=\"781\" height=\"500\" srcset=\"https:\/\/iletim.istanbul.edu.tr\/wp-content\/uploads\/DSC_4695-300x192.jpg 300w, https:\/\/iletim.istanbul.edu.tr\/wp-content\/uploads\/DSC_4695-768x491.jpg 768w, https:\/\/iletim.istanbul.edu.tr\/wp-content\/uploads\/DSC_4695-1024x655.jpg 1024w, https:\/\/iletim.istanbul.edu.tr\/wp-content\/uploads\/DSC_4695-103x65.jpg 103w\" sizes=\"(max-width: 781px) 100vw, 781px\" \/><\/p>\n<p>Program\u0131n devam\u0131nda \u201cAsk\u0131da Ne Var?\u201d Kurulu\u015funun Genel M\u00fcd\u00fcr\u00fc olan Sanem Turan Y\u0131ld\u0131z s\u00f6z ald\u0131. Turan Y\u0131ld\u0131z, konu\u015fmas\u0131na \u201cAsk\u0131da Ne Var?\u201d organizasyonunun \u00fcniversite \u00f6\u011frencilerine \u00fccretsiz \u00fcr\u00fcn sa\u011flayan bir giri\u015fimcilik projesi olarak kuruldu\u011funu anlatarak ba\u015flad\u0131. \u201cAsk\u0131da Ne Var?\u201d\u0131n kuruldu\u011fu g\u00fcnden bu yana \u00e7e\u015fitli g\u00f6n\u00fcll\u00fcler, markalar ve sponsorlarla \u00e7al\u0131\u015farak kitlelere yay\u0131ld\u0131\u011f\u0131n\u0131 belirten Turan Y\u0131ld\u0131z, \u201c \u2018Ask\u0131da Ne Var\u2019a art\u0131k sadece \u00fcr\u00fcn de\u011fil, deneyimsel etkinlikler de b\u0131rak\u0131lmaya ba\u015flad\u0131\u201d diyerek s\u00f6zlerine devam etti. Konu\u015fmas\u0131n\u0131n ard\u0131ndan Sanem Turan Y\u0131ld\u0131z\u2019a Do\u00e7. Dr. Burcu Kaya Erdem taraf\u0131ndan te\u015fekk\u00fcr belgesi takdim edildi.<\/p>\n<p><img decoding=\"async\" class=\" wp-image-11854 aligncenter\" src=\"https:\/\/iletim.istanbul.edu.tr\/wp-content\/uploads\/DSC_4705-300x196.jpg\" alt=\"\" width=\"720\" height=\"471\" srcset=\"https:\/\/iletim.istanbul.edu.tr\/wp-content\/uploads\/DSC_4705-300x196.jpg 300w, https:\/\/iletim.istanbul.edu.tr\/wp-content\/uploads\/DSC_4705-768x501.jpg 768w, https:\/\/iletim.istanbul.edu.tr\/wp-content\/uploads\/DSC_4705-1024x668.jpg 1024w, https:\/\/iletim.istanbul.edu.tr\/wp-content\/uploads\/DSC_4705-214x140.jpg 214w\" sizes=\"(max-width: 720px) 100vw, 720px\" \/><\/p>\n<p>Sanem Turan Y\u0131ld\u0131z\u2019\u0131n konu\u015fmas\u0131n\u0131n ard\u0131ndan Dr. \u00d6\u011fr. G\u00f6r. \u00d6zlem ARDA\u2019n\u0131n hocal\u0131\u011f\u0131n\u0131 yapt\u0131\u011f\u0131 Belgesel Film dersi kapsam\u0131nda \u0130\u00dc \u0130leti\u015fim Fak\u00fcltesi \u00f6\u011frencileri taraf\u0131ndan haz\u0131rlanan Be\u015fer, Meryem\u2019in Kalemi, Muna adl\u0131 belgesel film g\u00f6sterimleri yap\u0131ld\u0131.<\/p>\n<p>Belgesel film g\u00f6sterimlerinin ard\u0131ndan Oryantasyon Program\u0131\u2019n\u0131n ilk g\u00fcn\u00fc sona erdi.<\/p>\n<div id='gallery_1' class='gallery galleryid-11843 gallery-columns-4 gallery-size-thumbnail'><figure class='gallery-item'>\n                <div class='gallery-icon landscape'>\n                    <a href='https:\/\/iletim.istanbul.edu.tr\/wp-content\/uploads\/HMZ_9560.jpg'><img loading=\"lazy\" decoding=\"async\" width=\"150\" height=\"150\" src=\"\" class=\"attachment-thumbnail size-thumbnail lazyload\" alt=\"\" data-src=\"https:\/\/iletim.istanbul.edu.tr\/wp-content\/uploads\/HMZ_9560-150x150.jpg\" data-sizes=\"auto\" data-srcset=\"\" data-expand=\"700\" \/><\/a>\n                <\/div><\/figure><figure class='gallery-item'>\n                <div class='gallery-icon landscape'>\n                    <a href='https:\/\/iletim.istanbul.edu.tr\/wp-content\/uploads\/DSC_4705.jpg'><img loading=\"lazy\" decoding=\"async\" width=\"150\" height=\"150\" src=\"\" class=\"attachment-thumbnail size-thumbnail lazyload\" alt=\"\" data-src=\"https:\/\/iletim.istanbul.edu.tr\/wp-content\/uploads\/DSC_4705-150x150.jpg\" data-sizes=\"auto\" data-srcset=\"\" data-expand=\"700\" \/><\/a>\n                <\/div><\/figure><figure class='gallery-item'>\n                <div class='gallery-icon landscape'>\n                    <a href='https:\/\/iletim.istanbul.edu.tr\/wp-content\/uploads\/HMZ_9604.jpg'><img loading=\"lazy\" decoding=\"async\" width=\"150\" height=\"150\" src=\"\" class=\"attachment-thumbnail size-thumbnail lazyload\" alt=\"\" data-src=\"https:\/\/iletim.istanbul.edu.tr\/wp-content\/uploads\/HMZ_9604-150x150.jpg\" data-sizes=\"auto\" data-srcset=\"\" data-expand=\"700\" \/><\/a>\n                <\/div><\/figure><figure class='gallery-item'>\n                <div class='gallery-icon landscape'>\n                    <a href='https:\/\/iletim.istanbul.edu.tr\/wp-content\/uploads\/DSC_4701.jpg'><img loading=\"lazy\" decoding=\"async\" width=\"150\" height=\"150\" src=\"\" class=\"attachment-thumbnail size-thumbnail lazyload\" alt=\"\" data-src=\"https:\/\/iletim.istanbul.edu.tr\/wp-content\/uploads\/DSC_4701-150x150.jpg\" data-sizes=\"auto\" data-srcset=\"\" data-expand=\"700\" \/><\/a>\n                <\/div><\/figure><br style=\"clear: both\" \/><figure class='gallery-item'>\n                <div class='gallery-icon landscape'>\n                    <a href='https:\/\/iletim.istanbul.edu.tr\/wp-content\/uploads\/DSC_4695.jpg'><img loading=\"lazy\" decoding=\"async\" width=\"150\" height=\"150\" src=\"\" class=\"attachment-thumbnail size-thumbnail lazyload\" alt=\"\" data-src=\"https:\/\/iletim.istanbul.edu.tr\/wp-content\/uploads\/DSC_4695-150x150.jpg\" data-sizes=\"auto\" data-srcset=\"\" data-expand=\"700\" \/><\/a>\n                <\/div><\/figure><figure class='gallery-item'>\n                <div class='gallery-icon landscape'>\n                    <a href='https:\/\/iletim.istanbul.edu.tr\/wp-content\/uploads\/DSC_4694.jpg'><img loading=\"lazy\" decoding=\"async\" width=\"150\" height=\"150\" src=\"\" class=\"attachment-thumbnail size-thumbnail lazyload\" alt=\"\" data-src=\"https:\/\/iletim.istanbul.edu.tr\/wp-content\/uploads\/DSC_4694-150x150.jpg\" data-sizes=\"auto\" data-srcset=\"\" data-expand=\"700\" \/><\/a>\n                <\/div><\/figure><figure class='gallery-item'>\n                <div class='gallery-icon landscape'>\n                    <a href='https:\/\/iletim.istanbul.edu.tr\/wp-content\/uploads\/DSC_4689.jpg'><img loading=\"lazy\" decoding=\"async\" width=\"150\" height=\"150\" src=\"\" class=\"attachment-thumbnail size-thumbnail lazyload\" alt=\"\" data-src=\"https:\/\/iletim.istanbul.edu.tr\/wp-content\/uploads\/DSC_4689-150x150.jpg\" data-sizes=\"auto\" data-srcset=\"\" data-expand=\"700\" \/><\/a>\n                <\/div><\/figure><figure class='gallery-item'>\n                <div class='gallery-icon landscape'>\n                    <a href='https:\/\/iletim.istanbul.edu.tr\/wp-content\/uploads\/DSC_4686.jpg'><img loading=\"lazy\" decoding=\"async\" width=\"150\" height=\"150\" src=\"\" class=\"attachment-thumbnail size-thumbnail lazyload\" alt=\"\" data-src=\"https:\/\/iletim.istanbul.edu.tr\/wp-content\/uploads\/DSC_4686-150x150.jpg\" data-sizes=\"auto\" data-srcset=\"\" data-expand=\"700\" \/><\/a>\n                <\/div><\/figure><br style=\"clear: both\" \/><figure class='gallery-item'>\n                <div class='gallery-icon landscape'>\n                    <a href='https:\/\/iletim.istanbul.edu.tr\/wp-content\/uploads\/DSC_4663.jpg'><img loading=\"lazy\" decoding=\"async\" width=\"150\" height=\"150\" src=\"\" class=\"attachment-thumbnail size-thumbnail lazyload\" alt=\"\" data-src=\"https:\/\/iletim.istanbul.edu.tr\/wp-content\/uploads\/DSC_4663-150x150.jpg\" data-sizes=\"auto\" data-srcset=\"\" data-expand=\"700\" \/><\/a>\n                <\/div><\/figure><figure class='gallery-item'>\n                <div class='gallery-icon landscape'>\n                    <a href='https:\/\/iletim.istanbul.edu.tr\/wp-content\/uploads\/DSC_4656.jpg'><img loading=\"lazy\" decoding=\"async\" width=\"150\" height=\"150\" src=\"\" class=\"attachment-thumbnail size-thumbnail lazyload\" alt=\"\" data-src=\"https:\/\/iletim.istanbul.edu.tr\/wp-content\/uploads\/DSC_4656-150x150.jpg\" data-sizes=\"auto\" data-srcset=\"\" data-expand=\"700\" \/><\/a>\n                <\/div><\/figure><figure class='gallery-item'>\n                <div class='gallery-icon landscape'>\n                    <a href='https:\/\/iletim.istanbul.edu.tr\/wp-content\/uploads\/DSC_4637.jpg'><img loading=\"lazy\" decoding=\"async\" width=\"150\" height=\"150\" src=\"\" class=\"attachment-thumbnail size-thumbnail lazyload\" alt=\"\" data-src=\"https:\/\/iletim.istanbul.edu.tr\/wp-content\/uploads\/DSC_4637-150x150.jpg\" data-sizes=\"auto\" data-srcset=\"\" data-expand=\"700\" \/><\/a>\n                <\/div><\/figure><figure class='gallery-item'>\n                <div class='gallery-icon landscape'>\n                    <a href='https:\/\/iletim.istanbul.edu.tr\/wp-content\/uploads\/DSC_4629.jpg'><img loading=\"lazy\" decoding=\"async\" width=\"150\" height=\"150\" src=\"\" class=\"attachment-thumbnail size-thumbnail lazyload\" alt=\"\" data-src=\"https:\/\/iletim.istanbul.edu.tr\/wp-content\/uploads\/DSC_4629-150x150.jpg\" data-sizes=\"auto\" data-srcset=\"\" data-expand=\"700\" \/><\/a>\n                <\/div><\/figure><br style=\"clear: both\" \/>\n            <\/div>\n\n<p>&nbsp;<\/p>\n","protected":false},"excerpt":{"rendered":"<p>I\u015f\u0131l SIP\u00c7IK Dicle G\u00dcNG\u00d6R Foto\u011fraf: Hamza AKTAY \u0130stanbul \u00dcniversitesi \u0130leti\u015fim Fak\u00fcltesi 2019-2020 Akademik Y\u0131l\u0131 Oryantasyon Program\u0131 16 Eyl\u00fcl\u2019de ba\u015flad\u0131. \u0130leti\u015fim Fak\u00fcltesi Konferans Salonu\u2019nda yap\u0131lan Oryantasyon Program\u0131, sayg\u0131 duru\u015fu, \u0130stiklal Mar\u015f\u0131\u2019n\u0131n okunmas\u0131 ve tan\u0131t\u0131m filminin izlenmesi ile ba\u015flad\u0131. Program\u0131n a\u00e7\u0131l\u0131\u015f konu\u015fmas\u0131 \u0130leti\u015fim Fak\u00fcltesi Dekan\u0131 Prof. Dr. Erg\u00fcn Yolcu taraf\u0131ndan yap\u0131ld\u0131. Prof. Dr. Yolcu, \u201cT\u00fcrkiye\u2019nin 100. y\u0131l [&hellip;]<\/p>\n","protected":false},"author":14,"featured_media":11856,"comment_status":"open","ping_status":"open","sticky":false,"template":"","format":"standard","meta":{"jnews-multi-image_gallery":[],"jnews_single_post":[],"jnews_primary_category":[],"jnews_social_meta":[],"jnews_override_counter":[],"footnotes":""},"categories":[1],"tags":[],"class_list":["post-11843","post","type-post","status-publish","format-standard","has-post-thumbnail","hentry","category-genel"],"_links":{"self":[{"href":"https:\/\/iletim.istanbul.edu.tr\/index.php\/wp-json\/wp\/v2\/posts\/11843","targetHints":{"allow":["GET"]}}],"collection":[{"href":"https:\/\/iletim.istanbul.edu.tr\/index.php\/wp-json\/wp\/v2\/posts"}],"about":[{"href":"https:\/\/iletim.istanbul.edu.tr\/index.php\/wp-json\/wp\/v2\/types\/post"}],"author":[{"embeddable":true,"href":"https:\/\/iletim.istanbul.edu.tr\/index.php\/wp-json\/wp\/v2\/users\/14"}],"replies":[{"embeddable":true,"href":"https:\/\/iletim.istanbul.edu.tr\/index.php\/wp-json\/wp\/v2\/comments?post=11843"}],"version-history":[{"count":0,"href":"https:\/\/iletim.istanbul.edu.tr\/index.php\/wp-json\/wp\/v2\/posts\/11843\/revisions"}],"wp:featuredmedia":[{"embeddable":true,"href":"https:\/\/iletim.istanbul.edu.tr\/index.php\/wp-json\/wp\/v2\/media\/11856"}],"wp:attachment":[{"href":"https:\/\/iletim.istanbul.edu.tr\/index.php\/wp-json\/wp\/v2\/media?parent=11843"}],"wp:term":[{"taxonomy":"category","embeddable":true,"href":"https:\/\/iletim.istanbul.edu.tr\/index.php\/wp-json\/wp\/v2\/categories?post=11843"},{"taxonomy":"post_tag","embeddable":true,"href":"https:\/\/iletim.istanbul.edu.tr\/index.php\/wp-json\/wp\/v2\/tags?post=11843"}],"curies":[{"name":"wp","href":"https:\/\/api.w.org\/{rel}","templated":true}]}}