{"id":11859,"date":"2019-09-17T13:49:40","date_gmt":"2019-09-17T10:49:40","guid":{"rendered":"https:\/\/iletim.istanbul.edu.tr\/?p=11859"},"modified":"2019-09-17T13:57:44","modified_gmt":"2019-09-17T10:57:44","slug":"trt-tecrubesi-ogrencilerle-bulustu","status":"publish","type":"post","link":"https:\/\/iletim.istanbul.edu.tr\/index.php\/2019\/09\/17\/trt-tecrubesi-ogrencilerle-bulustu\/","title":{"rendered":"TRT Tecr\u00fcbesi \u00d6\u011frencilerle Bulu\u015ftu"},"content":{"rendered":"<p style=\"text-align: left\"><strong>Merve Tokaz<\/strong><\/p>\n<p style=\"text-align: left\">Bu y\u0131l ilki d\u00fczenlenen TRT Akademi E\u011fitim Kamp\u0131 tamamland\u0131. Farkl\u0131 \u00fcniversitelerin ileti\u015fim fak\u00fcltelerinden 48 \u00f6\u011frencinin kat\u0131l\u0131m\u0131yla 10 g\u00fcn s\u00fcren kamp sona erdi. Gelece\u011fin ileti\u015fimcileri, e\u011fitim kamp\u0131 boyunca TRT&#8217;nin yay\u0131nc\u0131l\u0131k politikas\u0131n\u0131 yak\u0131ndan tan\u0131ma f\u0131rsat\u0131 buldu.<\/p>\n<p><img decoding=\"async\" class=\"alignnone wp-image-11862 \" src=\"https:\/\/iletim.istanbul.edu.tr\/wp-content\/uploads\/TRT-Akademi-2.jpg\" alt=\"\" width=\"656\" height=\"355\" srcset=\"https:\/\/iletim.istanbul.edu.tr\/wp-content\/uploads\/TRT-Akademi-2.jpg 720w, https:\/\/iletim.istanbul.edu.tr\/wp-content\/uploads\/TRT-Akademi-2-300x163.jpg 300w\" sizes=\"(max-width: 656px) 100vw, 656px\" \/><\/p>\n<p><strong>TRT\u2019nin Tecr\u00fcbeli \u0130simlerinden E\u011fitim Ald\u0131lar\u00a0\u00a0\u00a0\u00a0\u00a0\u00a0\u00a0\u00a0 <\/strong><\/p>\n<p>Radyo, televizyon ve haber yay\u0131nc\u0131l\u0131\u011f\u0131 alan\u0131nda birbirinden farkl\u0131 at\u00f6lye \u00e7al\u0131\u015fmalar\u0131n\u0131n d\u00fczenlendi\u011fi e\u011fitimde TRT&#8217;nin tecr\u00fcbeli isimlerinden e\u011fitim alan \u00f6\u011frenciler, kamp s\u00fcresince 4 farkl\u0131 alanda 29 proje \u00fcrettiler. E\u011fitimin sona ermesi ile kat\u0131l\u0131m g\u00f6steren \u00f6\u011frencilere sertifikalar\u0131 TRT Y\u00f6netim Kurulu Ba\u015fkan\u0131 ve Genel M\u00fcd\u00fcr\u00fc \u0130brahim Eren taraf\u0131ndan verildi.<\/p>\n<p><img decoding=\"async\" class=\"alignnone wp-image-11873 \" src=\"https:\/\/iletim.istanbul.edu.tr\/wp-content\/uploads\/trt-3.jpg\" alt=\"\" width=\"661\" height=\"358\" srcset=\"https:\/\/iletim.istanbul.edu.tr\/wp-content\/uploads\/trt-3.jpg 720w, https:\/\/iletim.istanbul.edu.tr\/wp-content\/uploads\/trt-3-300x163.jpg 300w\" sizes=\"(max-width: 661px) 100vw, 661px\" \/><\/p>\n<p style=\"text-align: left\"><strong>\u201cDolu Dolu Ge\u00e7irdi\u011fimiz Bir E\u011fitim S\u00fcreciydi\u201d<\/strong><\/p>\n<p style=\"text-align: left\">TRT Akademi E\u011fitim Kamp\u0131&#8217;na kat\u0131lan Fak\u00fcltemiz Radyo-Televizyon ve Sinema b\u00f6l\u00fcm\u00fc \u00f6\u011frencisi Birdal Arslan, e\u011fitime dair kazan\u0131mlar\u0131n\u0131 \u015fu s\u00f6zlerle anlatt\u0131. &#8220;10 g\u00fcn boyunca her g\u00fcn\u00fcn\u00fc dolu dolu ge\u00e7irdi\u011fimiz bir e\u011fitim s\u00fcreciydi. TRT&#8217;nin usta isimlerinden uygulamal\u0131 dersler ald\u0131k ve birlikte projeler \u00fcrettik. TRT&#8217;deki profesyonelli\u011fi, tecr\u00fcbeyi, oradaki \u00e7al\u0131\u015fma \u015feklini yak\u0131ndan g\u00f6rme imkan\u0131m\u0131z oldu. TRT&#8217;nin ileti\u015fim fak\u00fcltesi \u00f6\u011frencilerine y\u00f6nelik b\u00f6yle bir giri\u015fimde bulunmas\u0131 ve Akademi Kamp\u0131&#8217;n\u0131n ilk \u00f6\u011frencilerinden biri olmak gurur verici. Bu tecr\u00fcbeyi ya\u015famama imkan sa\u011flayan hocalar\u0131ma, \u00fcniversiteme ve her konuda ilgi g\u00f6steren, eme\u011fi ge\u00e7en herkese te\u015fekk\u00fcrler\u201d<\/p>\n","protected":false},"excerpt":{"rendered":"<p>Bu y\u0131l ilki d\u00fczenlenen TRT Akademi E\u011fitim Kamp\u0131 tamamland\u0131. Farkl\u0131 \u00fcniversitelerin ileti\u015fim fak\u00fcltelerinden 48 \u00f6\u011frencinin kat\u0131l\u0131m\u0131yla 10 g\u00fcn s\u00fcren kamp sona erdi. Gelece\u011fin ileti\u015fimcileri, e\u011fitim kamp\u0131 boyunca TRT&#8217;nin yay\u0131nc\u0131l\u0131k politikas\u0131n\u0131 yak\u0131ndan tan\u0131ma f\u0131rsat\u0131 buldu.<\/p>\n","protected":false},"author":14,"featured_media":11861,"comment_status":"open","ping_status":"open","sticky":false,"template":"","format":"standard","meta":{"jnews-multi-image_gallery":[],"jnews_single_post":[],"jnews_primary_category":[],"jnews_social_meta":[],"jnews_override_counter":[],"footnotes":""},"categories":[25,178],"tags":[],"class_list":["post-11859","post","type-post","status-publish","format-standard","has-post-thumbnail","hentry","category-egitim","category-fakultemizden"],"_links":{"self":[{"href":"https:\/\/iletim.istanbul.edu.tr\/index.php\/wp-json\/wp\/v2\/posts\/11859","targetHints":{"allow":["GET"]}}],"collection":[{"href":"https:\/\/iletim.istanbul.edu.tr\/index.php\/wp-json\/wp\/v2\/posts"}],"about":[{"href":"https:\/\/iletim.istanbul.edu.tr\/index.php\/wp-json\/wp\/v2\/types\/post"}],"author":[{"embeddable":true,"href":"https:\/\/iletim.istanbul.edu.tr\/index.php\/wp-json\/wp\/v2\/users\/14"}],"replies":[{"embeddable":true,"href":"https:\/\/iletim.istanbul.edu.tr\/index.php\/wp-json\/wp\/v2\/comments?post=11859"}],"version-history":[{"count":0,"href":"https:\/\/iletim.istanbul.edu.tr\/index.php\/wp-json\/wp\/v2\/posts\/11859\/revisions"}],"wp:featuredmedia":[{"embeddable":true,"href":"https:\/\/iletim.istanbul.edu.tr\/index.php\/wp-json\/wp\/v2\/media\/11861"}],"wp:attachment":[{"href":"https:\/\/iletim.istanbul.edu.tr\/index.php\/wp-json\/wp\/v2\/media?parent=11859"}],"wp:term":[{"taxonomy":"category","embeddable":true,"href":"https:\/\/iletim.istanbul.edu.tr\/index.php\/wp-json\/wp\/v2\/categories?post=11859"},{"taxonomy":"post_tag","embeddable":true,"href":"https:\/\/iletim.istanbul.edu.tr\/index.php\/wp-json\/wp\/v2\/tags?post=11859"}],"curies":[{"name":"wp","href":"https:\/\/api.w.org\/{rel}","templated":true}]}}