{"id":12068,"date":"2019-10-02T11:09:10","date_gmt":"2019-10-02T08:09:10","guid":{"rendered":"https:\/\/iletim.istanbul.edu.tr\/?p=12068"},"modified":"2019-10-11T14:15:49","modified_gmt":"2019-10-11T11:15:49","slug":"dijital-kaynaklar-aktif-kullanicilar","status":"publish","type":"post","link":"https:\/\/iletim.istanbul.edu.tr\/index.php\/2019\/10\/02\/dijital-kaynaklar-aktif-kullanicilar\/","title":{"rendered":"Dijital Kaynaklar Aktif Kullan\u0131c\u0131lar"},"content":{"rendered":"<p><strong>I\u015f\u0131l SIP\u00c7IK<\/strong><\/p>\n<p>G\u00fcn\u00fcm\u00fczde bas\u0131l\u0131 kitaplar\u0131n yerine elektronik ortamlarda bulunan eserlerin ge\u00e7ti\u011fini g\u00f6rmekteyiz. Gerek k\u00fct\u00fcphanelerde gerek kitap\u00e7\u0131larda \u201cE-kitap\u201d olgusu yayg\u0131nla\u015fmakta. Kitaplar\u0131n say\u0131salla\u015ft\u0131r\u0131lmas\u0131 \u00fczerine \u0130stanbul \u00dcniversitesi Edebiyat Fak\u00fcltesi Bilgi ve Belge Y\u00f6netimi b\u00f6l\u00fcm\u00fcnden Do\u00e7. Dr. I\u015f\u0131l \u0130lknur Sert ile konu\u015ftuk. Do\u00e7. Dr. Sert, k\u00fct\u00fcphanecilik k\u00fclt\u00fcr\u00fcnde ya\u015fanan geli\u015fmeleri teknolojik a\u00e7\u0131dan de\u011ferlendirdi.<\/p>\n<p><img decoding=\"async\" class=\"wp-image-12073 aligncenter\" src=\"https:\/\/iletim.istanbul.edu.tr\/wp-content\/uploads\/DSC6096.jpg\" alt=\"\" width=\"711\" height=\"472\" srcset=\"https:\/\/iletim.istanbul.edu.tr\/wp-content\/uploads\/DSC6096.jpg 4288w, https:\/\/iletim.istanbul.edu.tr\/wp-content\/uploads\/DSC6096-300x199.jpg 300w, https:\/\/iletim.istanbul.edu.tr\/wp-content\/uploads\/DSC6096-768x510.jpg 768w, https:\/\/iletim.istanbul.edu.tr\/wp-content\/uploads\/DSC6096-1024x680.jpg 1024w\" sizes=\"(max-width: 711px) 100vw, 711px\" \/><\/p>\n<p><strong>E-Bilgi Kaynaklar\u0131 Ara\u015ft\u0131rma Olanaklar\u0131n\u0131 Artt\u0131r\u0131yor <\/strong><\/p>\n<p>G\u00fcn\u00fcm\u00fcz teknolojilerinde E-kitap, E-dergi gibi farkl\u0131 formatlara d\u00f6n\u00fc\u015fen bilgi kaynaklar\u0131n\u0131n sosyal medyay\u0131, interaktif \u00f6\u011frenme ara\u00e7lar\u0131n\u0131 da i\u00e7ine alarak bamba\u015fka bir boyut kazand\u0131\u011f\u0131n\u0131 belirten Do\u00e7. Dr. Sert, bug\u00fcn a\u00e7\u0131k eri\u015fim kaynaklar\u0131 denilen \u00fccretsiz bilgi kaynaklar\u0131n\u0131n yan\u0131 s\u0131ra \u00fccretle de ula\u015f\u0131labilen veri tabanlar\u0131n\u0131n bizlere ara\u015ft\u0131rma yaparken b\u00fcy\u00fck kolayl\u0131klar sa\u011flad\u0131\u011f\u0131n\u0131 kaydetti.<\/p>\n<p>Do\u00e7. Dr. Sert, \u201cY\u00fczy\u0131llar \u00f6ncesinde kilometrelerce yol kat edilerek ula\u015f\u0131lan bir yazma eserin yan\u0131nda bizim bug\u00fcn birka\u00e7 klavye vuru\u015fu ile eri\u015febildi\u011fimiz bilgi aras\u0131nda, bilgiye ula\u015f\u0131m a\u00e7\u0131s\u0131ndan b\u00fcy\u00fck bir ilerleme ya\u015fand\u0131\u011f\u0131 a\u00e7\u0131kt\u0131r\u201d diyerek teknolojik geli\u015fmelerin sa\u011flad\u0131\u011f\u0131 b\u00fcy\u00fck imkanlar\u0131n alt\u0131n\u0131 \u00e7izdi. Bu imkanlar\u0131n ayn\u0131 zamanda b\u00fcy\u00fck bir bilgi y\u0131\u011f\u0131n\u0131 aras\u0131ndan se\u00e7im yapabilmeyi de zorunlu k\u0131ld\u0131\u011f\u0131n\u0131 s\u00f6zlerine ekledi. \u0130nternette ula\u015f\u0131lan her bilgiye g\u00fcvenmenin do\u011fru olmad\u0131\u011f\u0131n\u0131 s\u00f6yleyen Do\u00e7. Dr. Sert, bilginin k\u00fct\u00fcphanecilerin ya da ar\u015fivcilerin s\u00fczgecinden ge\u00e7tikten sonra g\u00fcvenilir oldu\u011funu belirtti. \u201cBilgiyi nesilden nesile do\u011fru bir \u015fekilde en modern bilgi kaynaklar\u0131yla aktarmak k\u00fct\u00fcphanecilerin ve ar\u015fivcilerin g\u00f6revidir. Bunu da bug\u00fcn Bilgi ve Belge Y\u00f6netimi B\u00f6l\u00fcmlerinde yeti\u015ftirdi\u011fimiz mezunlar\u0131m\u0131zla ger\u00e7ekle\u015ftirmeye \u00e7al\u0131\u015f\u0131yoruz\u201d \u015feklinde konu\u015ftu.<\/p>\n<p><strong>\u00a0\u201cKitap k\u00fclt\u00fcr\u00fc bir d\u00f6n\u00fc\u015f\u00fcm ya\u015fad\u0131 ve ya\u015famaya devam ediyor\u201d<\/strong><\/p>\n<p>\u0130nsanlar\u0131n k\u00fct\u00fcphanelere olan ilgisini de\u011ferlendirirken Do\u00e7. Dr. Sert, \u201cE-kitaplara eri\u015fmek de g\u00fcn\u00fcm\u00fczde halk k\u00fct\u00fcphanelerimizin baz\u0131lar\u0131nda verilen bir hizmet olmu\u015ftur. \u00dcniversite k\u00fct\u00fcphanelerimiz, kendi kullan\u0131c\u0131lar\u0131na, \u00fccretli veri tabanlar\u0131ndan \u00fccret almadan hizmet sunmaktad\u0131r. Bu tip uygulamalarla k\u00fct\u00fcphanelere eri\u015fen pek \u00e7ok aktif kullan\u0131c\u0131 bulunmaktad\u0131r\u201d diyerek asl\u0131nda insanlar\u0131n geli\u015fen teknolojiyle birlikte sosyalle\u015fmek i\u00e7in de olsa k\u00fct\u00fcphanelerle ilgilendi\u011fini ifade etti.<\/p>\n<p>Do\u00e7. Dr. Sert kitaplar\u0131n dijitalle\u015fmesinin kitap k\u00fclt\u00fcr\u00fcn\u00fc nas\u0131l etkiledi\u011fi konusunda, \u201cBiz bu noktada say\u0131salla\u015ft\u0131rma terimini kullanmay\u0131 tercih ediyoruz. Kitab\u0131n say\u0131salla\u015ft\u0131r\u0131lmas\u0131 \u00f6zellikle bilgiye h\u0131zla ula\u015f\u0131lmas\u0131 a\u00e7\u0131s\u0131ndan \u00e7ok \u00f6nemli. Teknolojik ara\u00e7larla kitab\u0131 okumak yeni nesil i\u00e7in son derece s\u0131radan bir i\u015f. Ancak daha eski nesil hala kitaba dokunmay\u0131 tercih ediyor. Gelecekte bu durum nas\u0131l olur tahmin etmek g\u00fc\u00e7. Ancak kitap, okuma, ara\u015ft\u0131rma, k\u00fct\u00fcphane, k\u00fct\u00fcphaneci kavramlar\u0131 hayat\u0131m\u0131zdan kolay kolay \u00e7\u0131kacak gibi g\u00f6r\u00fcnm\u00fcyor. Kitap k\u00fclt\u00fcr\u00fc bir d\u00f6n\u00fc\u015f\u00fcm ya\u015fad\u0131 ve ya\u015famaya devam ediyor\u201d a\u00e7\u0131klamalar\u0131nda bulundu.<\/p>\n<p><strong>Niteliksiz Yay\u0131nlara Kar\u015f\u0131 K\u00fct\u00fcphanecilerin Rol\u00fc \u00d6nemli<\/strong><\/p>\n<p>E-kitap k\u00fclt\u00fcr\u00fcn\u00fcn artmas\u0131yla h\u0131zla t\u00fcketilen ve nitelikli olmayan yay\u0131nlar\u0131n da yayg\u0131nla\u015ft\u0131\u011f\u0131n\u0131 ifade eden Do\u00e7. Dr. Sert, \u201cSe\u00e7im yapmak da bizim elimizde. Bu noktada kitap ve okuma k\u00fclt\u00fcr\u00fcn\u00fcn olumlu y\u00f6nde geli\u015fmesi i\u00e7in k\u00fct\u00fcphanecilere dan\u0131\u015f\u0131lmas\u0131 son derecede faydal\u0131 olacakt\u0131r\u201d dedi. Art\u0131k herkesin yay\u0131nc\u0131 olabilmesinin kitap kalitesini olumsuz etkileyebilece\u011fine de\u011finerek gen\u00e7 nesilin dil ve anlat\u0131m bozuklu\u011fu i\u00e7eren kitaplar\u0131 tercih etmemesi gerekti\u011fini belirtti. Bu noktada \u201cOkul k\u00fct\u00fcphanelerinin geli\u015ftirilmesinde MEB\u2019in bu konudaki \u00e7al\u0131\u015fmalara Bilgi ve Belge Y\u00f6netimi uzmanlar\u0131n\u0131 da katmas\u0131, nitelikli yay\u0131nlar\u0131n gen\u00e7lerle daha erken \u00e7a\u011fda bulu\u015fabilmesine olanak tan\u0131yacakt\u0131r\u201d \u015feklinde konu\u015ftu.<\/p>\n<p>Bas\u0131l\u0131 eser say\u0131s\u0131n\u0131n azalmas\u0131yla ilgili bu durumun \u00f6nce gazetelerde g\u00f6r\u00fclmeye ba\u015fland\u0131\u011f\u0131n\u0131 hat\u0131rlatan Do\u00e7. Dr. Sert, E-gazete say\u0131s\u0131n\u0131n \u00e7o\u011falmas\u0131yla kullan\u0131c\u0131lar\u0131n habere anl\u0131k ula\u015fmas\u0131n\u0131n olanaklar\u0131n\u0131n artt\u0131\u011f\u0131n\u0131 ifade etti. Ansiklopedilerin de dijital ortama videolar ve resimlerle zenginle\u015ftirilmi\u015f i\u00e7erikle girdi\u011fini eklerken E-kaynaklar\u0131n yeni nesil i\u00e7in \u00e7ok daha \u00e7ekici oldu\u011funu belirtti.<\/p>\n<p><strong>\u201cBas\u0131l\u0131 Kaynaklar Hayat\u0131m\u0131zda Olmaya Devam Edecek\u201d<\/strong><\/p>\n<p>Do\u00e7. Dr. Sert dijitalle\u015fmenin yaz\u0131l\u0131 k\u00fclt\u00fcr\u00fc bitirip bitirmeyece\u011fi konusunda, \u201cBence tabii ki say\u0131salla\u015ft\u0131r\u0131lm\u0131\u015f bilgi kaynaklar\u0131 zamanla artacak. Ancak hen\u00fcz bas\u0131l\u0131 bilgi kaynaklar\u0131 hayat\u0131m\u0131zdan \u00e7\u0131kmad\u0131 ve kolay kolay da \u00e7\u0131kacak gibi g\u00f6r\u00fcnm\u00fcyor. Bilgiye ula\u015f\u0131m a\u00e7\u0131s\u0131ndan her an binlerce kayna\u011f\u0131n elinizin alt\u0131nda olmas\u0131n\u0131 sa\u011flayan elektronik ortamlar, kitap okunma oranlar\u0131n\u0131 artt\u0131rd\u0131 ve artt\u0131rmaya da devam ediyor\u201d s\u00f6zlerini kulland\u0131.<\/p>\n<p>\u201cT\u00fcrkiye\u2019de kitaba, k\u00fct\u00fcphaneye, k\u00fct\u00fcphanecilere ve ar\u015fivcilere devlet taraf\u0131ndan daha \u00e7ok \u00f6nem verilmesi gerekiyor.\u00a0 Nitelikli ve b\u00f6l\u00fcm mezunu personelin istihdam edilmesi, teknolojik geli\u015fmelerin halk\u0131m\u0131zla do\u011fru \u015fekilde bulu\u015fmas\u0131 anlam\u0131nda bu \u00e7ok \u00f6nemli. Bizler bu konuda Bilgi ve Belge Y\u00f6netimi B\u00f6l\u00fcmlerimizde gereken e\u011fitimi veriyoruz. B\u00f6l\u00fcm mezunlar\u0131m\u0131z\u0131n okul, halk, \u00fcniversite, \u00f6zel ara\u015ft\u0131rma k\u00fct\u00fcphanesi gibi t\u00fcrlerde daha \u00e7ok istihdam edilmesini istiyoruz\u201d a\u00e7\u0131klamalar\u0131nda bulunarak s\u00f6zlerine son verdi.<\/p>\n<div id='gallery_1' class='gallery galleryid-12068 gallery-columns-3 gallery-size-thumbnail'><figure class='gallery-item'>\n                <div class='gallery-icon portrait'>\n                    <a href='https:\/\/iletim.istanbul.edu.tr\/wp-content\/uploads\/DSC6073-e1569396959278.jpg'><img loading=\"lazy\" decoding=\"async\" width=\"150\" height=\"150\" src=\"\" class=\"attachment-thumbnail size-thumbnail lazyload\" alt=\"\" data-src=\"https:\/\/iletim.istanbul.edu.tr\/wp-content\/uploads\/DSC6073-e1569396959278-150x150.jpg\" data-sizes=\"auto\" data-srcset=\"\" data-expand=\"700\" \/><\/a>\n                <\/div><\/figure><figure class='gallery-item'>\n                <div class='gallery-icon landscape'>\n                    <a href='https:\/\/iletim.istanbul.edu.tr\/wp-content\/uploads\/DSC_0213-1.jpg'><img loading=\"lazy\" decoding=\"async\" width=\"150\" height=\"150\" src=\"\" class=\"attachment-thumbnail size-thumbnail lazyload\" alt=\"\" data-src=\"https:\/\/iletim.istanbul.edu.tr\/wp-content\/uploads\/DSC_0213-1-150x150.jpg\" data-sizes=\"auto\" data-srcset=\"\" data-expand=\"700\" \/><\/a>\n                <\/div><\/figure><figure class='gallery-item'>\n                <div class='gallery-icon landscape'>\n                    <a href='https:\/\/iletim.istanbul.edu.tr\/wp-content\/uploads\/DSC6087.jpg'><img loading=\"lazy\" decoding=\"async\" width=\"150\" height=\"150\" src=\"\" class=\"attachment-thumbnail size-thumbnail lazyload\" alt=\"\" data-src=\"https:\/\/iletim.istanbul.edu.tr\/wp-content\/uploads\/DSC6087-150x150.jpg\" data-sizes=\"auto\" data-srcset=\"\" data-expand=\"700\" \/><\/a>\n                <\/div><\/figure><br style=\"clear: both\" \/><figure class='gallery-item'>\n                <div class='gallery-icon landscape'>\n                    <a href='https:\/\/iletim.istanbul.edu.tr\/wp-content\/uploads\/DSC_0203-4.jpg'><img loading=\"lazy\" decoding=\"async\" width=\"150\" height=\"150\" src=\"\" class=\"attachment-thumbnail size-thumbnail lazyload\" alt=\"\" data-src=\"https:\/\/iletim.istanbul.edu.tr\/wp-content\/uploads\/DSC_0203-4-150x150.jpg\" data-sizes=\"auto\" data-srcset=\"\" data-expand=\"700\" \/><\/a>\n                <\/div><\/figure><figure class='gallery-item'>\n                <div class='gallery-icon landscape'>\n                    <a href='https:\/\/iletim.istanbul.edu.tr\/wp-content\/uploads\/DSC6096.jpg'><img loading=\"lazy\" decoding=\"async\" width=\"150\" height=\"150\" src=\"\" class=\"attachment-thumbnail size-thumbnail lazyload\" alt=\"\" data-src=\"https:\/\/iletim.istanbul.edu.tr\/wp-content\/uploads\/DSC6096-150x150.jpg\" data-sizes=\"auto\" data-srcset=\"\" data-expand=\"700\" \/><\/a>\n                <\/div><\/figure>\n                <br style='clear: both' \/>\n            <\/div>\n\n","protected":false},"excerpt":{"rendered":"<p>G\u00fcn\u00fcm\u00fczde bas\u0131l\u0131 kitaplar\u0131n yerine elektronik ortamlarda bulunan eserlerin ge\u00e7ti\u011fini g\u00f6rmekteyiz. Gerek k\u00fct\u00fcphanelerde gerek kitap\u00e7\u0131larda \u201ce-kitap\u201d olgusu yayg\u0131nla\u015fmakta. Kitaplar\u0131n say\u0131salla\u015ft\u0131r\u0131lmas\u0131 \u00fczerine \u0130stanbul \u00dcniversitesi Edebiyat Fak\u00fcltesi Bilgi ve Belge Y\u00f6netimi b\u00f6l\u00fcm\u00fcnden Do\u00e7. Dr. I\u015f\u0131l \u0130lknur Sert ile konu\u015ftuk. Do\u00e7. Dr. Sert, k\u00fct\u00fcphanecilik k\u00fclt\u00fcr\u00fcnde ya\u015fanan geli\u015fmeleri teknolojik a\u00e7\u0131dan de\u011ferlendirdi.<\/p>\n","protected":false},"author":14,"featured_media":12069,"comment_status":"open","ping_status":"open","sticky":false,"template":"","format":"standard","meta":{"jnews-multi-image_gallery":[],"jnews_single_post":[],"jnews_primary_category":[],"jnews_social_meta":[],"jnews_override_counter":[],"footnotes":""},"categories":[31],"tags":[1113],"class_list":["post-12068","post","type-post","status-publish","format-standard","has-post-thumbnail","hentry","category-teknoloji","tag-doc-dr-isil-ilknur-sert"],"_links":{"self":[{"href":"https:\/\/iletim.istanbul.edu.tr\/index.php\/wp-json\/wp\/v2\/posts\/12068","targetHints":{"allow":["GET"]}}],"collection":[{"href":"https:\/\/iletim.istanbul.edu.tr\/index.php\/wp-json\/wp\/v2\/posts"}],"about":[{"href":"https:\/\/iletim.istanbul.edu.tr\/index.php\/wp-json\/wp\/v2\/types\/post"}],"author":[{"embeddable":true,"href":"https:\/\/iletim.istanbul.edu.tr\/index.php\/wp-json\/wp\/v2\/users\/14"}],"replies":[{"embeddable":true,"href":"https:\/\/iletim.istanbul.edu.tr\/index.php\/wp-json\/wp\/v2\/comments?post=12068"}],"version-history":[{"count":0,"href":"https:\/\/iletim.istanbul.edu.tr\/index.php\/wp-json\/wp\/v2\/posts\/12068\/revisions"}],"wp:featuredmedia":[{"embeddable":true,"href":"https:\/\/iletim.istanbul.edu.tr\/index.php\/wp-json\/wp\/v2\/media\/12069"}],"wp:attachment":[{"href":"https:\/\/iletim.istanbul.edu.tr\/index.php\/wp-json\/wp\/v2\/media?parent=12068"}],"wp:term":[{"taxonomy":"category","embeddable":true,"href":"https:\/\/iletim.istanbul.edu.tr\/index.php\/wp-json\/wp\/v2\/categories?post=12068"},{"taxonomy":"post_tag","embeddable":true,"href":"https:\/\/iletim.istanbul.edu.tr\/index.php\/wp-json\/wp\/v2\/tags?post=12068"}],"curies":[{"name":"wp","href":"https:\/\/api.w.org\/{rel}","templated":true}]}}