{"id":12106,"date":"2019-10-01T15:18:44","date_gmt":"2019-10-01T12:18:44","guid":{"rendered":"https:\/\/iletim.istanbul.edu.tr\/?p=12106"},"modified":"2019-10-11T14:16:20","modified_gmt":"2019-10-11T11:16:20","slug":"medyayi-anlamak-isteyenlere-medya-okuryazarligi-cikti","status":"publish","type":"post","link":"https:\/\/iletim.istanbul.edu.tr\/index.php\/2019\/10\/01\/medyayi-anlamak-isteyenlere-medya-okuryazarligi-cikti\/","title":{"rendered":"Medyay\u0131 Anlamak \u0130steyenlere; &#8220;Medya Okuryazarl\u0131\u011f\u0131&#8221; \u00c7\u0131kt\u0131!"},"content":{"rendered":"<p><strong>Aylin AY<\/strong><\/p>\n<p>\u0130stanbul \u00dcniversitesi \u0130leti\u015fim Fak\u00fcltesi Gazetecilik B\u00f6l\u00fcm\u00fc \u00d6\u011fretim \u00dcyesi Do\u00e7. Dr. Meltem Bostanc\u0131, ileti\u015fimle ilgili akademik \u00e7al\u0131\u015fmalar\u0131na yenisini ekleyerek \u201cMedya Okuryazarl\u0131\u011f\u0131\u201d kitab\u0131n\u0131 okurlara sundu. Edit\u00f6rl\u00fc\u011f\u00fcn\u00fc Do\u00e7. Dr. Meltem Bostanc\u0131\u2019n\u0131n \u00fcstlendi\u011fi Medya Okuryazarl\u0131\u011f\u0131 kitab\u0131; ileti\u015fime, medyaya ve medya okuryazarl\u0131\u011f\u0131na dair merak edilenleri anlat\u0131yor.<\/p>\n<p>Do\u00e7. Dr. Bostanc\u0131, \u201cBilimsel bir bak\u0131\u015f a\u00e7\u0131s\u0131yla haz\u0131rlanan Medya Okuryazarl\u0131\u011f\u0131 isimli bu eser, ileti\u015fime, medyaya ve medya okuryazarl\u0131\u011f\u0131na dair konulara ilgi duyanlara faydal\u0131 olma d\u00fc\u015f\u00fcncesiyle kaleme al\u0131nm\u0131\u015f \u00e7al\u0131\u015fmalardan olu\u015fuyor\u201d s\u00f6zlerini kaydetti.<\/p>\n<p>Nobel Akademik Yay\u0131nc\u0131l\u0131k taraf\u0131ndan yay\u0131nlanan kitapta Prof. Dr. Nezih Orhon, Prof. Dr. Murat \u00d6zgen, Prof. Dr. G\u00fcliz Ulu\u00e7, Prof. Dr. Asl\u0131 Yapar G\u00f6nen\u00e7, Prof. Dr. Nil\u00fcfer Pembecio\u011flu,\u00a0 Do\u00e7. Dr. \u0130brahim E. Bilici, Do\u00e7. Dr. Meltem Bostanc\u0131, Dr. Ar\u015f. G\u00f6r. Hacer Dolanbay ve S\u0131la Aydemir Korkmaz\u2019\u0131n \u00e7al\u0131\u015fmalar\u0131 yer almakta.<\/p>\n<p><strong>Ele\u015ftirel ve Sorgulayan Dinamik Toplum<\/strong><\/p>\n<p>Medya okuryazarl\u0131\u011f\u0131, kitle ileti\u015fim ara\u00e7lar\u0131 yoluyla elde edinilen mesajlar\u0131 \u00e7\u00f6z\u00fcmleyerek de\u011ferlendirme ve iletme olarak bilinmekte. Do\u00e7. Dr. Bostanc\u0131, \u201cG\u00fcn\u00fcm\u00fczde medya etki, kapsam ve y\u00f6nlendirme gibi nitelikleri nedeniyle ba\u015fta \u00e7ocuk ve gen\u00e7ler olmak \u00fczere b\u00fct\u00fcn bireylerin \u00fczerinde \u00f6nemli bir kontrol g\u00fcc\u00fcne sahip. Medyan\u0131n kontrol etkisinin olumsuz sorunlara yol a\u00e7mamas\u0131 i\u00e7in bu konuda toplumun bilin\u00e7lendirilmesi son derece \u00f6nemli. Bizler de birey olarak ele\u015ftirel bir bak\u0131\u015f a\u00e7\u0131s\u0131na sahip olup sorgulamal\u0131y\u0131z.\u201d s\u00f6zleriyle medya okuryazarl\u0131\u011f\u0131n \u00f6nemine dikkat \u00e7ekti.<\/p>\n<p><img decoding=\"async\" class=\"size-full wp-image-12132 aligncenter\" src=\"https:\/\/iletim.istanbul.edu.tr\/wp-content\/uploads\/nobelyayin-com-15299-1555397140.jpg\" alt=\"\" width=\"320\" height=\"465\" srcset=\"https:\/\/iletim.istanbul.edu.tr\/wp-content\/uploads\/nobelyayin-com-15299-1555397140.jpg 320w, https:\/\/iletim.istanbul.edu.tr\/wp-content\/uploads\/nobelyayin-com-15299-1555397140-206x300.jpg 206w\" sizes=\"(max-width: 320px) 100vw, 320px\" \/><\/p>\n<p><strong>Enformasyonun End\u00fcstrile\u015fme S\u00fcreci <\/strong><\/p>\n<p>Do\u00e7. Dr. Bostanc\u0131\u2019n\u0131n edit\u00f6rl\u00fc\u011f\u00fcn\u00fc yapt\u0131\u011f\u0131 kitapta, enformasyonun ticarile\u015fmesi ve haber da\u011f\u0131l\u0131m\u0131ndaki dengesizlik \u00fczerine yapt\u0131\u011f\u0131 \u00e7al\u0131\u015fma da yer al\u0131yor. Bu kapsamda da okuyuculara, 2000\u2019li y\u0131llar\u0131n uluslararas\u0131 ileti\u015fim politikalar\u0131n\u0131 anlatt\u0131.<\/p>\n<p>\u0130leti\u015fim konusunda kabul edilmesi gereken en \u00f6nemli ger\u00e7eklerden birinin ileti\u015fimin giderek artan ve k\u00fcreselle\u015fen bir bi\u00e7imde ger\u00e7ekle\u015fmesi oldu\u011funu belirten Do\u00e7. Dr. Bostanc\u0131, \u201c\u0130leti\u015fimin ulus \u00f6tesi bir boyut kazanmas\u0131 baz\u0131 uluslararas\u0131 sorunlar\u0131 da beraberinde getirdi. Bu sorunlar\u0131n b\u00fcy\u00fck bir k\u0131sm\u0131 ekonomik nedenlerden ortaya \u00e7\u0131kmakta. Ekonomik kayg\u0131, uluslararas\u0131 platformda \u00fclkelerin ikili ili\u015fkilerindeki dengenin, geli\u015fmi\u015f \u00fclkelerden yana a\u011f\u0131r basan bir ba\u011f\u0131ml\u0131l\u0131\u011fa d\u00f6n\u00fc\u015fmesine neden oluyor. Enformasyon dengesizli\u011fi olarak adland\u0131r\u0131lan bu k\u00fcresel sorun, enformasyonun ticarile\u015fmesine ve bilgi da\u011f\u0131l\u0131m\u0131ndaki dengesizli\u011fe yol a\u00e7makta. 21. y\u00fczy\u0131l d\u00fcnyas\u0131nda k\u00fcresel sermaye, giderek daha fazla enformasyon i\u015fine y\u00f6nelmekte ve bilgiyi sadece \u00fcretmekte kalmay\u0131p onu kurgulamakta, \u015fekillendirmekte, bazen s\u0131n\u0131rland\u0131rmakta ve sonras\u0131nda da t\u00fcm d\u00fcnyaya da\u011f\u0131tmakta. K\u0131saca sermaye, geli\u015ftirilen teknolojiyi de yarat\u0131lan i\u00e7eri\u011fi de etkilemekte.\u201d dedi.<\/p>\n<p><strong>Medyaya Dair Bilinmek \u0130stenenler Bu Kitapta <\/strong><\/p>\n<p>Do\u00e7. Dr. Bostanc\u0131, \u201cBu \u00e7al\u0131\u015fma ile ama\u00e7lanan; medyan\u0131n manip\u00fclasyon, dezenformasyon ve propaganda arac\u0131 olma potansiyeli ta\u015f\u0131d\u0131\u011f\u0131 ger\u00e7e\u011finden yola \u00e7\u0131karak medyay\u0131 ele\u015ftirel okuman\u0131n ne denli \u00f6nemli oldu\u011funa dikkat \u00e7ekmektir.\u201d \u0130fadeleriyle kitapta ama\u00e7lanan hedefi okuyuculara aktard\u0131.<\/p>\n<p>Kitapta medya okuryazarl\u0131\u011f\u0131na dair medyan\u0131n d\u00f6n\u00fc\u015f\u00fcm\u00fc ve ku\u015faklar, pop\u00fcler k\u00fclt\u00fcr, sosyal sorumluluk kuram\u0131, medyadaki tarafl\u0131l\u0131k, k\u00fcreselle\u015fme ve yeni ileti\u015fim d\u00fczeni, manip\u00fclasyon, dezenformasyon ve propaganda,\u00a0 ele\u015ftirel bak\u0131\u015f a\u00e7\u0131s\u0131, formal medya okuryazarl\u0131\u011f\u0131 e\u011fitiminde temel yakla\u015f\u0131mlar, dergicilik olgusu, T\u00fcrk dizileri: T\u00fcrkiye\u2019nin k\u00fclt\u00fcr ve turizm el\u00e7ileri, sosyal medya kullan\u0131m\u0131 ve kat\u0131l\u0131mc\u0131 vatanda\u015fl\u0131k etkinli\u011fi, sosyal medyada toplumsal cinsiyet, ele\u015ftirel medya okuryazarl\u0131\u011f\u0131 ve ele\u015ftirel pedagojinin ortakl\u0131klar\u0131 konulu \u00e7al\u0131\u015fmalar ve daha fazlas\u0131 yer almakta.<\/p>\n<p>&nbsp;<\/p>\n<p>&nbsp;<\/p>\n","protected":false},"excerpt":{"rendered":"<p>\u0130stanbul \u00dcniversitesi \u0130leti\u015fim Fak\u00fcltesi Gazetecilik B\u00f6l\u00fcm\u00fc \u00d6\u011fretim \u00dcyesi Do\u00e7. Dr. Meltem Bostanc\u0131, ileti\u015fimle ilgili akademik \u00e7al\u0131\u015fmalar\u0131na yenisini ekleyerek \u201cMedya Okuryazarl\u0131\u011f\u0131\u201d kitab\u0131n\u0131 okurlara sundu. Edit\u00f6rl\u00fc\u011f\u00fcn\u00fc Do\u00e7. Dr. Meltem Bostanc\u0131\u2019n\u0131n \u00fcstlendi\u011fi Medya Okuryazarl\u0131\u011f\u0131 kitab\u0131; ileti\u015fime, medyaya ve medya okuryazarl\u0131\u011f\u0131na dair merak edilenleri anlat\u0131yor.<\/p>\n","protected":false},"author":14,"featured_media":12167,"comment_status":"open","ping_status":"open","sticky":false,"template":"","format":"standard","meta":{"jnews-multi-image_gallery":[],"jnews_single_post":[],"jnews_primary_category":[],"jnews_social_meta":[],"jnews_override_counter":[],"footnotes":""},"categories":[25],"tags":[397,797],"class_list":["post-12106","post","type-post","status-publish","format-standard","has-post-thumbnail","hentry","category-egitim","tag-doc-dr-meltem-bostanci","tag-medya-okuryazarligi"],"_links":{"self":[{"href":"https:\/\/iletim.istanbul.edu.tr\/index.php\/wp-json\/wp\/v2\/posts\/12106","targetHints":{"allow":["GET"]}}],"collection":[{"href":"https:\/\/iletim.istanbul.edu.tr\/index.php\/wp-json\/wp\/v2\/posts"}],"about":[{"href":"https:\/\/iletim.istanbul.edu.tr\/index.php\/wp-json\/wp\/v2\/types\/post"}],"author":[{"embeddable":true,"href":"https:\/\/iletim.istanbul.edu.tr\/index.php\/wp-json\/wp\/v2\/users\/14"}],"replies":[{"embeddable":true,"href":"https:\/\/iletim.istanbul.edu.tr\/index.php\/wp-json\/wp\/v2\/comments?post=12106"}],"version-history":[{"count":0,"href":"https:\/\/iletim.istanbul.edu.tr\/index.php\/wp-json\/wp\/v2\/posts\/12106\/revisions"}],"wp:featuredmedia":[{"embeddable":true,"href":"https:\/\/iletim.istanbul.edu.tr\/index.php\/wp-json\/wp\/v2\/media\/12167"}],"wp:attachment":[{"href":"https:\/\/iletim.istanbul.edu.tr\/index.php\/wp-json\/wp\/v2\/media?parent=12106"}],"wp:term":[{"taxonomy":"category","embeddable":true,"href":"https:\/\/iletim.istanbul.edu.tr\/index.php\/wp-json\/wp\/v2\/categories?post=12106"},{"taxonomy":"post_tag","embeddable":true,"href":"https:\/\/iletim.istanbul.edu.tr\/index.php\/wp-json\/wp\/v2\/tags?post=12106"}],"curies":[{"name":"wp","href":"https:\/\/api.w.org\/{rel}","templated":true}]}}