{"id":12379,"date":"2019-10-08T16:15:39","date_gmt":"2019-10-08T13:15:39","guid":{"rendered":"https:\/\/iletim.istanbul.edu.tr\/?p=12379"},"modified":"2019-10-11T14:13:47","modified_gmt":"2019-10-11T11:13:47","slug":"8-uluslararasi-turkoloji-kongresi-gerceklesti","status":"publish","type":"post","link":"https:\/\/iletim.istanbul.edu.tr\/index.php\/2019\/10\/08\/8-uluslararasi-turkoloji-kongresi-gerceklesti\/","title":{"rendered":"8. Uluslararas\u0131 T\u00fcrkoloji Kongresi Ger\u00e7ekle\u015fti"},"content":{"rendered":"<p><strong>Dicle G\u00dcNG\u00d6R<\/strong><\/p>\n<p>8. Uluslararas\u0131 T\u00fcrkoloji Kongresi\u2019nin ilk g\u00fcn\u00fc 8 Ekim Pazartesi g\u00fcn\u00fc \u0130stanbul \u00dcniversitesi Doktora Salonu\u2019nda ger\u00e7ekle\u015fti. \u0130stanbul \u00dcniversitesi, Ahmet Yesevi \u00dcniversitesi ve Marmara \u00dcniversitesi i\u015fbirli\u011fince, Prof. Dr. Fuat Sezgin an\u0131s\u0131na d\u00fczenlenen kongrede \u201cT\u00fcrk Uygarl\u0131\u011f\u0131: K\u00f6kl\u00fc Ge\u00e7mi\u015ften G\u00fcn\u00fcm\u00fcze\u201d temal\u0131 konu\u015fmalar yap\u0131ld\u0131.<\/p>\n<p><span style=\"font-size: 14px\">Kazakistan ve T\u00fcrk Milli Mar\u015flar\u0131n\u0131n okunmas\u0131yla ba\u015flayan kongrede ilk s\u00f6z\u00fc Ahmet Yesevi \u00dcniversitesi E\u015f Rekt\u00f6r\u00fc Prof. Dr. Cengiz Tomar ald\u0131. Prof. Dr. Tomar, konu\u015fmas\u0131na Ahmet Yesevi \u00dcniversitesi olarak Marmara ve \u0130stanbul \u00dcniversiteleri ile birlikte kat\u0131ld\u0131klar\u0131 bu kongre i\u00e7in heyecan ve mutluluk duyduklar\u0131n\u0131 dile getirerek ba\u015flad\u0131. Prof. Dr. Tomar T\u00fcrkoloji \u00e7al\u0131\u015fmalar\u0131 i\u00e7in, isteyen herkesin Ahmet Yesevi \u00dcniversitesine gelebilece\u011fini kap\u0131lar\u0131n\u0131n her daim a\u00e7\u0131k oldu\u011funu s\u00f6zlerine ekledi.<\/span><\/p>\n<figure id=\"attachment_12382\" aria-describedby=\"caption-attachment-12382\" style=\"width: 702px\" class=\"wp-caption aligncenter\"><img decoding=\"async\" class=\"wp-image-12382 size-large\" src=\"https:\/\/iletim.istanbul.edu.tr\/wp-content\/uploads\/IMG_2348-1024x683.jpg\" alt=\"\" width=\"702\" height=\"468\" srcset=\"https:\/\/iletim.istanbul.edu.tr\/wp-content\/uploads\/IMG_2348-1024x683.jpg 1024w, https:\/\/iletim.istanbul.edu.tr\/wp-content\/uploads\/IMG_2348-300x200.jpg 300w, https:\/\/iletim.istanbul.edu.tr\/wp-content\/uploads\/IMG_2348-768x512.jpg 768w\" sizes=\"(max-width: 702px) 100vw, 702px\" \/><figcaption id=\"caption-attachment-12382\" class=\"wp-caption-text\">Ahmet Yesevi \u00dcniversitesi E\u015f Rekt\u00f6r\u00fc Prof. Dr. Cengiz Tomar<\/figcaption><\/figure>\n<p>Prof. Dr. Tomar\u2019\u0131n ard\u0131ndan konu\u015fmas\u0131n\u0131 yapan \u0130\u00dc Rekt\u00f6r Vekili Prof. Dr. \u0130lyas Topsakal, \u201cT\u00fcrkl\u00fck Bilimi \u00e7al\u0131\u015fmalar\u0131 bizim i\u00e7in \u00e7ok \u00f6nemli. Bu t\u00fcr organizasyonlar yap\u0131ld\u0131\u011f\u0131nda ge\u00e7mi\u015ften at\u0131f yapabilen, ge\u00e7mi\u015fi en ince ayr\u0131nt\u0131lar\u0131yla tetkik edebilen yeni nesillerin geli\u015fmesi ad\u0131na bu gibi kongrelerin b\u00fcy\u00fck katk\u0131 sa\u011flayaca\u011f\u0131na inan\u0131yorum\u201d s\u00f6zlerinin devam\u0131nda kongrenin d\u00fczenlenmesinde eme\u011fi ge\u00e7en herkese te\u015fekk\u00fcr ve \u015f\u00fckranlar\u0131n\u0131 sundu.<\/p>\n<p>Prof. Dr. Topsakal\u2019\u0131n ard\u0131ndan s\u00f6z alan Sultanbeyli Belediye Ba\u015fkan\u0131 H\u00fcseyin Keskin, kongrenin d\u00fczenlenmesinde katk\u0131lar\u0131 olan \u00fc\u00e7 \u00fcniversiteye te\u015fekk\u00fcrlerini iletti. Ge\u00e7ti\u011fimiz y\u0131l\u0131n haziran ay\u0131 kaybetti\u011fimiz Prof. Dr. Fuat Sezgin\u2019in an\u0131s\u0131na d\u00fczenlenen kongrede yer almaktan mutluluk ve gurur duydu\u011funu da s\u00f6zlerine ekledi.<\/p>\n<figure id=\"attachment_12385\" aria-describedby=\"caption-attachment-12385\" style=\"width: 702px\" class=\"wp-caption aligncenter\"><img decoding=\"async\" class=\"wp-image-12385 size-large\" src=\"https:\/\/iletim.istanbul.edu.tr\/wp-content\/uploads\/IMG_2374-1024x683.jpg\" alt=\"\" width=\"702\" height=\"468\" srcset=\"https:\/\/iletim.istanbul.edu.tr\/wp-content\/uploads\/IMG_2374-1024x683.jpg 1024w, https:\/\/iletim.istanbul.edu.tr\/wp-content\/uploads\/IMG_2374-300x200.jpg 300w, https:\/\/iletim.istanbul.edu.tr\/wp-content\/uploads\/IMG_2374-768x512.jpg 768w\" sizes=\"(max-width: 702px) 100vw, 702px\" \/><figcaption id=\"caption-attachment-12385\" class=\"wp-caption-text\">Sultanbeyli Belediye Ba\u015fkan\u0131 H\u00fcseyin Keskin<\/figcaption><\/figure>\n<p>Konu\u015fmalar\u0131n\u0131 k\u0131sa tutmak isteyen Ahmet Yesevi \u00dcniversitesi M\u00fctevelli Heyeti Ba\u015fkan\u0131 Prof. Dr. Musa Y\u0131ld\u0131z ve \u0130\u00dc Edebiyat Fak\u00fcltesi Dekan\u0131 Prof. Dr. Hayati Develi kongreye kat\u0131lmaktan mutluluk duyduklar\u0131n\u0131, bu kongrelerin farkl\u0131 T\u00fcrk k\u00fclt\u00fcrleri bir araya getirmelerine olanak sa\u011flamalar\u0131 a\u00e7\u0131s\u0131ndan olduk\u00e7a \u00f6nem te\u015fkil ettiklerini belirttiler.<\/p>\n<figure id=\"attachment_12388\" aria-describedby=\"caption-attachment-12388\" style=\"width: 702px\" class=\"wp-caption aligncenter\"><img decoding=\"async\" class=\"wp-image-12388 size-large\" src=\"https:\/\/iletim.istanbul.edu.tr\/wp-content\/uploads\/IMG_2393-1024x683.jpg\" alt=\"\" width=\"702\" height=\"468\" srcset=\"https:\/\/iletim.istanbul.edu.tr\/wp-content\/uploads\/IMG_2393-1024x683.jpg 1024w, https:\/\/iletim.istanbul.edu.tr\/wp-content\/uploads\/IMG_2393-300x200.jpg 300w, https:\/\/iletim.istanbul.edu.tr\/wp-content\/uploads\/IMG_2393-768x512.jpg 768w\" sizes=\"(max-width: 702px) 100vw, 702px\" \/><figcaption id=\"caption-attachment-12388\" class=\"wp-caption-text\">T\u00fcrkolog Uli Schamilo\u011flu<\/figcaption><\/figure>\n<p>Protokol konu\u015fmalar\u0131n\u0131n ard\u0131ndan davetli konu\u015fmac\u0131 T\u00fcrkolog Uli Schamilo\u011flu, \u201cT\u00fcrk Yaz\u0131 Dillerinin Tarihi D\u00f6nemleri: Yeni Bir Bak\u0131\u015f\u201d ba\u015fl\u0131kl\u0131 konu\u015fmas\u0131n\u0131 ger\u00e7ekle\u015ftirdi. Konu\u015fmas\u0131nda ge\u00e7mi\u015ften g\u00fcn\u00fcm\u00fcze Orta Asya\u2019da do\u011fan T\u00fcrk Dilleri\u2019nin geli\u015fimini anlatan Schamilo\u011flu, 8. Y\u00fczy\u0131lda Orta Asya\u2019da ibadetin artmas\u0131n\u0131n, dini hayat\u0131n geli\u015fmesinin ve kutsal kitaplar\u0131n \u00e7evrilmeye ba\u015flanmas\u0131n\u0131n T\u00fcrk Dili\u2019nin yayg\u0131nla\u015fmas\u0131nda b\u00fcy\u00fck rol oynad\u0131\u011f\u0131n\u0131 belirtti. T\u00fcrkolog Schamilo\u011flu, \u201cBir Uygur hik\u00e2yesi olan &#8216;\u0130yi ve K\u00f6t\u00fc Prens&#8217; bir ibadet \u00f6rne\u011fidir asl\u0131nda. Bunun gibi pek \u00e7ok hik\u00e2ye o d\u00f6nemde bir ibadet etme \u015fekli olarak g\u00f6r\u00fcl\u00fcp yaz\u0131lm\u0131\u015f ve \u00e7o\u011falt\u0131lm\u0131\u015ft\u0131r. Bu sebeple 8. Y\u00fczy\u0131ldan kalma pek \u00e7ok hikayenin kopyas\u0131 var elimizde\u201d s\u00f6zleriyle dinlerin dil \u00fczerindeki etkisine dikkat \u00e7ekti.<\/p>\n<p>Konu\u015fmas\u0131n\u0131n ard\u0131ndan T\u00fcrkolog Schamilo\u011flu\u2019na Ahmet Yesevi \u00dcniversitesi M\u00fctevelli Heyeti Ba\u015fkan\u0131 Prof. Dr. Y\u0131ld\u0131z taraf\u0131ndan te\u015fekk\u00fcr plaketi takdim edildi. Plaket takdiminin ard\u0131ndan kongrenin ilk oturumu sona erdi.<\/p>\n<div id='gallery_1' class='gallery galleryid-12379 gallery-columns-3 gallery-size-thumbnail'><figure class='gallery-item'>\n                <div class='gallery-icon landscape'>\n                    <a href='https:\/\/iletim.istanbul.edu.tr\/wp-content\/uploads\/IMG_2333.jpg'><img loading=\"lazy\" decoding=\"async\" width=\"150\" height=\"150\" src=\"\" class=\"attachment-thumbnail size-thumbnail lazyload\" alt=\"\" data-src=\"https:\/\/iletim.istanbul.edu.tr\/wp-content\/uploads\/IMG_2333-150x150.jpg\" data-sizes=\"auto\" data-srcset=\"\" data-expand=\"700\" \/><\/a>\n                <\/div><\/figure><figure class='gallery-item'>\n                <div class='gallery-icon landscape'>\n                    <a href='https:\/\/iletim.istanbul.edu.tr\/wp-content\/uploads\/IMG_2348.jpg'><img loading=\"lazy\" decoding=\"async\" width=\"150\" height=\"150\" src=\"\" class=\"attachment-thumbnail size-thumbnail lazyload\" alt=\"\" data-src=\"https:\/\/iletim.istanbul.edu.tr\/wp-content\/uploads\/IMG_2348-150x150.jpg\" data-sizes=\"auto\" data-srcset=\"\" data-expand=\"700\" \/><\/a>\n                <\/div><\/figure><figure class='gallery-item'>\n                <div class='gallery-icon landscape'>\n                    <a href='https:\/\/iletim.istanbul.edu.tr\/wp-content\/uploads\/IMG_2371.jpg'><img loading=\"lazy\" decoding=\"async\" width=\"150\" height=\"150\" src=\"\" class=\"attachment-thumbnail size-thumbnail lazyload\" alt=\"\" data-src=\"https:\/\/iletim.istanbul.edu.tr\/wp-content\/uploads\/IMG_2371-150x150.jpg\" data-sizes=\"auto\" data-srcset=\"\" data-expand=\"700\" \/><\/a>\n                <\/div><\/figure><br style=\"clear: both\" \/><figure class='gallery-item'>\n                <div class='gallery-icon landscape'>\n                    <a href='https:\/\/iletim.istanbul.edu.tr\/wp-content\/uploads\/IMG_2374.jpg'><img loading=\"lazy\" decoding=\"async\" width=\"150\" height=\"150\" src=\"\" class=\"attachment-thumbnail size-thumbnail lazyload\" alt=\"\" data-src=\"https:\/\/iletim.istanbul.edu.tr\/wp-content\/uploads\/IMG_2374-150x150.jpg\" data-sizes=\"auto\" data-srcset=\"\" data-expand=\"700\" \/><\/a>\n                <\/div><\/figure><figure class='gallery-item'>\n                <div class='gallery-icon landscape'>\n                    <a href='https:\/\/iletim.istanbul.edu.tr\/wp-content\/uploads\/IMG_2380.jpg'><img loading=\"lazy\" decoding=\"async\" width=\"150\" height=\"150\" src=\"\" class=\"attachment-thumbnail size-thumbnail lazyload\" alt=\"\" data-src=\"https:\/\/iletim.istanbul.edu.tr\/wp-content\/uploads\/IMG_2380-150x150.jpg\" data-sizes=\"auto\" data-srcset=\"\" data-expand=\"700\" \/><\/a>\n                <\/div><\/figure><figure class='gallery-item'>\n                <div class='gallery-icon landscape'>\n                    <a href='https:\/\/iletim.istanbul.edu.tr\/wp-content\/uploads\/IMG_2388.jpg'><img loading=\"lazy\" decoding=\"async\" width=\"150\" height=\"150\" src=\"\" class=\"attachment-thumbnail size-thumbnail lazyload\" alt=\"\" data-src=\"https:\/\/iletim.istanbul.edu.tr\/wp-content\/uploads\/IMG_2388-150x150.jpg\" data-sizes=\"auto\" data-srcset=\"\" data-expand=\"700\" \/><\/a>\n                <\/div><\/figure><br style=\"clear: both\" \/><figure class='gallery-item'>\n                <div class='gallery-icon landscape'>\n                    <a href='https:\/\/iletim.istanbul.edu.tr\/wp-content\/uploads\/IMG_2393.jpg'><img loading=\"lazy\" decoding=\"async\" width=\"150\" height=\"150\" src=\"\" class=\"attachment-thumbnail size-thumbnail lazyload\" alt=\"\" data-src=\"https:\/\/iletim.istanbul.edu.tr\/wp-content\/uploads\/IMG_2393-150x150.jpg\" data-sizes=\"auto\" data-srcset=\"\" data-expand=\"700\" \/><\/a>\n                <\/div><\/figure><figure class='gallery-item'>\n                <div class='gallery-icon landscape'>\n                    <a href='https:\/\/iletim.istanbul.edu.tr\/wp-content\/uploads\/IMG_2406.jpg'><img loading=\"lazy\" decoding=\"async\" width=\"150\" height=\"150\" src=\"\" class=\"attachment-thumbnail size-thumbnail lazyload\" alt=\"\" data-src=\"https:\/\/iletim.istanbul.edu.tr\/wp-content\/uploads\/IMG_2406-150x150.jpg\" data-sizes=\"auto\" data-srcset=\"\" data-expand=\"700\" \/><\/a>\n                <\/div><\/figure><figure class='gallery-item'>\n                <div class='gallery-icon landscape'>\n                    <a href='https:\/\/iletim.istanbul.edu.tr\/wp-content\/uploads\/IMG_2361.jpg'><img loading=\"lazy\" decoding=\"async\" width=\"150\" height=\"150\" src=\"\" class=\"attachment-thumbnail size-thumbnail lazyload\" alt=\"\" data-src=\"https:\/\/iletim.istanbul.edu.tr\/wp-content\/uploads\/IMG_2361-150x150.jpg\" data-sizes=\"auto\" data-srcset=\"\" data-expand=\"700\" \/><\/a>\n                <\/div><\/figure><br style=\"clear: both\" \/>\n            <\/div>\n\n","protected":false},"excerpt":{"rendered":"<p>8. Uluslararas\u0131 T\u00fcrkoloji Kongresi\u2019nin ilk g\u00fcn\u00fc 8 Ekim Pazartesi g\u00fcn\u00fc \u0130stanbul \u00dcniversitesi Doktora Salonu\u2019nda ger\u00e7ekle\u015fti. \u0130stanbul \u00dcniversitesi, Ahmet Yesevi \u00dcniversitesi ve Marmara \u00dcniversitesi i\u015fbirli\u011fince, Prof. Dr. Fuat Sezgin an\u0131s\u0131na d\u00fczenlenen kongrede \u201cT\u00fcrk Uygarl\u0131\u011f\u0131: K\u00f6kl\u00fc Ge\u00e7mi\u015ften G\u00fcn\u00fcm\u00fcze\u201d temal\u0131 konu\u015fmalar yap\u0131ld\u0131.<\/p>\n","protected":false},"author":14,"featured_media":12380,"comment_status":"open","ping_status":"open","sticky":false,"template":"","format":"standard","meta":{"jnews-multi-image_gallery":[],"jnews_single_post":[],"jnews_primary_category":[],"jnews_social_meta":[],"jnews_override_counter":[],"footnotes":""},"categories":[34],"tags":[411,1106,1107],"class_list":["post-12379","post","type-post","status-publish","format-standard","has-post-thumbnail","hentry","category-universite","tag-prof-dr-hayati-develi","tag-prof-dr-ilyas-topsakal","tag-uli-schamiloglu"],"_links":{"self":[{"href":"https:\/\/iletim.istanbul.edu.tr\/index.php\/wp-json\/wp\/v2\/posts\/12379","targetHints":{"allow":["GET"]}}],"collection":[{"href":"https:\/\/iletim.istanbul.edu.tr\/index.php\/wp-json\/wp\/v2\/posts"}],"about":[{"href":"https:\/\/iletim.istanbul.edu.tr\/index.php\/wp-json\/wp\/v2\/types\/post"}],"author":[{"embeddable":true,"href":"https:\/\/iletim.istanbul.edu.tr\/index.php\/wp-json\/wp\/v2\/users\/14"}],"replies":[{"embeddable":true,"href":"https:\/\/iletim.istanbul.edu.tr\/index.php\/wp-json\/wp\/v2\/comments?post=12379"}],"version-history":[{"count":0,"href":"https:\/\/iletim.istanbul.edu.tr\/index.php\/wp-json\/wp\/v2\/posts\/12379\/revisions"}],"wp:featuredmedia":[{"embeddable":true,"href":"https:\/\/iletim.istanbul.edu.tr\/index.php\/wp-json\/wp\/v2\/media\/12380"}],"wp:attachment":[{"href":"https:\/\/iletim.istanbul.edu.tr\/index.php\/wp-json\/wp\/v2\/media?parent=12379"}],"wp:term":[{"taxonomy":"category","embeddable":true,"href":"https:\/\/iletim.istanbul.edu.tr\/index.php\/wp-json\/wp\/v2\/categories?post=12379"},{"taxonomy":"post_tag","embeddable":true,"href":"https:\/\/iletim.istanbul.edu.tr\/index.php\/wp-json\/wp\/v2\/tags?post=12379"}],"curies":[{"name":"wp","href":"https:\/\/api.w.org\/{rel}","templated":true}]}}