{"id":12580,"date":"2019-10-21T14:32:03","date_gmt":"2019-10-21T11:32:03","guid":{"rendered":"https:\/\/iletim.istanbul.edu.tr\/?p=12580"},"modified":"2019-10-22T12:09:32","modified_gmt":"2019-10-22T09:09:32","slug":"liderler-kulubunun-duzenledigi-yurt-disi-egitim-programi-gerceklestirildi","status":"publish","type":"post","link":"https:\/\/iletim.istanbul.edu.tr\/index.php\/2019\/10\/21\/liderler-kulubunun-duzenledigi-yurt-disi-egitim-programi-gerceklestirildi\/","title":{"rendered":"Liderler Kul\u00fcb\u00fcn\u00fcn D\u00fczenledi\u011fi Yurt D\u0131\u015f\u0131 E\u011fitim Program\u0131 Ger\u00e7ekle\u015ftirildi"},"content":{"rendered":"<p><strong>Berk BOZTA\u015e<\/strong><br \/>\n<strong>FOTO\u011eRAF: Emine \u00d6zge KONDAK\u00c7I<\/strong><\/p>\n<p>\u0130stanbul \u00dcniversitesi Liderler Kul\u00fcb\u00fcn\u00fcn d\u00fczenledi\u011fi Yurt D\u0131\u015f\u0131 E\u011fitim Program\u0131 etkinli\u011fi kapsam\u0131nda, konuk \u00f6\u011frencilerin yurt d\u0131\u015f\u0131 deneyimlerini anlatt\u0131\u011f\u0131 ve AIESEC, Erasmus+, OZMAN, Mevlana programlar\u0131 hakk\u0131nda \u00e7e\u015fitli bilgilerin verildi\u011fi konferans Prof. Dr. Fuat Sezgin Kongre ve K\u00fclt\u00fcr Merkezi&#8217;nde ger\u00e7ekle\u015ftirildi.<\/p>\n<p><img decoding=\"async\" class=\"size-full wp-image-12658 aligncenter\" src=\"https:\/\/iletim.istanbul.edu.tr\/wp-content\/uploads\/22222.png\" alt=\"\" width=\"5145\" height=\"3145\" srcset=\"https:\/\/iletim.istanbul.edu.tr\/wp-content\/uploads\/22222.png 5145w, https:\/\/iletim.istanbul.edu.tr\/wp-content\/uploads\/22222-300x183.png 300w, https:\/\/iletim.istanbul.edu.tr\/wp-content\/uploads\/22222-768x469.png 768w, https:\/\/iletim.istanbul.edu.tr\/wp-content\/uploads\/22222-1024x626.png 1024w\" sizes=\"(max-width: 5145px) 100vw, 5145px\" \/><\/p>\n<p>\u0130stanbul \u00dcniversitesi Kariyer Geli\u015ftirme Uygulama ve Ara\u015ft\u0131rma Merkezi Proje Koordinat\u00f6r\u00fc Cengizhan Kocaman \u00fcniversite \u00f6\u011frencilerinin Mevlana De\u011fi\u015fim Program\u0131 hakk\u0131ndaki sorular\u0131n\u0131 yan\u0131tlad\u0131. AIESEC organizasyonu ad\u0131na konu\u015fma yapan AIESEC \u0130stanbul Tak\u0131m Lideri \u0130hsan Emsalsiz, konu\u015fmas\u0131nda AIESEC&#8217;in sundu\u011fu \u00e7e\u015fitli kamp, staj ve \u00e7al\u0131\u015fma programlar\u0131ndan bahsetti. Work and Travel program\u0131n\u0131 1999 y\u0131l\u0131nda T\u00fcrkiye\u2019de ba\u015flatan ilk kurum olma \u00f6zelli\u011fine sahip olan, yurt d\u0131\u015f\u0131nda e\u011fitim ve \u00e7al\u0131\u015fma imkanlar\u0131 sunan OZMAN organizasyonu ad\u0131na uzman konu\u015fmac\u0131lar \u00f6\u011frencilerin sorular\u0131n\u0131 yan\u0131tlad\u0131.\u00a0\u0130stanbul \u00dcniversitesi Kariyer Geli\u015ftirme Uygulama ve Ara\u015ft\u0131rma Merkezi deste\u011fiyle d\u00fczenlenen Erasmus+ oturumunda deneyimli \u00f6\u011frenciler bilgilerini aktard\u0131lar. Konferans\u0131n son oturumunda &#8221;Ba\u015fka Yol&#8221; youtube kanal\u0131 ile bilinen Do\u011fancan Karabudak, yurt d\u0131\u015f\u0131na \u00e7\u0131kma imkanlar\u0131 ve f\u0131rsatlar hakk\u0131nda \u00f6\u011frencileri bilgilendirdi ve \u00f6\u011frencilerin sorular\u0131n\u0131 yan\u0131tlad\u0131.<\/p>\n<p><strong>Murat Ceylan S\u00fcrprizi<\/strong><\/p>\n<p>YEP 2019&#8217;un bir de s\u00fcrpriz konu\u011fu vard\u0131. M\u00fczisyen, gezgin ve oyuncu kimli\u011fiyle tan\u0131nan, Para Bende program\u0131yla e\u015fsiz yurt d\u0131\u015f\u0131 deneyimleri ya\u015fayan Murat Ceylan Wish, deneyimlerini \u00f6\u011frencilerle payla\u015ft\u0131. Soru cevap tad\u0131nda ge\u00e7en oturumda, gitti\u011fi \u00fclkeler ve deneyimledikleri hakk\u0131nda \u00f6\u011frencilere \u00e7e\u015fitli bilgiler veren Wish, sunumunun ard\u0131ndan \u00f6\u011frenciler ile foto\u011fraf \u00e7ektirdi.<\/p>\n<div id='gallery_1' class='gallery galleryid-12580 gallery-columns-3 gallery-size-thumbnail'><figure class='gallery-item'>\n                <div class='gallery-icon landscape'>\n                    <a href='https:\/\/iletim.istanbul.edu.tr\/wp-content\/uploads\/IMG_0941.jpg'><img loading=\"lazy\" decoding=\"async\" width=\"150\" height=\"150\" src=\"\" class=\"attachment-thumbnail size-thumbnail lazyload\" alt=\"\" data-src=\"https:\/\/iletim.istanbul.edu.tr\/wp-content\/uploads\/IMG_0941-150x150.jpg\" data-sizes=\"auto\" data-srcset=\"\" data-expand=\"700\" \/><\/a>\n                <\/div><\/figure><figure class='gallery-item'>\n                <div class='gallery-icon landscape'>\n                    <a href='https:\/\/iletim.istanbul.edu.tr\/wp-content\/uploads\/IMG_0938.jpg'><img loading=\"lazy\" decoding=\"async\" width=\"150\" height=\"150\" src=\"\" class=\"attachment-thumbnail size-thumbnail lazyload\" alt=\"\" data-src=\"https:\/\/iletim.istanbul.edu.tr\/wp-content\/uploads\/IMG_0938-150x150.jpg\" data-sizes=\"auto\" data-srcset=\"\" data-expand=\"700\" \/><\/a>\n                <\/div><\/figure><figure class='gallery-item'>\n                <div class='gallery-icon landscape'>\n                    <a href='https:\/\/iletim.istanbul.edu.tr\/wp-content\/uploads\/IMG_0926.jpg'><img loading=\"lazy\" decoding=\"async\" width=\"150\" height=\"150\" src=\"\" class=\"attachment-thumbnail size-thumbnail lazyload\" alt=\"\" data-src=\"https:\/\/iletim.istanbul.edu.tr\/wp-content\/uploads\/IMG_0926-150x150.jpg\" data-sizes=\"auto\" data-srcset=\"\" data-expand=\"700\" \/><\/a>\n                <\/div><\/figure><br style=\"clear: both\" \/><figure class='gallery-item'>\n                <div class='gallery-icon landscape'>\n                    <a href='https:\/\/iletim.istanbul.edu.tr\/wp-content\/uploads\/IMG_0916.jpg'><img loading=\"lazy\" decoding=\"async\" width=\"150\" height=\"150\" src=\"\" class=\"attachment-thumbnail size-thumbnail lazyload\" alt=\"\" data-src=\"https:\/\/iletim.istanbul.edu.tr\/wp-content\/uploads\/IMG_0916-150x150.jpg\" data-sizes=\"auto\" data-srcset=\"\" data-expand=\"700\" \/><\/a>\n                <\/div><\/figure><figure class='gallery-item'>\n                <div class='gallery-icon landscape'>\n                    <a href='https:\/\/iletim.istanbul.edu.tr\/wp-content\/uploads\/IMG_0912.jpg'><img loading=\"lazy\" decoding=\"async\" width=\"150\" height=\"150\" src=\"\" class=\"attachment-thumbnail size-thumbnail lazyload\" alt=\"\" data-src=\"https:\/\/iletim.istanbul.edu.tr\/wp-content\/uploads\/IMG_0912-150x150.jpg\" data-sizes=\"auto\" data-srcset=\"\" data-expand=\"700\" \/><\/a>\n                <\/div><\/figure><figure class='gallery-item'>\n                <div class='gallery-icon landscape'>\n                    <a href='https:\/\/iletim.istanbul.edu.tr\/wp-content\/uploads\/muratceylan.jpg'><img loading=\"lazy\" decoding=\"async\" width=\"150\" height=\"150\" src=\"\" class=\"attachment-thumbnail size-thumbnail lazyload\" alt=\"\" data-src=\"https:\/\/iletim.istanbul.edu.tr\/wp-content\/uploads\/muratceylan-150x150.jpg\" data-sizes=\"auto\" data-srcset=\"https:\/\/iletim.istanbul.edu.tr\/wp-content\/uploads\/muratceylan-150x150.jpg 150w, https:\/\/iletim.istanbul.edu.tr\/wp-content\/uploads\/muratceylan-300x300.jpg 300w, https:\/\/iletim.istanbul.edu.tr\/wp-content\/uploads\/muratceylan-768x768.jpg 768w, https:\/\/iletim.istanbul.edu.tr\/wp-content\/uploads\/muratceylan-1024x1024.jpg 1024w, https:\/\/iletim.istanbul.edu.tr\/wp-content\/uploads\/muratceylan.jpg 1062w\" data-expand=\"700\" \/><\/a>\n                <\/div><\/figure><br style=\"clear: both\" \/>\n            <\/div>\n\n","protected":false},"excerpt":{"rendered":"<p>Liderler Kul\u00fcb\u00fc taraf\u0131ndan d\u00fczenlenen, Mevlana, AIESEC, OZMAN, Erasmus programlar\u0131 hakk\u0131nda detayl\u0131 bilgi verilen  Yurt D\u0131\u015f\u0131 E\u011fitim Program\u0131 (YEP 2019) 17 Ekim Per\u015fembe G\u00fcn\u00fc Prof. Dr. Fuat Sezgin Kongre ve K\u00fclt\u00fcr Merkezi&#8217;nde ger\u00e7ekle\u015ftirildi<\/p>\n","protected":false},"author":14,"featured_media":12582,"comment_status":"open","ping_status":"open","sticky":false,"template":"","format":"standard","meta":{"jnews-multi-image_gallery":[],"jnews_single_post":[],"jnews_primary_category":[],"jnews_social_meta":[],"jnews_override_counter":[],"footnotes":""},"categories":[34],"tags":[1149,1145,1146,49,1148,1150,1147,1151,1144],"class_list":["post-12580","post","type-post","status-publish","format-standard","has-post-thumbnail","hentry","category-universite","tag-aiesec","tag-cengizhan-kocaman","tag-dogancan-karabudak","tag-erasmus","tag-liderler-kulubu","tag-mevlana","tag-murat-ceylan","tag-ozman","tag-yurt-disi-egitim-programi"],"_links":{"self":[{"href":"https:\/\/iletim.istanbul.edu.tr\/index.php\/wp-json\/wp\/v2\/posts\/12580","targetHints":{"allow":["GET"]}}],"collection":[{"href":"https:\/\/iletim.istanbul.edu.tr\/index.php\/wp-json\/wp\/v2\/posts"}],"about":[{"href":"https:\/\/iletim.istanbul.edu.tr\/index.php\/wp-json\/wp\/v2\/types\/post"}],"author":[{"embeddable":true,"href":"https:\/\/iletim.istanbul.edu.tr\/index.php\/wp-json\/wp\/v2\/users\/14"}],"replies":[{"embeddable":true,"href":"https:\/\/iletim.istanbul.edu.tr\/index.php\/wp-json\/wp\/v2\/comments?post=12580"}],"version-history":[{"count":0,"href":"https:\/\/iletim.istanbul.edu.tr\/index.php\/wp-json\/wp\/v2\/posts\/12580\/revisions"}],"wp:featuredmedia":[{"embeddable":true,"href":"https:\/\/iletim.istanbul.edu.tr\/index.php\/wp-json\/wp\/v2\/media\/12582"}],"wp:attachment":[{"href":"https:\/\/iletim.istanbul.edu.tr\/index.php\/wp-json\/wp\/v2\/media?parent=12580"}],"wp:term":[{"taxonomy":"category","embeddable":true,"href":"https:\/\/iletim.istanbul.edu.tr\/index.php\/wp-json\/wp\/v2\/categories?post=12580"},{"taxonomy":"post_tag","embeddable":true,"href":"https:\/\/iletim.istanbul.edu.tr\/index.php\/wp-json\/wp\/v2\/tags?post=12580"}],"curies":[{"name":"wp","href":"https:\/\/api.w.org\/{rel}","templated":true}]}}