{"id":12993,"date":"2019-11-08T12:51:42","date_gmt":"2019-11-08T09:51:42","guid":{"rendered":"https:\/\/iletim.istanbul.edu.tr\/?p=12993"},"modified":"2019-11-09T18:05:48","modified_gmt":"2019-11-09T15:05:48","slug":"akademiye-adanmis-40-yil-prof-dr-suat-gezgin","status":"publish","type":"post","link":"https:\/\/iletim.istanbul.edu.tr\/index.php\/2019\/11\/08\/akademiye-adanmis-40-yil-prof-dr-suat-gezgin\/","title":{"rendered":"Akademiye Adanm\u0131\u015f 40 Y\u0131l: Prof. Dr. Suat Gezgin"},"content":{"rendered":"<p><strong>Tu\u011f\u00e7e AY\u00c7\u0130N<\/strong><\/p>\n<p><strong>40 y\u0131l\u0131 a\u015fk\u0131n s\u00fcredir \u00fcretti\u011fi eserler ve yeti\u015ftirdi\u011fi akademisyenlerle bilim d\u00fcnyas\u0131na say\u0131s\u0131z katk\u0131 sa\u011flam\u0131\u015f \u201cHocalar\u0131n hocas\u0131\u201d, \u0130\u00dc \u0130leti\u015fim Fak\u00fcltesi Gazetecilik B\u00f6l\u00fcm\u00fc \u00d6\u011fretim \u00dcyesi Prof. Dr. Suat Gezgin, akademideki 40. y\u0131l\u0131nda ya\u015f haddinden emekliye ayr\u0131ld\u0131. <\/strong><\/p>\n<p>Gazeteci, sosyolog, antropolog, arkeolog\u2026 Monako Prensli\u011fi \u0130nsanl\u0131k Tarihi Enstit\u00fcs\u00fcn\u00fcn prestijli Bilim \u00d6d\u00fcl\u00fcn\u00fc T\u00fcrkiye\u2019den ilk alan bilim insan\u0131\u2026 \u00d6\u011frencilerinin sonsuz sayg\u0131 ve sevgi duydu\u011fu, ileti\u015fim camias\u0131n\u0131n mihenk ta\u015f\u0131 Prof. Dr. Suat Gezgin\u2026<\/p>\n<p>\u0130\u00dc \u0130leti\u015fim Fak\u00fcltesinde dekanl\u0131k, dekan yard\u0131mc\u0131l\u0131\u011f\u0131, b\u00f6l\u00fcm ba\u015fkanl\u0131\u011f\u0131 gibi bir\u00e7ok \u00f6nemli g\u00f6revde bulunan Prof. Dr. Gezgin, 25 y\u0131ld\u0131r bi\u2019l-fill \u00e7al\u0131\u015ft\u0131\u011f\u0131 \u0130\u00dc \u0130leti\u015fim Fak\u00fcltesinden ya\u015f haddi nedeniyle emekliye ayr\u0131ld\u0131. Ancak Prof. Dr. Gezgin, \u00fcretti\u011fi eserlerin yan\u0131 s\u0131ra yeti\u015ftirdi\u011fi \u00f6\u011frencileriyle de gerek akademiye gerek ileti\u015fim sekt\u00f6r\u00fcne katk\u0131lar\u0131n\u0131 s\u00fcrd\u00fcrmeye devam ediyor.<\/p>\n<p><strong>Var\u0131m Yo\u011fum \u00d6\u011frencilerim<\/strong><\/p>\n<p>\u201cHen\u00fcz 20\u2019li ya\u015flar\u0131m\u0131n ba\u015f\u0131ndayken benim yolumun bilgiden ge\u00e7mesi gerekti\u011fini fark etti\u011fimde akademisyen olmaya karar verdim. O zamandan bu yana var\u0131m yo\u011fum \u00f6\u011frencilerim ve onlar\u0131n mutlulu\u011fu\u201d diyen, \u00f6\u011frencilerine her f\u0131rsatta destek olan, \u00f6\u011frencilerinin ba\u015far\u0131lar\u0131n\u0131 mutluluk ve gurur kayna\u011f\u0131 olarak tan\u0131mlayan, hayat mottosu \u201c\u00fcretmek ya\u015famakt\u0131r\u201d olan bir hoca, Prof. Dr. Gezgin.<\/p>\n<p>Suat Hoca ile akademisyenlikten gazetecili\u011fe, \u0130leti\u015fim Fak\u00fcltesinde ger\u00e7ekle\u015ftirdi\u011fi projelerden \u201cs\u00f6zde emeklilik\u201d olarak tan\u0131mlad\u0131\u011f\u0131 emeklili\u011fine kadar bir\u00e7ok konuyu konu\u015ftuk.<\/p>\n<p>Biraz \u00f6zge\u00e7mi\u015finden bahsetmek gerekecek olursa; Prof. Dr. Gezgin\u2019in akademik hayat\u0131 Fransa\u2019da ba\u015fl\u0131yor. Lisans e\u011fitimini Aix-Marseille \u00dcniversitesi Edebiyat Fak\u00fcltesi Sosyoloji-Etnoloji b\u00f6l\u00fcm\u00fcnde, y\u00fcksek lisans ve doktora e\u011fitimini ise Pierre et Marie Curie Paris VI \u00dcniversitesi Antropoloji Anabilim Dal\u0131 ve Prehistorya Anabilim Dal\u0131\u2019nda tamaml\u0131yor. 1983-1993 y\u0131llar\u0131 aras\u0131nda Aix-Marseille \u00dcniversitesi Antropoloji Laboratuar\u0131\u2019nda asistan, ba\u015f asistan, do\u00e7entlik kadrolar\u0131nda g\u00f6rev al\u0131yor. K\u0131sa bir s\u00fcre sonra Paris M\u00fczeler Genel M\u00fcd\u00fcrl\u00fc\u011f\u00fc\u2019nde Antropoloji Anabilim Dal\u0131 M\u00fcd\u00fcr Yard\u0131mc\u0131l\u0131\u011f\u0131 g\u00f6revini \u00fcstleniyor, \u00f6te yandan Fransa\u2019da H\u00fcrriyet Gazetesi D\u0131\u015f Haberler Temsilcili\u011fi yap\u0131yor. Yakla\u015f\u0131k 20 y\u0131ll\u0131k Fransa deneyiminden sonra 1993\u2019te T\u00fcrkiye\u2019ye d\u00f6n\u00fcyor ve \u0130\u00dc \u0130leti\u015fim Fak\u00fcltesinde \u00e7al\u0131\u015fmaya ba\u015fl\u0131yor. 1993\u2019ten bu yana tam 25 y\u0131l boyunca da \u0130\u00dc \u0130leti\u015fim Fak\u00fcltesinde b\u00f6l\u00fcm ba\u015fkanl\u0131klar\u0131, dekan yard\u0131mc\u0131l\u0131\u011f\u0131 ve dekanl\u0131k g\u00f6revlerinde bulunuyor.<\/p>\n<figure id=\"attachment_12995\" aria-describedby=\"caption-attachment-12995\" style=\"width: 1156px\" class=\"wp-caption alignnone\"><img decoding=\"async\" class=\"wp-image-12995 size-full\" src=\"https:\/\/iletim.istanbul.edu.tr\/wp-content\/uploads\/suat-gezgin-1.jpg\" alt=\"\" width=\"1156\" height=\"812\" srcset=\"https:\/\/iletim.istanbul.edu.tr\/wp-content\/uploads\/suat-gezgin-1.jpg 1156w, https:\/\/iletim.istanbul.edu.tr\/wp-content\/uploads\/suat-gezgin-1-300x211.jpg 300w, https:\/\/iletim.istanbul.edu.tr\/wp-content\/uploads\/suat-gezgin-1-768x539.jpg 768w, https:\/\/iletim.istanbul.edu.tr\/wp-content\/uploads\/suat-gezgin-1-1024x719.jpg 1024w\" sizes=\"(max-width: 1156px) 100vw, 1156px\" \/><figcaption id=\"caption-attachment-12995\" class=\"wp-caption-text\">Prof. Dr. Suat Gezgin&#8217;in Fransa y\u0131llar\u0131ndan<\/figcaption><\/figure>\n<p>Bilginin payla\u015ft\u0131k\u00e7a \u00e7o\u011falaca\u011f\u0131na, \u00e7o\u011fald\u0131k\u00e7a da insanl\u0131\u011f\u0131n geli\u015fece\u011fine, de\u011fi\u015fece\u011fine ve en iyiye do\u011fru yol alaca\u011f\u0131na inanan Prof. Dr. Gezgin, \u201cAkademisyen olmasayd\u0131m gazeteci olurdum\u201d diyor ve ekliyor: \u201cUzun y\u0131llar gazetecilik de yapt\u0131m. Fakat akademisyenlik daha a\u011f\u0131r bast\u0131. Beni en iyi yans\u0131tt\u0131\u011f\u0131na inand\u0131\u011f\u0131m iki meslek; akademisyenlik ve gazetecilik.\u201d<\/p>\n<p><strong>\u00dcretmenin Ya\u015famak Oldu\u011funu Ke\u015ffettim<\/strong><\/p>\n<p>Farkl\u0131 disiplinlerden beslenmenin bir akademisyene b\u00fcy\u00fck katk\u0131lar sa\u011flad\u0131\u011f\u0131n\u0131 belirten Prof. Dr. Gezgin, Fransa\u2019da ald\u0131\u011f\u0131 e\u011fitimin olaylara multidisipliner bakmas\u0131n\u0131 ve sorunlara do\u011frudan \u00e7\u00f6z\u00fcm odakl\u0131 yakla\u015fmas\u0131n\u0131 sa\u011flad\u0131\u011f\u0131n\u0131 vurguluyor. Prof. Dr. Gezgin ekip \u00e7al\u0131\u015fmas\u0131na ve \u00fcretmeye verdi\u011fi \u00f6nemi ise \u015fu ifadelerle aktar\u0131yor: \u201cMeslek ya\u015fant\u0131m boyunca ekip ruhuna inanan birisi oldum ve ekip \u00e7al\u0131\u015fmalar\u0131 yaparak bu sayede bir \u015feyler \u00fcretmenin hazz\u0131n\u0131 ya\u015fad\u0131m. \u00dcretmenin ya\u015famak oldu\u011funu ke\u015ffettim. G\u00fcn\u00fcm\u00fczde her \u015fey \u00e7ok h\u0131zl\u0131 de\u011fi\u015fiyor, d\u00f6n\u00fc\u015f\u00fcyor. \u0130leti\u015fim bi\u00e7imlerimiz farkl\u0131la\u015f\u0131yor, g\u00fcndelik ya\u015fam\u0131m\u0131z buna ba\u011fl\u0131 olarak ba\u015fka bir h\u00e2l al\u0131yor. \u00c2deta dijital bir evrenin i\u00e7ine hapsolduk. B\u00f6ylesi bir ortamda ileti\u015fim \u00e7al\u0131\u015fmalar\u0131n\u0131n h\u0131z kazanmas\u0131 gerekiyor. D\u00fc\u015f\u00fcnecek, ara\u015ft\u0131r\u0131lacak, s\u00f6yleyecek \u00e7ok \u015fey var. Bir \u015feyler \u00fcretmek gerekiyor.\u201d<\/p>\n<figure id=\"attachment_12997\" aria-describedby=\"caption-attachment-12997\" style=\"width: 1087px\" class=\"wp-caption alignnone\"><img decoding=\"async\" class=\"wp-image-12997 size-full\" src=\"https:\/\/iletim.istanbul.edu.tr\/wp-content\/uploads\/suat-gezgin-3.jpg\" alt=\"\" width=\"1087\" height=\"827\" srcset=\"https:\/\/iletim.istanbul.edu.tr\/wp-content\/uploads\/suat-gezgin-3.jpg 1087w, https:\/\/iletim.istanbul.edu.tr\/wp-content\/uploads\/suat-gezgin-3-300x228.jpg 300w, https:\/\/iletim.istanbul.edu.tr\/wp-content\/uploads\/suat-gezgin-3-768x584.jpg 768w, https:\/\/iletim.istanbul.edu.tr\/wp-content\/uploads\/suat-gezgin-3-1024x779.jpg 1024w\" sizes=\"(max-width: 1087px) 100vw, 1087px\" \/><figcaption id=\"caption-attachment-12997\" class=\"wp-caption-text\">Prof. Dr. Suat Gezgin, Monako Prensligi \u0130nsanlik Enstit\u00fcs\u00fcn\u00fcn prestijli bilim \u00f6d\u00fcl\u00fcn\u00fc, T\u00fcrkiye\u2019den ilk alan bilim insan\u0131<\/figcaption><\/figure>\n<p><strong>10 Y\u0131l S\u00fcren Dekanl\u0131k D\u00f6nemi<\/strong><\/p>\n<p>Prof. Dr. Gezgin, dekanl\u0131k g\u00f6revinde bulundu\u011fu 10 y\u0131lda \u0130stanbul \u00dcniversitesi \u0130leti\u015fim Fak\u00fcltesinde bir\u00e7ok projeye imza at\u0131yor. Bu projelerin baz\u0131lar\u0131n\u0131 \u015f\u00f6yle anlat\u0131yor: \u201cK\u00fclt\u00fcrleraras\u0131 \u0130leti\u015fim Yaz Okulu\u2019 projesi kapsam\u0131nda Almanya, Avusturya ve Fransa ile anla\u015fmalar yapt\u0131k. Radio France International, Deutsche Welle, BBC ile anla\u015fmalar\u0131m\u0131z \u00e7er\u00e7evesinde canl\u0131 yay\u0131n yapmak i\u00e7in fak\u00fclte binas\u0131na antenler koyduk. Yine Almanya merkezli Bat\u0131 Almanya Radyo ve Televizyon Kurumu WDR\u2019nin canl\u0131 yay\u0131n arac\u0131n\u0131 istedim, vermeyi kabul ettiler. Ara\u00e7 K\u00f6ln\u2019den yola \u00e7\u0131kt\u0131, canl\u0131 yay\u0131n yaparak \u0130stanbul \u00dcniversitesi Rekt\u00f6rl\u00fck binas\u0131na kadar geldi. Burada teslim ald\u0131k. Fransa\u2019daki Lille Gazetecilik Enstit\u00fcs\u00fc ile anla\u015fma yapt\u0131k, oradaki hocalar ayda bir fak\u00fcltemize gelip \u00f6\u011frencilerimize dersler verdiler. Frans\u0131z Konsoloslu\u011fu fak\u00fcltemize Frans\u0131zca altyaz\u0131l\u0131 filmler verdi, biz de bu filmlerle \u00f6\u011frencilerimize film g\u00fcnleri haz\u0131rlad\u0131k. Fransa el\u00e7ili\u011fiyle ve k\u00fclt\u00fcr ate\u015feli\u011fiyle \u00e7al\u0131\u015ft\u0131k. Ayr\u0131ca \u00f6\u011frencilerimi yaz\u0131n staj yapmalar\u0131 i\u00e7in Fransa\u2019ya g\u00f6nderiyorum, bunu y\u0131llard\u0131r s\u00fcrd\u00fcr\u00fcyorum.\u201d<\/p>\n<p><img decoding=\"async\" class=\"alignnone size-full wp-image-12996\" src=\"https:\/\/iletim.istanbul.edu.tr\/wp-content\/uploads\/IMG_0058.jpg\" alt=\"\" width=\"3516\" height=\"3306\" srcset=\"https:\/\/iletim.istanbul.edu.tr\/wp-content\/uploads\/IMG_0058.jpg 3516w, https:\/\/iletim.istanbul.edu.tr\/wp-content\/uploads\/IMG_0058-300x282.jpg 300w, https:\/\/iletim.istanbul.edu.tr\/wp-content\/uploads\/IMG_0058-768x722.jpg 768w, https:\/\/iletim.istanbul.edu.tr\/wp-content\/uploads\/IMG_0058-1024x963.jpg 1024w\" sizes=\"(max-width: 3516px) 100vw, 3516px\" \/><strong>Uzmanla\u015fmak \u0130\u00e7in \u00c7abalay\u0131n<\/strong><\/p>\n<p>Suat Hoca, \u00f6\u011frencilerine her zaman kendilerine g\u00fcvenmelerini tavsiye ediyor. \u0130stedikten ve inand\u0131ktan sonra her zorlu\u011fun \u00fcstesinden gelinece\u011fini ve ba\u015far\u0131ya ula\u015f\u0131labilece\u011fini vurguluyor. \u00d6\u011frencilerin iyi bir \u2018ileti\u015fimci\u2019 olmak i\u00e7in \u00e7abalamas\u0131 gerekti\u011finin alt\u0131n\u0131 \u00e7izen Prof. Dr. Gezgin, \u201cBunun i\u00e7in de bol bol kitap okumak, film-belgesel izlemek, yak\u0131n tarihimiz ba\u015fta olmak \u00fczere gidebildi\u011finiz kadar eskiye gitmek ve tarih, sosyoloji, antropoloji gibi sosyal alanlarla ilgili bilgi sahibi olmak \u00f6n \u015fart. \u0130lgi duydu\u011funuz bir alanda uzmanla\u015fmak i\u00e7in \u00e7abalamal\u0131s\u0131n\u0131z. Her konu hakk\u0131nda fikir sahibi olmak i\u00e7in bol bol gezmeli, okumal\u0131, izlemeli ve elbette ileti\u015fim kurmal\u0131s\u0131n\u0131z\u201d \u015feklinde konu\u015fuyor.<\/p>\n<p><img decoding=\"async\" class=\"alignnone size-full wp-image-12998\" src=\"https:\/\/iletim.istanbul.edu.tr\/wp-content\/uploads\/suat-gezgin-4.jpg\" alt=\"\" width=\"5184\" height=\"3456\" srcset=\"https:\/\/iletim.istanbul.edu.tr\/wp-content\/uploads\/suat-gezgin-4.jpg 5184w, https:\/\/iletim.istanbul.edu.tr\/wp-content\/uploads\/suat-gezgin-4-300x200.jpg 300w, https:\/\/iletim.istanbul.edu.tr\/wp-content\/uploads\/suat-gezgin-4-768x512.jpg 768w, https:\/\/iletim.istanbul.edu.tr\/wp-content\/uploads\/suat-gezgin-4-1024x683.jpg 1024w\" sizes=\"(max-width: 5184px) 100vw, 5184px\" \/><\/p>\n<p><strong>\u2018S\u00f6zde\u2019 Emeklilik<\/strong><\/p>\n<p>Akademisyenli\u011fin mek\u00e2na ba\u011fl\u0131 bir u\u011fra\u015f olmad\u0131\u011f\u0131n\u0131 s\u00f6yleyen Prof. Dr. Gezgin emeklili\u011fi ile ilgili \u015fu de\u011ferlendirmede bulunuyor: \u201cBen isteyerek emekli olmad\u0131m, ya\u015f haddi nedeniyle emekli oldum. Bence bu \u2018s\u00f6zde\u2019 emeklilik. \u00c7\u00fcnk\u00fc ben bir akademisyenin emekli olabilece\u011fine inanm\u0131yorum, akademisyenlik bir ya\u015fam bi\u00e7imi benim g\u00f6z\u00fcmde. O nedenle kendimi de emekli olarak kabul etmiyorum. \u0130leriye d\u00f6n\u00fck \u00e7ok g\u00fczel projelerim, fikirlerim var; akademi \u00e7at\u0131s\u0131 alt\u0131nda o d\u00fc\u015f\u00fcncelerimi hayata ge\u00e7irece\u011fim. \u015eu anda \u0130stanbul \u00dcniversitesinde y\u00fcksek lisans ve doktora dersleri vermeye devam ediyorum. \u00d6te yandan bir vak\u0131f \u00fcniversitesiyle anla\u015fma a\u015famas\u0131nday\u0131m. K\u0131sacas\u0131 \u00fcretmeye, \u00e7al\u0131\u015fmaya her zamanki gibi devam edece\u011fim.\u201d<\/p>\n<p><img decoding=\"async\" class=\"alignnone size-full wp-image-13001\" src=\"https:\/\/iletim.istanbul.edu.tr\/wp-content\/uploads\/suat-gezgin-5.jpg\" alt=\"\" width=\"1848\" height=\"1224\" srcset=\"https:\/\/iletim.istanbul.edu.tr\/wp-content\/uploads\/suat-gezgin-5.jpg 1848w, https:\/\/iletim.istanbul.edu.tr\/wp-content\/uploads\/suat-gezgin-5-300x199.jpg 300w, https:\/\/iletim.istanbul.edu.tr\/wp-content\/uploads\/suat-gezgin-5-768x509.jpg 768w, https:\/\/iletim.istanbul.edu.tr\/wp-content\/uploads\/suat-gezgin-5-1024x678.jpg 1024w\" sizes=\"(max-width: 1848px) 100vw, 1848px\" \/><\/p>\n","protected":false},"excerpt":{"rendered":"<p>40 y\u0131l\u0131 a\u015fk\u0131n s\u00fcredir \u00fcretti\u011fi eserler ve yeti\u015ftirdi\u011fi akademisyenlerle bilim d\u00fcnyas\u0131na say\u0131s\u0131z katk\u0131 sa\u011flam\u0131\u015f \u201cHocalar\u0131n hocas\u0131\u201d, \u0130\u00dc \u0130leti\u015fim Fak\u00fcltesi Gazetecilik B\u00f6l\u00fcm\u00fc \u00d6\u011fretim \u00dcyesi Prof. Dr. Suat Gezgin, akademideki 40. y\u0131l\u0131nda ya\u015f haddinden emekliye ayr\u0131ld\u0131. Suat Hoca ile akademisyenlikten gazetecili\u011fe, \u0130leti\u015fim Fak\u00fcltesinde ger\u00e7ekle\u015ftirdi\u011fi projelerden \u201cs\u00f6zde emeklilik\u201d olarak tan\u0131mlad\u0131\u011f\u0131 emeklili\u011fine kadar bir\u00e7ok konuyu konu\u015ftuk.<\/p>\n","protected":false},"author":14,"featured_media":12994,"comment_status":"open","ping_status":"open","sticky":false,"template":"","format":"standard","meta":{"jnews-multi-image_gallery":[],"jnews_single_post":[],"jnews_primary_category":[],"jnews_social_meta":[],"jnews_override_counter":[],"footnotes":""},"categories":[178],"tags":[324,384,1208,1207,1209,1210,1211],"class_list":["post-12993","post","type-post","status-publish","format-standard","has-post-thumbnail","hentry","category-fakultemizden","tag-prof-dr-suat-gezgin","tag-suat-gezgin","tag-suat-gezgin-emekli","tag-suat-gezgin-emekli-oldu","tag-suat-gezgin-iletisim-fakultesi","tag-suat-gezgin-istanbul-universitesi","tag-suat-gezgin-kimdir"],"_links":{"self":[{"href":"https:\/\/iletim.istanbul.edu.tr\/index.php\/wp-json\/wp\/v2\/posts\/12993","targetHints":{"allow":["GET"]}}],"collection":[{"href":"https:\/\/iletim.istanbul.edu.tr\/index.php\/wp-json\/wp\/v2\/posts"}],"about":[{"href":"https:\/\/iletim.istanbul.edu.tr\/index.php\/wp-json\/wp\/v2\/types\/post"}],"author":[{"embeddable":true,"href":"https:\/\/iletim.istanbul.edu.tr\/index.php\/wp-json\/wp\/v2\/users\/14"}],"replies":[{"embeddable":true,"href":"https:\/\/iletim.istanbul.edu.tr\/index.php\/wp-json\/wp\/v2\/comments?post=12993"}],"version-history":[{"count":0,"href":"https:\/\/iletim.istanbul.edu.tr\/index.php\/wp-json\/wp\/v2\/posts\/12993\/revisions"}],"wp:featuredmedia":[{"embeddable":true,"href":"https:\/\/iletim.istanbul.edu.tr\/index.php\/wp-json\/wp\/v2\/media\/12994"}],"wp:attachment":[{"href":"https:\/\/iletim.istanbul.edu.tr\/index.php\/wp-json\/wp\/v2\/media?parent=12993"}],"wp:term":[{"taxonomy":"category","embeddable":true,"href":"https:\/\/iletim.istanbul.edu.tr\/index.php\/wp-json\/wp\/v2\/categories?post=12993"},{"taxonomy":"post_tag","embeddable":true,"href":"https:\/\/iletim.istanbul.edu.tr\/index.php\/wp-json\/wp\/v2\/tags?post=12993"}],"curies":[{"name":"wp","href":"https:\/\/api.w.org\/{rel}","templated":true}]}}