{"id":13067,"date":"2019-11-09T13:43:40","date_gmt":"2019-11-09T10:43:40","guid":{"rendered":"https:\/\/iletim.istanbul.edu.tr\/?p=13067"},"modified":"2019-11-11T13:44:41","modified_gmt":"2019-11-11T10:44:41","slug":"istanbul-turizm-alaninda-dunyanin-en-guvenli-sehri","status":"publish","type":"post","link":"https:\/\/iletim.istanbul.edu.tr\/index.php\/2019\/11\/09\/istanbul-turizm-alaninda-dunyanin-en-guvenli-sehri\/","title":{"rendered":"\u201c\u0130stanbul, Turizm Alan\u0131nda D\u00fcnyan\u0131n En G\u00fcvenli \u015eehri\u201d"},"content":{"rendered":"<p><strong>Tu\u011f\u00e7e AY\u00c7\u0130N<\/strong><\/p>\n<p><strong>\u201cTuristlere Y\u00f6nelik \u00c7\u0131kar Amac\u0131yla \u0130\u015flenen Su\u00e7lar ve Kabahatler \u00c7al\u0131\u015ftay\u0131\u201d, 9 Kas\u0131m\u2019da \u0130stanbul \u00dcniversitesi\u2019nde ger\u00e7ekle\u015ftirildi.<\/strong><\/p>\n<p>\u0130stanbul \u00dcniversitesi Hukuk Fak\u00fcltesi Ceza Hukuku ve Kriminoloji Ara\u015ft\u0131rma ve Uygulama Merkezi ve \u0130stanbul \u0130l Emniyet M\u00fcd\u00fcrl\u00fc\u011f\u00fc Turizm \u015eube M\u00fcd\u00fcrl\u00fc\u011f\u00fc i\u015f birli\u011fi ile d\u00fczenlenen \u201cTuristlere Y\u00f6nelik \u00c7\u0131kar Amac\u0131yla \u0130\u015flenen Su\u00e7lar ve Kabahatler \u00c7al\u0131\u015ftay\u0131\u201d \u0130stanbul \u00dcniversitesi Rekt\u00f6rl\u00fck Binas\u0131 Doktora Salonu\u2019nda ger\u00e7ekle\u015ftirildi. \u00c7al\u0131\u015ftay\u0131n a\u00e7\u0131l\u0131\u015f konu\u015fmalar\u0131 kapsam\u0131nda ilk olarak \u0130stanbul \u00dcniversitesi Hukuk Fak\u00fcltesi Ceza Hukuku ve Kriminoloji Ara\u015ft\u0131rma ve Uygulama Merkezi M\u00fcd\u00fcr\u00fc Prof. Dr. Adem S\u00f6z\u00fcer konu\u015fma yapt\u0131. S\u00f6zlerine b\u00fct\u00fcn ki\u015fi ve kurulu\u015flar\u0131n turizmin bir payda\u015f\u0131 oldu\u011funu belirterek ba\u015flayan Prof. Dr. S\u00f6z\u00fcer, \u00fclkemizin t\u00fcm vatanda\u015flar\u0131n\u0131n turizm g\u00fcvenli\u011fi ba\u011flam\u0131nda bir payda\u015f olarak d\u00fc\u015f\u00fcn\u00fclmesi gerekti\u011fini s\u00f6yledi. Turizmin \u00fclke ekonomisine, k\u00fclt\u00fcr\u00fcne ve tan\u0131t\u0131m\u0131na \u00f6nemli katk\u0131lar\u0131n\u0131n oldu\u011funu vurgulayan Prof. Dr. S\u00f6z\u00fcer, g\u00fcvenlik konusuna dikkat \u00e7ekerek \u201c\u0130nsanlar\u0131n sadece turist olmas\u0131 nedeniyle su\u00e7 ma\u011fduru olmas\u0131 \u00f6zel bir risk arz ediyor. Bu risk bilimsel \u00e7al\u0131\u015fmalara konu olmu\u015f. Bu \u00e7al\u0131\u015fta ile kriminolojik \u00e7al\u0131\u015fmalar\u0131n turizm konusunda da motive olaca\u011f\u0131n\u0131 \u00fcmit ediyoruz\u201d dedi.<\/p>\n<figure id=\"attachment_13068\" aria-describedby=\"caption-attachment-13068\" style=\"width: 5568px\" class=\"wp-caption alignnone\"><img decoding=\"async\" class=\"wp-image-13068 size-full\" src=\"https:\/\/iletim.istanbul.edu.tr\/wp-content\/uploads\/BSR_2190.jpg\" alt=\"\" width=\"5568\" height=\"3712\" srcset=\"https:\/\/iletim.istanbul.edu.tr\/wp-content\/uploads\/BSR_2190.jpg 5568w, https:\/\/iletim.istanbul.edu.tr\/wp-content\/uploads\/BSR_2190-300x200.jpg 300w, https:\/\/iletim.istanbul.edu.tr\/wp-content\/uploads\/BSR_2190-768x512.jpg 768w, https:\/\/iletim.istanbul.edu.tr\/wp-content\/uploads\/BSR_2190-1024x683.jpg 1024w\" sizes=\"(max-width: 5568px) 100vw, 5568px\" \/><figcaption id=\"caption-attachment-13068\" class=\"wp-caption-text\">Prof. Dr. Adem S\u00f6z\u00fcer<\/figcaption><\/figure>\n<p>G\u00fcvenlik konusunun, \u00f6nleyici kolluk a\u015famas\u0131 ve su\u00e7 i\u015flendikten sonraki a\u015fama olmak \u00fczere iki \u00f6nemli s\u00fcrecinin oldu\u011funa dikkat \u00e7eken Prof. Dr. S\u00f6z\u00fcer, \u00e7al\u0131\u015ftayda her alandan temsilcilerin ve payda\u015flar\u0131n olmas\u0131n\u0131n \u00f6nemini vurgulad\u0131. Prof. Dr. S\u00f6z\u00fcer, \u201cTurizm g\u00fcvenli\u011fi ile ilgili olarak ilk kez sekt\u00f6r\u00fcn bu kadar farkl\u0131 yerinden temsilcilerin bir araya geldi\u011fini g\u00f6r\u00fcyoruz. Toplant\u0131m\u0131zda sorunlar\u0131 ve \u00e7\u00f6z\u00fcm \u00f6nerilerini ortaya koyup rapor haline getirerek, \u00f6n\u00fcm\u00fczdeki y\u0131l ger\u00e7ekle\u015ftirmeyi planlad\u0131\u011f\u0131m\u0131z ikinci \u00e7al\u0131\u015ftay\u0131m\u0131zda ataca\u011f\u0131m\u0131z ad\u0131mlar\u0131 kontrol edece\u011fiz\u201d diyerek s\u00f6zlerini tamamlad\u0131.<\/p>\n<p><strong>&#8220;Turizmin En \u00d6nemli Unsurlar\u0131ndan Biri G\u00fcvendir&#8221;<\/strong><\/p>\n<p>Prof. Dr. S\u00f6z\u00fcer\u2019in ard\u0131ndan \u0130stanbul \u0130lk K\u00fclt\u00fcr Turizm M\u00fcd\u00fcr\u00fc Dr. Co\u015fkun Y\u0131lmaz konu\u015fmas\u0131n\u0131 ger\u00e7ekle\u015ftirdi. Turizmin; insanlar\u0131n konforunu, keyfini, rahat\u0131n\u0131, huzurunu, merak\u0131n\u0131 tatmin ve temin etmek i\u00e7in kalk\u0131\u015fm\u0131\u015f oldu\u011fu bir hareket oldu\u011funu kaydeden Dr. Y\u0131lmaz, \u201cG\u00fcven ise Hz. Adem\u2019den bug\u00fcne insan\u0131n ihtiya\u00e7 duydu\u011fu en \u00f6nemli husustur. Bir araya gelme ve toplu ya\u015fama talebinin temel unsurudur\u201d \u015feklinde konu\u015ftu. Turizmin en \u00f6neli unsurlar\u0131ndan birinin g\u00fcven oldu\u011funun alt\u0131n\u0131 \u00e7izen Dr. Y\u0131lmaz \u015fu ifadeleri kulland\u0131: \u201cG\u00fcvenli\u011fin iki tane temel konusu var: Bunlardan biri, g\u00f6revlileriyle birlikte \u015fehrin ya\u015fayanlar\u0131n\u0131n ev sahipli\u011fi ve ahlakt\u0131r. Bir di\u011feri ise kanun, nizam ve bunlar\u0131n yapt\u0131r\u0131m g\u00fcc\u00fcd\u00fcr. Sade vatanda\u015f belli bir ahlaki de\u011fer g\u00f6zetmiyorsa, bu konudaki en \u00f6nemli a\u00e7\u0131k alanlardan birisi budur. G\u00f6revlilerin say\u0131s\u0131, niteli\u011fi, birikimi, yeterli de\u011filse ikinci alan da buras\u0131d\u0131r. \u0130stanbul turizm y\u00f6netimi b\u00fct\u00fcn bu sorunlar\u0131n \u00e7\u00f6z\u00fcm\u00fc i\u00e7in elinden gelen gayreti g\u00f6stermektedir.\u201d<\/p>\n<figure id=\"attachment_13069\" aria-describedby=\"caption-attachment-13069\" style=\"width: 5568px\" class=\"wp-caption alignnone\"><img decoding=\"async\" class=\"size-full wp-image-13069\" src=\"https:\/\/iletim.istanbul.edu.tr\/wp-content\/uploads\/BSR_2220.jpg\" alt=\"\" width=\"5568\" height=\"3712\" srcset=\"https:\/\/iletim.istanbul.edu.tr\/wp-content\/uploads\/BSR_2220.jpg 5568w, https:\/\/iletim.istanbul.edu.tr\/wp-content\/uploads\/BSR_2220-300x200.jpg 300w, https:\/\/iletim.istanbul.edu.tr\/wp-content\/uploads\/BSR_2220-768x512.jpg 768w, https:\/\/iletim.istanbul.edu.tr\/wp-content\/uploads\/BSR_2220-1024x683.jpg 1024w\" sizes=\"(max-width: 5568px) 100vw, 5568px\" \/><figcaption id=\"caption-attachment-13069\" class=\"wp-caption-text\">Dr. Co\u015fkun Y\u0131lmaz<\/figcaption><\/figure>\n<p>S\u00f6zlerine \u0130stanbul ile ilgili de\u011ferlendirmelerde bulunarak devam eden Dr. Y\u0131lmaz, \u0130stanbul\u2019un turizm alan\u0131nda d\u00fcnyan\u0131n en g\u00fcvenli \u015fehri oldu\u011funu dile getirerek \u015f\u00f6yle konu\u015ftu: \u201c\u0130stanbul, g\u00fcvenlik konusunda d\u00fcnyan\u0131n herhangi bir \u015fehriyle mukayese ederek kendini bir yere ta\u015f\u0131ma ihtiyac\u0131 hisseden bir \u015fehir de\u011fil, kendi i\u00e7inde kendisiyle yar\u0131\u015farak, kendi tarihinden gelen birikim ve gelecek vizyonuyla daha \u00fcst seviyeye ula\u015fmay\u0131 hedefleyen bir \u015fehirdir.\u201d<\/p>\n<p><strong>\u201cTurizm G\u00fcvenli\u011fi \u0130\u00e7in Orijinal Projeler \u00dcretiyoruz\u201d<\/strong><\/p>\n<p>Dr. Y\u0131lmaz\u2019\u0131n ifadelerini tamamlamas\u0131n\u0131n ard\u0131ndan \u0130stanbul \u0130l Emniyet M\u00fcd\u00fcr\u00fc Dr. Mustafa \u00c7al\u0131\u015fkan s\u00f6z ald\u0131. 2017 y\u0131l\u0131nda ger\u00e7ekle\u015ftirdikleri \u201cMilyon Ta\u015f\u0131 Huzur \u0130stanbul\u201d projesine de\u011finen Dr. \u00c7al\u0131\u015fkan, bu proje ile ba\u015flatt\u0131klar\u0131, turizm g\u00fcvenli\u011finin \u00e7ok daha etkin sa\u011flanabilmesine ve turizmle ilgili t\u00fcm payda\u015flar\u0131n hep birlikte faaliyette bulunabilmesine y\u00f6nelik \u00e7abalar\u0131n\u0131n, 2018 ve 2019 y\u0131llar\u0131nda \u00fclke turizmine ve ekonomisine a\u00e7\u0131k bi\u00e7imde yans\u0131d\u0131\u011f\u0131n\u0131 aktard\u0131. \u201cBu alanda 7 g\u00fcn 24 saat esas\u0131na g\u00f6re \u00e7al\u0131\u015fan emniyet te\u015fkilat\u0131m\u0131z\u0131n ve di\u011fer payda\u015flar\u0131m\u0131z\u0131n fedak\u00e2r gayretleri, milletimizin y\u00fcz ak\u0131 olmu\u015ftur\u201d \u015feklinde konu\u015fan Dr. \u00c7al\u0131\u015fkan, \u0130stanbul\u2019un turizm potansiyelinin d\u00fcnyada e\u015fi ve benzeri olmad\u0131\u011f\u0131 bilincinin, kendilerini turizm g\u00fcvenli\u011finin sa\u011flanmas\u0131 hususunda daha fazla gayrete getirdi\u011fini ve her ge\u00e7en g\u00fcn \u00e7ok daha etkin, orijinal projeleri hayata ge\u00e7irmelerini te\u015fvik etti\u011fini belirtti.<\/p>\n<figure id=\"attachment_13070\" aria-describedby=\"caption-attachment-13070\" style=\"width: 5568px\" class=\"wp-caption alignnone\"><img decoding=\"async\" class=\"size-full wp-image-13070\" src=\"https:\/\/iletim.istanbul.edu.tr\/wp-content\/uploads\/BSR_2233.jpg\" alt=\"\" width=\"5568\" height=\"3712\" srcset=\"https:\/\/iletim.istanbul.edu.tr\/wp-content\/uploads\/BSR_2233.jpg 5568w, https:\/\/iletim.istanbul.edu.tr\/wp-content\/uploads\/BSR_2233-300x200.jpg 300w, https:\/\/iletim.istanbul.edu.tr\/wp-content\/uploads\/BSR_2233-768x512.jpg 768w, https:\/\/iletim.istanbul.edu.tr\/wp-content\/uploads\/BSR_2233-1024x683.jpg 1024w\" sizes=\"(max-width: 5568px) 100vw, 5568px\" \/><figcaption id=\"caption-attachment-13070\" class=\"wp-caption-text\">Dr. Mustafa \u00c7al\u0131\u015fkan<\/figcaption><\/figure>\n<p>\u0130stanbul\u2019a gelen turistlerin herhangi bir \u015fik\u00e2yet ya da talebinin \u00e7ok k\u0131sa bir s\u00fcrede kar\u015f\u0131lanarak g\u00fcvenli\u011fin en \u00fcst d\u00fczeyde sa\u011fland\u0131\u011f\u0131 duygusunun hissettirildi\u011fini s\u00f6yleyen Dr. \u00c7al\u0131\u015fkan, \u201cTurist, ilimize ayak bast\u0131\u011f\u0131 andan itibaren personelimizce kar\u015f\u0131lanmakta, kendilerine gerekli y\u00f6nlendirme ve rehberlik yap\u0131larak \u00fclkemizden ayr\u0131ld\u0131klar\u0131 ana kadar ya\u015fayabilecekleri her t\u00fcrl\u00fc soruna h\u0131zl\u0131ca \u00e7\u00f6z\u00fcm \u00fcretilmektedir\u201d dedi.<\/p>\n<p>H\u00e2lihaz\u0131rda yapm\u0131\u015f olduklar\u0131 ve devam etmekte olan projeleri hakk\u0131nda bilgi veren Dr. \u00c7al\u0131\u015fkan bu projeleri \u015fu \u015fekilde s\u0131ralad\u0131: \u201cTurizm Mobil Uygulamas\u0131, Turizm Kalekolu Projesi, Sosyal Medya \u0130nternet Takip Projesi, Turizm Polisi \u0130rtibat Noktalar\u0131, Bilgi Ak\u0131\u015f\u0131 Amac\u0131yla Kurulan Whatsapp Gruplar\u0131, Rehberlik ve Terc\u00fcmanl\u0131k Faaliyetleri, Otel G\u00fcvenlik ve M\u00fcd\u00fcrleriyle Koordinasyon Toplant\u0131lar\u0131, \u00c7ince Dil E\u011fitimi Kurslar\u0131.\u201d<\/p>\n<p>\u00dclkemize bir turist geldi\u011fi zaman kendisini g\u00fcvende hissetmesi gerekti\u011fini vurgulayan Dr. \u00c7al\u0131\u015fkan, turizmin onlarca sekt\u00f6r\u00fc besleyen, milyonlarca insana imk\u00e2n sa\u011flayan, \u00fclke ekonomisine katk\u0131 sunan bir sekt\u00f6r oldu\u011funu ve bu noktada herkese g\u00f6revler d\u00fc\u015ft\u00fc\u011f\u00fcn\u00fc ifade ederek s\u00f6zlerini noktalad\u0131.<\/p>\n<p><strong>\u201cMisafirlik, Milletimizin Genlerinde Var\u201d<\/strong><\/p>\n<p>Dr. \u00c7al\u0131\u015fkan\u2019\u0131n konu\u015fmas\u0131n\u0131n ard\u0131ndan \u0130stanbul \u00dcniversitesi Rekt\u00f6r\u00fc Prof. Dr. Mahmut Ak s\u00f6z ald\u0131. \u00c7al\u0131\u015ftay\u0131n, \u00fcniversitelerin toplumsal rol\u00fcne i\u015faret edilmesi, toplumun sorunlar\u0131na \u00e7\u00f6z\u00fcm \u00f6nerileri sunmas\u0131 bak\u0131m\u0131ndan b\u00fcy\u00fck \u00f6nem ta\u015f\u0131d\u0131\u011f\u0131n\u0131 belirten Prof. Dr. Ak, \u0130stanbul \u00dcniversitesi\u2019nin bir ara\u015ft\u0131rma \u00fcniversitesi olarak yapt\u0131\u011f\u0131 bilimsel \u00e7al\u0131\u015fmalar\u0131yla T\u00fcrkiye\u2019nin stratejik vizyonuna katk\u0131 sundu\u011funu ve ya\u015fanan sorunlara kal\u0131c\u0131 \u00e7\u00f6z\u00fcmler \u00fcretti\u011fini dile getirdi. Akademide \u00fcretilen bilginin, \u00fclkenin ve toplumun yarar\u0131na sunuldu\u011funda daha anlaml\u0131 ve de\u011ferli oldu\u011funa inand\u0131\u011f\u0131n\u0131 s\u00f6zlerine ekleyen Prof. Dr. Ak, \u00e7al\u0131\u015ftay\u0131n, bu inanc\u0131n en de\u011ferli \u00f6rne\u011fini olu\u015fturdu\u011funu s\u00f6yledi.<\/p>\n<figure id=\"attachment_13071\" aria-describedby=\"caption-attachment-13071\" style=\"width: 5568px\" class=\"wp-caption alignnone\"><img decoding=\"async\" class=\"size-full wp-image-13071\" src=\"https:\/\/iletim.istanbul.edu.tr\/wp-content\/uploads\/BSR_2260.jpg\" alt=\"\" width=\"5568\" height=\"3712\" srcset=\"https:\/\/iletim.istanbul.edu.tr\/wp-content\/uploads\/BSR_2260.jpg 5568w, https:\/\/iletim.istanbul.edu.tr\/wp-content\/uploads\/BSR_2260-300x200.jpg 300w, https:\/\/iletim.istanbul.edu.tr\/wp-content\/uploads\/BSR_2260-768x512.jpg 768w, https:\/\/iletim.istanbul.edu.tr\/wp-content\/uploads\/BSR_2260-1024x683.jpg 1024w\" sizes=\"(max-width: 5568px) 100vw, 5568px\" \/><figcaption id=\"caption-attachment-13071\" class=\"wp-caption-text\">Prof. Dr. Mahmut Ak<\/figcaption><\/figure>\n<p>Misafirperverlik konusunda de\u011ferlendirmelerde bulunan Prof. Dr. Ak ifadelerini \u015f\u00f6yle s\u00fcrd\u00fcrd\u00fc: \u201cBizim medeniyet de\u011ferlerimiz, bizi ziyarete gelen insanlara misafir g\u00f6z\u00fcyle bakar. Misafirimizi memnun etmek i\u00e7in elimizden geleni yapar; misafirimizin evimizden, \u015fehrimizden, \u00fclkemizden mutlu ve g\u00f6nl\u00fc ho\u015f bir \u015fekilde ayr\u0131lmas\u0131n\u0131 arzular\u0131z. Misafirlik bu toplumun \u00e7ok \u00f6nemli bir vasf\u0131d\u0131r, milletimizin genlerinde vard\u0131r. Emin bir beldeye gelen ve kendilerini emin hissetmek isteyen misafirlerimizin bu duygular\u0131n\u0131 devam ettirmek hepimizin \u00f6ncelikli g\u00f6revleri aras\u0131nda olmal\u0131d\u0131r. Temennim \u015fudur ki; bug\u00fcn bu toplant\u0131da, konunun g\u00fcvenlik boyutuyla birlikte misafirperverlik duygumuzdaki a\u015f\u0131nmalar\u0131 ortadan kald\u0131racak \u00e7\u00f6z\u00fcm \u00f6nerileri ve \u00e7areler \u00fczerinde de konu\u015fulsun ve tart\u0131\u015f\u0131ls\u0131n.\u201d<\/p>\n<p><strong>\u201c\u015eehirlerin Krali\u00e7esi \u0130stanbul\u201d<\/strong><\/p>\n<p>Tarihte her \u015fehrin bir s\u0131fat\u0131 oldu\u011funu s\u00f6yleyen Prof. Dr. Ak, \u0130stanbul\u2019un \u015fehirler aras\u0131ndaki s\u0131fat\u0131n\u0131n \u201c\u015fehirlerin krali\u00e7esi\u201d oldu\u011funu belirterek, \u0130stanbul\u2019un misafirperverlik y\u00f6n\u00fcn\u00fcn alt\u0131n\u0131 \u00e7izdi. \u0130stanbul \u00dcniversitesi\u2019nin de \u0130stanbul\u2019un kimli\u011fini tam olarak yans\u0131tacak \u015fekilde misafirperverli\u011fin zirveye ula\u015ft\u0131\u011f\u0131 bir kurum oldu\u011funu kaydeden Prof. Dr. Ak, \u201c\u00dcniversitemizde 154 \u00fclkeden 8 bin 339 uluslararas\u0131 \u00f6\u011frenci bulunmaktad\u0131r. Sadece bu y\u0131l \u00fcniversitemize 2 bin 200 uluslararas\u0131 \u00f6\u011frenci kaydoldu. \u00dcniversitemizde 25 dilde e\u011fitim verilmektedir. Bu potansiyelimizle her zaman milletimizin ve \u0130stanbul\u2019umuzun hizmetindeyiz\u201d dedi.<\/p>\n<p><strong>\u201cG\u00f6n\u00fcl Kazanmak Bir Fetih Anlay\u0131\u015f\u0131d\u0131r\u201d<\/strong><\/p>\n<p>Prof. Dr. Ak\u2019\u0131n konu\u015fmas\u0131n\u0131 tamamlamas\u0131ndan sonra \u0130stanbul Vali Yard\u0131mc\u0131s\u0131 Dr. H\u00fclya Kaya s\u00f6z ald\u0131. \u0130fadelerine \u0130stanbul \u00dcniversitesi\u2019nin hem \u00fclkemizin hem de d\u00fcnyan\u0131n se\u00e7kin bilim merkezlerinden biri oldu\u011funu vurgulayarak ba\u015flayan Dr. Kaya, \u201c\u0130stanbul \u00dcniversitesi ulusal ve uluslararas\u0131 ba\u015far\u0131lar\u0131yla \u015fehrimize ve medeniyetimize \u00f6nemli katk\u0131lar sunmaya devam ediyor\u201d \u015feklinde konu\u015ftu. \u0130stanbul\u2019un ise b\u00fct\u00fcn yollar\u0131n kesi\u015fti\u011fi e\u015fsiz bir d\u00fcnya \u015fehri oldu\u011funun alt\u0131n\u0131 \u00e7izen Dr. Kaya \u015fu ifadelere yer verdi: \u201c\u0130stanbul, d\u00fcnyan\u0131n en \u00e7ok g\u00f6r\u00fclmek istenen ilk 3 \u015fehrinden biridir. Turizm potansiyeli a\u00e7\u0131s\u0131ndan \u00e7ok geni\u015f bir yelpazeye sahiptir. D\u00fcnyan\u0131n T\u00fcrkiye\u2019ye a\u00e7\u0131lan kap\u0131s\u0131 konumundad\u0131r. G\u00fcler y\u00fcz\u00fcm\u00fcz, tatl\u0131 s\u00f6z\u00fcm\u00fcz ve misafirperverli\u011fimizle etkisi y\u0131llar s\u00fcrecek ilk intiban\u0131n mimar\u0131 ise biziz. \u00dclkemizin lehine olu\u015facak alg\u0131lar\u0131 olu\u015fturmak, uzun bir \u00e7aba ve strateji gerektirir. K\u00fclt\u00fcr ve medeniyetimizin s\u0131cakl\u0131\u011f\u0131n\u0131 ve g\u00fczelliklerini bilmemiz ve uygulamam\u0131z hayati \u00f6nem ta\u015f\u0131yor. Bu \u015fehrin her bireyi bu bilinci ta\u015f\u0131mak zorundad\u0131r. G\u00f6n\u00fcller kazanmak s\u0131n\u0131r tan\u0131mayan bir fetih anlay\u0131\u015f\u0131d\u0131r. Bizler g\u00f6n\u00fcl medeniyetiyiz.\u201d<\/p>\n<figure id=\"attachment_13072\" aria-describedby=\"caption-attachment-13072\" style=\"width: 5568px\" class=\"wp-caption alignnone\"><img decoding=\"async\" class=\"size-full wp-image-13072\" src=\"https:\/\/iletim.istanbul.edu.tr\/wp-content\/uploads\/BSR_2336.jpg\" alt=\"\" width=\"5568\" height=\"3712\" srcset=\"https:\/\/iletim.istanbul.edu.tr\/wp-content\/uploads\/BSR_2336.jpg 5568w, https:\/\/iletim.istanbul.edu.tr\/wp-content\/uploads\/BSR_2336-300x200.jpg 300w, https:\/\/iletim.istanbul.edu.tr\/wp-content\/uploads\/BSR_2336-768x512.jpg 768w, https:\/\/iletim.istanbul.edu.tr\/wp-content\/uploads\/BSR_2336-1024x683.jpg 1024w\" sizes=\"(max-width: 5568px) 100vw, 5568px\" \/><figcaption id=\"caption-attachment-13072\" class=\"wp-caption-text\">Dr. H\u00fclya Kaya<\/figcaption><\/figure>\n<p>Kimsenin g\u00fcn\u00fcbirlik \u00e7\u0131karlar\u0131 u\u011fruna de\u011ferleri hi\u00e7e sayma l\u00fcks\u00fc olmad\u0131\u011f\u0131n\u0131 vurgulayan Dr. Kaya, bu ba\u011flamda turistleri ma\u011fdur etmeye \u00e7al\u0131\u015fman\u0131n kimseye yak\u0131\u015fmayaca\u011f\u0131n\u0131n alt\u0131n\u0131 \u00e7izdi. \u201cBunun i\u00e7in vicdan\u0131m\u0131z\u0131n sesine kulak verece\u011fiz. G\u00f6z\u00fcm\u00fcz\u00fc d\u00f6rt a\u00e7\u0131p \u00fclkemizin ve \u015fehrimizin onuruna kasteden k\u00f6t\u00fc niyetli ki\u015fileri tespit edip gereken yapt\u0131r\u0131mlar\u0131 uygulayaca\u011f\u0131z\u201d diyen Dr. Kaya, hi\u00e7bir terazinin ki\u015finin vicdan\u0131 kadar do\u011fru tartmayaca\u011f\u0131n\u0131 ifade etti.<\/p>\n<p>\u201cTuristlere Y\u00f6nelik \u00c7\u0131kar Amac\u0131yla \u0130\u015flenen Su\u00e7lar ve Kabahatler \u00c7al\u0131\u015ftay\u0131\u201d, a\u00e7\u0131l\u0131\u015f konu\u015fmalar\u0131n\u0131n tamamlanmas\u0131n\u0131n ard\u0131ndan oturumlarla devam etti.<\/p>\n","protected":false},"excerpt":{"rendered":"<p>\u0130stanbul \u00dcniversitesi Hukuk Fak\u00fcltesi Ceza Hukuku ve Kriminoloji Ara\u015ft\u0131rma ve Uygulama Merkezi ve \u0130stanbul \u0130l Emniyet M\u00fcd\u00fcrl\u00fc\u011f\u00fc Turizm \u015eube M\u00fcd\u00fcrl\u00fc\u011f\u00fc i\u015f birli\u011fi ile d\u00fczenlenen \u201cTuristlere Y\u00f6nelik \u00c7\u0131kar Amac\u0131yla \u0130\u015flenen Su\u00e7lar ve Kabahatler \u00c7al\u0131\u015ftay\u0131\u201d 9 Kas\u0131m\u2019da \u0130stanbul \u00dcniversitesi Rekt\u00f6rl\u00fck Binas\u0131 Doktora Salonu\u2019nda ger\u00e7ekle\u015ftirildi.<\/p>\n","protected":false},"author":14,"featured_media":13077,"comment_status":"open","ping_status":"open","sticky":false,"template":"","format":"standard","meta":{"jnews-multi-image_gallery":[],"jnews_single_post":[],"jnews_primary_category":[],"jnews_social_meta":[],"jnews_override_counter":[],"footnotes":""},"categories":[34],"tags":[1216,1217,1218],"class_list":["post-13067","post","type-post","status-publish","format-standard","has-post-thumbnail","hentry","category-universite","tag-turizm-calistayi","tag-turizm-guvenligi-calistayi","tag-turizm-guvenligi-calistayi-istanbul-universitesi"],"_links":{"self":[{"href":"https:\/\/iletim.istanbul.edu.tr\/index.php\/wp-json\/wp\/v2\/posts\/13067","targetHints":{"allow":["GET"]}}],"collection":[{"href":"https:\/\/iletim.istanbul.edu.tr\/index.php\/wp-json\/wp\/v2\/posts"}],"about":[{"href":"https:\/\/iletim.istanbul.edu.tr\/index.php\/wp-json\/wp\/v2\/types\/post"}],"author":[{"embeddable":true,"href":"https:\/\/iletim.istanbul.edu.tr\/index.php\/wp-json\/wp\/v2\/users\/14"}],"replies":[{"embeddable":true,"href":"https:\/\/iletim.istanbul.edu.tr\/index.php\/wp-json\/wp\/v2\/comments?post=13067"}],"version-history":[{"count":0,"href":"https:\/\/iletim.istanbul.edu.tr\/index.php\/wp-json\/wp\/v2\/posts\/13067\/revisions"}],"wp:featuredmedia":[{"embeddable":true,"href":"https:\/\/iletim.istanbul.edu.tr\/index.php\/wp-json\/wp\/v2\/media\/13077"}],"wp:attachment":[{"href":"https:\/\/iletim.istanbul.edu.tr\/index.php\/wp-json\/wp\/v2\/media?parent=13067"}],"wp:term":[{"taxonomy":"category","embeddable":true,"href":"https:\/\/iletim.istanbul.edu.tr\/index.php\/wp-json\/wp\/v2\/categories?post=13067"},{"taxonomy":"post_tag","embeddable":true,"href":"https:\/\/iletim.istanbul.edu.tr\/index.php\/wp-json\/wp\/v2\/tags?post=13067"}],"curies":[{"name":"wp","href":"https:\/\/api.w.org\/{rel}","templated":true}]}}