{"id":13198,"date":"2019-11-20T16:16:51","date_gmt":"2019-11-20T13:16:51","guid":{"rendered":"https:\/\/iletim.istanbul.edu.tr\/?p=13198"},"modified":"2019-11-20T16:16:51","modified_gmt":"2019-11-20T13:16:51","slug":"iyi-bir-kariyer-icin-anahtar-bilgiler","status":"publish","type":"post","link":"https:\/\/iletim.istanbul.edu.tr\/index.php\/2019\/11\/20\/iyi-bir-kariyer-icin-anahtar-bilgiler\/","title":{"rendered":"\u0130yi Bir Kariyer \u0130\u00e7in Anahtar Bilgiler"},"content":{"rendered":"<p><strong>Ahmet Can ALAN\u00c7<\/strong><br \/>\n<strong>Foto\u011fraf: I\u015f\u0131l SIP\u00c7IK<\/strong><\/p>\n<p>Ba\u015far\u0131l\u0131 bir kariyere sahip olman\u0131n giderek zorla\u015ft\u0131\u011f\u0131 g\u00fcn\u00fcm\u00fczde, yap\u0131lmas\u0131 gerekenleri bilmek b\u00fcy\u00fck \u00f6nem ta\u015f\u0131yor. Peki, ba\u015far\u0131l\u0131 bir kariyere ula\u015fmak i\u00e7in neler yap\u0131lmas\u0131 gerekiyor? Konuyu, \u0130stanbul \u00dcniversitesi \u0130leti\u015fim Fak\u00fcltesi\u2019nde kariyer dan\u0131\u015fmanl\u0131\u011f\u0131 yapan ve \u00f6\u011frencilere mesleki bilgilerini aktaran \u00d6\u011fr. G\u00f6r. Selma Serdaro\u011flu ile g\u00f6r\u00fc\u015ft\u00fck.<\/p>\n<p><strong>Ba\u015far\u0131l\u0131 Kariyerin Temel Yap\u0131 Ta\u015flar\u0131<\/strong><\/p>\n<p>Kariyer planlamas\u0131n\u0131n dikkat edilmesi gereken y\u00f6nlerini aktaran Selma Serdaro\u011flu, \u201c\u00dcniversiteden diploma al\u0131nd\u0131\u011f\u0131 zaman, \u00f6\u011frencilere o alanda mutlaka istihdam sa\u011flanaca\u011f\u0131 d\u00fc\u015f\u00fcn\u00fcl\u00fcyor. Ancak t\u0131p, hukuk ve m\u00fchendislik gibi belirli alanlar\u0131n d\u0131\u015f\u0131nda kalan fak\u00fcltelerin mezunlar\u0131, ne yaz\u0131k ki e\u011fitim g\u00f6rd\u00fckleri alanda \u00e7al\u0131\u015fma f\u0131rsat\u0131n\u0131 her zaman bulam\u0131yor.\u201d dedi. Profesyonel hayattaki rekabeti vurgulayan Serdaro\u011flu, \u201c\u00d6zellikle sosyal bilimlerde yetene\u011fi olan, farkl\u0131 disiplinlerde e\u011fitim g\u00f6rm\u00fc\u015f insanlar da bizim i\u015fimizi yapabiliyor. \u00d6rne\u011fin, hukuk mezunu gazetecili\u011fi tercih edebiliyor, m\u00fchendis halkla ili\u015fkiler alan\u0131nda \u00e7al\u0131\u015fabiliyor veya doktorlar televizyonculuk yapabiliyor. B\u00fct\u00fcn bunlar, ileti\u015fim e\u011fitimi g\u00f6renlerin yan\u0131 s\u0131ra kar\u015f\u0131m\u0131za yeni rakiplerin \u00e7\u0131kmas\u0131na neden olarak, i\u015f bulma s\u00fcrecini zorla\u015ft\u0131r\u0131yor.\u201d ifadelerini kulland\u0131.<\/p>\n<p>Ba\u015far\u0131l\u0131 kariyerin temel yap\u0131 ta\u015f\u0131n\u0131 payla\u015fan \u00d6\u011fr. G\u00f6r. Selma Serdaro\u011flu, \u201cSosyal bilimlerde kariyer planlamas\u0131 yaparken, lisans e\u011fitiminin yan\u0131 s\u0131ra bir yabanc\u0131 dili m\u00fckemmel bilmemiz gerekiyor.\u201d\u00a0 s\u00f6zleriyle, \u00f6zellikle ileti\u015fim sekt\u00f6r\u00fcnde ge\u00e7erli olan \u0130ngilizcenin \u00f6nemini vurgulad\u0131. Yabanc\u0131 dil bilmenin g\u00fcn\u00fcm\u00fczde giderek artan \u00f6nemine de\u011finen Serdaro\u011flu, eskiden \u0130ngilizce bilmenin ki\u015fiyi rakiplerinden birka\u00e7 ad\u0131m \u00f6ne ge\u00e7iren art\u0131 de\u011fer oldu\u011funu, ancak g\u00fcn\u00fcm\u00fczde dil bilmenin olmazsa olmaz temel \u015fartlardan biri haline geldi\u011fini ifade etti. \u201cHangi alanda \u00e7al\u0131\u015f\u0131rsan\u0131z \u00e7al\u0131\u015f\u0131n, yabanc\u0131 dil bilmek hayat\u0131n vazge\u00e7ilmez bir par\u00e7as\u0131 olmaya ba\u015flad\u0131. \u0130ngilizce bilmiyorsan\u0131z, yerel bir \u015firkette yerel markalara y\u00f6nelik k\u0131s\u0131tl\u0131 bir \u00e7er\u00e7evede \u00e7al\u0131\u015f\u0131rs\u0131n\u0131z. \u0130ngilizce biliyorsan\u0131z, \u00e7okuluslu \u015firketlerde iyi pozisyonlarda g\u00f6rev alabilir, uluslararas\u0131 m\u00fc\u015fterilere d\u00fcnya \u00e7ap\u0131nda hizmet edebilirsiniz.\u201d diyen Serdaro\u011flu, yabanc\u0131 dil bilgisinin ba\u015far\u0131l\u0131 bir kariyere ula\u015fmada belirleyici oldu\u011funun alt\u0131n\u0131 \u00e7izdi.<\/p>\n<p><img decoding=\"async\" class=\"aligncenter wp-image-13199 size-large\" src=\"https:\/\/iletim.istanbul.edu.tr\/wp-content\/uploads\/success-2697951_1920-1024x435.jpg\" alt=\"\" width=\"702\" height=\"298\" srcset=\"https:\/\/iletim.istanbul.edu.tr\/wp-content\/uploads\/success-2697951_1920-1024x435.jpg 1024w, https:\/\/iletim.istanbul.edu.tr\/wp-content\/uploads\/success-2697951_1920-300x128.jpg 300w, https:\/\/iletim.istanbul.edu.tr\/wp-content\/uploads\/success-2697951_1920-768x326.jpg 768w, https:\/\/iletim.istanbul.edu.tr\/wp-content\/uploads\/success-2697951_1920.jpg 1920w\" sizes=\"(max-width: 702px) 100vw, 702px\" \/><\/p>\n<p>Kariyerin ini\u015fli \u00e7\u0131k\u0131\u015fl\u0131 s\u00fcre\u00e7lerinin olabilece\u011fini vurgulayan \u00d6\u011fr. G\u00f6r. Serdaro\u011flu, istifa veya \u00e7\u0131kar\u0131lma sonucu i\u015f kayb\u0131 halinde, ya\u015fanan olaylar aras\u0131ndaki neden sonu\u00e7 ili\u015fkilerinin iyi irdelenmesi ve mutlaka objektif \u00f6zele\u015ftiri yap\u0131larak bu durumdan ders \u00e7\u0131kar\u0131lmas\u0131 gerekti\u011fini belirtti. \u0130ni\u015f d\u00f6neminde en b\u00fcy\u00fck avantaj\u0131n ise ki\u015finin kendini tan\u0131mas\u0131 oldu\u011funu s\u00f6yledi. \u201cKariyerimizin ini\u015f d\u00f6neminde kendimize nerede hata yapt\u0131\u011f\u0131m\u0131z\u0131, bir dahaki sefere neyi yapmamam\u0131z gerekti\u011fini sormam\u0131z \u015fart.\u201d diyerek, ki\u015finin kendini daha iyi tan\u0131maya, eksikliklerini tamamlamaya y\u00f6nelmesinin yararl\u0131 olaca\u011f\u0131n\u0131 aktard\u0131. Serdaro\u011flu, \u201cBiz kendimize d\u00fcr\u00fcst olmazsak do\u011fru yolu kimse \u00e7izemez, ancak fikrine d\u00fc\u015f\u00fcncesine sayg\u0131 duydu\u011fumuz ki\u015filere konuyu dan\u0131\u015f\u0131p, neler yapmam\u0131z gerekti\u011fiyle ilgili g\u00f6r\u00fc\u015flerini alabiliriz.\u201d diyerek, bu zor s\u00fcre\u00e7te alan\u0131nda uzman ki\u015filerden yard\u0131m istemenin \u00f6nemini belirtti.<\/p>\n<p><strong>09:00-18:00 Mesai Kavram\u0131 S\u0131radanl\u0131k Getiriyor<\/strong><\/p>\n<p>Ba\u015far\u0131l\u0131 kariyerin bir di\u011fer \u00f6nemli yap\u0131 ta\u015f\u0131n\u0131 payla\u015fan Selma Serdaro\u011flu, \u201cPek \u00e7ok sekt\u00f6rdeki eleman\u0131n uygulad\u0131\u011f\u0131 gibi; \u201809:00\u2019da mesaiye ba\u015flad\u0131m, 18:00\u2019de i\u015ften \u00e7\u0131kar\u0131m, yar\u0131m kalan i\u015fi yar\u0131n tamamlar\u0131m\u2019 diyorsam, s\u0131radan bir \u00e7al\u0131\u015fan\u0131m demektir. Baz\u0131 sekt\u00f6rlerde yap\u0131lan i\u015fler mesaiyle s\u0131n\u0131rland\u0131r\u0131lamaz, daha sonraki zamanlarda da i\u015fle ilgilenmek, ihtiya\u00e7lar\u0131 yerine getirmek gerekir. \u0130leti\u015fim sekt\u00f6r\u00fc bunlardan biri. Bu demek de\u011fildir ki g\u00fcnler, geceler boyu \u00e7al\u0131\u015faca\u011f\u0131z\u2026 \u00d6nemli olan, verilen g\u00f6revleri yerine getirmek, i\u015fimizi sahiplenmek ve en iyi bi\u00e7imde yapmay\u0131 prensip edinmek. Y\u00f6neticinizden herhangi bir konuda sorumluk istemek ve almak ise ikinci en \u00f6nemli konu. \u00c7\u00fcnk\u00fc sorumluluk almak, i\u015fimizi iyi yapmak i\u00e7in kendimize g\u00fcvenmek, ba\u015far\u0131l\u0131 bir \u00e7al\u0131\u015fan\u0131n mutlaka sahip olmas\u0131 gereken \u00f6zelliktir.\u201d s\u00f6zleriyle, sorumluluk duygusu ve \u00e7al\u0131\u015fkanl\u0131\u011f\u0131n ba\u015far\u0131l\u0131 kariyerin vazge\u00e7ilmez unsurlar\u0131 oldu\u011funu aktard\u0131. \u00d6\u011fr. G\u00f6r. Selma Serdaro\u011flu, sorumluluk alman\u0131n insan\u0131 maddi manevi geli\u015ftirece\u011fini belirterek, \u201c\u00d6zel sekt\u00f6rde 20 ya\u015f\u0131nda ba\u015flad\u0131\u011f\u0131n\u0131z i\u015fi 60 ya\u015f\u0131nda da ayn\u0131 \u015fekilde yapmak istemiyorsan\u0131z, sorumluluk almaya, \u00e7al\u0131\u015fkan olmaya ve yarat\u0131c\u0131 olmaya mecbursunuz.\u201d s\u00f6zleriyle, ki\u015finin kariyerinde iyi noktalara ula\u015fmas\u0131n\u0131n sorumluluk bilincinden ge\u00e7ti\u011fini vurgulad\u0131.<\/p>\n<figure id=\"attachment_13200\" aria-describedby=\"caption-attachment-13200\" style=\"width: 702px\" class=\"wp-caption aligncenter\"><img decoding=\"async\" class=\"wp-image-13200 size-large\" src=\"https:\/\/iletim.istanbul.edu.tr\/wp-content\/uploads\/DSC_6359-1024x628.jpg\" alt=\"\" width=\"702\" height=\"431\" srcset=\"https:\/\/iletim.istanbul.edu.tr\/wp-content\/uploads\/DSC_6359-1024x628.jpg 1024w, https:\/\/iletim.istanbul.edu.tr\/wp-content\/uploads\/DSC_6359-300x184.jpg 300w, https:\/\/iletim.istanbul.edu.tr\/wp-content\/uploads\/DSC_6359-768x471.jpg 768w\" sizes=\"(max-width: 702px) 100vw, 702px\" \/><figcaption id=\"caption-attachment-13200\" class=\"wp-caption-text\">\u00d6\u011fr. G\u00f6r. Selma Serdaro\u011flu<\/figcaption><\/figure>\n<p><strong>\u0130\u015f Bulmak Giderek Zorla\u015f\u0131yor<\/strong><\/p>\n<p>Kariyer olanaklar\u0131 a\u00e7\u0131s\u0131ndan ge\u00e7mi\u015fe g\u00f6re bug\u00fcn \u015fartlar\u0131n daha zor oldu\u011funu belirten Serdaro\u011flu, \u201c\u0130leti\u015fim fak\u00fcltesi \u00f6zelinde konu\u015facak olursak, halen \u00fclkemizde \u00e7ok fazla ileti\u015fim fak\u00fcltesi var. Bizim alan\u0131n bu kadar \u00e7ok mezunu bir anda istihdam edecek yeterlili\u011fi yok. B\u00fct\u00fcn televizyoncular, gazeteciler, radyocular ve halkla ili\u015fkiler departmanlar\u0131nda \u00e7al\u0131\u015fanlar ayn\u0131 anda istifa etse, yine mezunlar\u0131n hepsine i\u015f imk\u00e2n\u0131 sa\u011flanamaz. Bug\u00fcnk\u00fc ekonomik veriler \u0131\u015f\u0131\u011f\u0131nda, pek \u00e7ok sekt\u00f6rde oldu\u011fu gibi ileti\u015fim sekt\u00f6r\u00fc de k\u00fc\u00e7\u00fclmeye devam ediyor, mezunlar\u0131n hepsine birden i\u015f bulmak, art\u0131k hayalden \u00f6te gidemiyor.\u201d s\u00f6zleriyle istihdam\u0131n giderek darald\u0131\u011f\u0131n\u0131 aktard\u0131. Kendi kariyerinden \u00f6rnek veren Serdaro\u011flu, \u201cLisans e\u011fitimi al\u0131rken, 3. s\u0131n\u0131fta bir gazetede \u00e7al\u0131\u015fmaya ba\u015flam\u0131\u015ft\u0131m. Okulu bitirdi\u011fimde ayn\u0131 yerde kadroya girip \u00e7al\u0131\u015fmaya devam ettim. O zamanlar sekt\u00f6r geni\u015f, \u00e7al\u0131\u015fan ihtiyac\u0131 fazlayd\u0131. \u015eimdi ise sekt\u00f6r darald\u0131, dolay\u0131s\u0131yla \u00e7al\u0131\u015fan ihtiyac\u0131 da azald\u0131, oysa mezun say\u0131s\u0131 bizim d\u00f6nemlerimizden neredeyse 100 misli daha fazla.\u201d diyerek g\u00fcn\u00fcm\u00fczde i\u015f bulman\u0131n zorlu\u011funa de\u011findi. \u00d6\u011frencilere i\u015f hayat\u0131nda fark yaratmalar\u0131 i\u00e7in tavsiyelerde bulunan \u00d6\u011fr. G\u00f6r. Selma Serdaro\u011flu, \u201cOkulun uygulama birimlerinde \u00e7al\u0131\u015f\u0131p yap\u0131lanlar\u0131 en iyi \u015fekilde \u00f6\u011frenerek, yabanc\u0131 dilinizi geli\u015ftirerek, yapmak istedi\u011finiz meslekle ilgili fark yaratacak konularda bilgiler edinerek kendinizi yar\u0131nlara haz\u0131rlayabilirsiniz. K\u0131saca, yaln\u0131zca okulda de\u011fil sonras\u0131nda da \u00f6\u011frenmeye a\u00e7\u0131k ve \u00e7a\u011f\u0131n yeniliklerine ayak uydurabilen gen\u00e7ler, ki\u015fisel geli\u015fimini tamamlay\u0131p mesleklerinde y\u00fckselebilir.\u201d dedi.<\/p>\n<p><strong>Sadece \u00dcniversite E\u011fitimi Yeterli De\u011fil<\/strong><\/p>\n<p>Kariyer geli\u015fimi a\u00e7\u0131s\u0131ndan \u00f6\u011frencilere tavsiyelerde bulunan Serdaro\u011flu, \u201cHer \u015feyi \u00fcniversite e\u011fitimine b\u0131rakmamam\u0131z gerekiyor. \u00dcniversite, size mesle\u011finizle ilgili temel bilgileri veren, ufkunuzu a\u00e7an, \u00f6\u011frenmenin ve kendinizi geli\u015ftirmenin y\u00f6ntemlerini \u00f6\u011freten bir kurumdur. Oradan ne alaca\u011f\u0131n\u0131z, kendinize fazladan neyi ekleyece\u011finiz size kal\u0131yor. Yani \u00fcniversite e\u011fitimi sihirli de\u011fnek de\u011fil.\u201d diyerek, ki\u015finin belli alanlarda donan\u0131ma sahip olmas\u0131 gerekti\u011fini belirtti. \u201cBug\u00fcne kadar ne yapt\u0131m, bug\u00fcnden sonra neler yapar\u0131m sorusunu sorman\u0131z ve cevaplaman\u0131z gerekiyor, ancak bunu yaparken kendinizi analiz etmeniz \u015fart.\u201d diyen \u00d6\u011fr. G\u00f6r. Serdaro\u011flu, bu konuda yard\u0131m almak isteyen \u00f6\u011frencilerin kendisine dan\u0131\u015fabilece\u011fini aktararak s\u00f6zlerini noktalad\u0131.<\/p>\n","protected":false},"excerpt":{"rendered":"<p>Ba\u015far\u0131l\u0131 bir kariyere sahip olman\u0131n giderek zorla\u015ft\u0131\u011f\u0131 g\u00fcn\u00fcm\u00fczde, yap\u0131lmas\u0131 gerekenleri bilmek b\u00fcy\u00fck \u00f6nem ta\u015f\u0131yor. Peki, ba\u015far\u0131l\u0131 bir kariyere ula\u015fmak i\u00e7in neler yap\u0131lmas\u0131 gerekiyor? Konuyu, \u0130stanbul \u00dcniversitesi \u0130leti\u015fim Fak\u00fcltesi\u2019nde kariyer dan\u0131\u015fmanl\u0131\u011f\u0131 yapan ve \u00f6\u011frencilere mesleki bilgilerini aktaran \u00d6\u011fr. G\u00f6r. Selma Serdaro\u011flu ile g\u00f6r\u00fc\u015ft\u00fck.<\/p>\n","protected":false},"author":14,"featured_media":13201,"comment_status":"open","ping_status":"open","sticky":false,"template":"","format":"standard","meta":{"jnews-multi-image_gallery":[],"jnews_single_post":[],"jnews_primary_category":[],"jnews_social_meta":[],"jnews_override_counter":[],"footnotes":""},"categories":[25],"tags":[1227,52,1226,1225],"class_list":["post-13198","post","type-post","status-publish","format-standard","has-post-thumbnail","hentry","category-egitim","tag-basari","tag-iu-iletisim-fakultesi","tag-kariyer","tag-ogr-gor-selma-serdaroglu"],"_links":{"self":[{"href":"https:\/\/iletim.istanbul.edu.tr\/index.php\/wp-json\/wp\/v2\/posts\/13198","targetHints":{"allow":["GET"]}}],"collection":[{"href":"https:\/\/iletim.istanbul.edu.tr\/index.php\/wp-json\/wp\/v2\/posts"}],"about":[{"href":"https:\/\/iletim.istanbul.edu.tr\/index.php\/wp-json\/wp\/v2\/types\/post"}],"author":[{"embeddable":true,"href":"https:\/\/iletim.istanbul.edu.tr\/index.php\/wp-json\/wp\/v2\/users\/14"}],"replies":[{"embeddable":true,"href":"https:\/\/iletim.istanbul.edu.tr\/index.php\/wp-json\/wp\/v2\/comments?post=13198"}],"version-history":[{"count":0,"href":"https:\/\/iletim.istanbul.edu.tr\/index.php\/wp-json\/wp\/v2\/posts\/13198\/revisions"}],"wp:featuredmedia":[{"embeddable":true,"href":"https:\/\/iletim.istanbul.edu.tr\/index.php\/wp-json\/wp\/v2\/media\/13201"}],"wp:attachment":[{"href":"https:\/\/iletim.istanbul.edu.tr\/index.php\/wp-json\/wp\/v2\/media?parent=13198"}],"wp:term":[{"taxonomy":"category","embeddable":true,"href":"https:\/\/iletim.istanbul.edu.tr\/index.php\/wp-json\/wp\/v2\/categories?post=13198"},{"taxonomy":"post_tag","embeddable":true,"href":"https:\/\/iletim.istanbul.edu.tr\/index.php\/wp-json\/wp\/v2\/tags?post=13198"}],"curies":[{"name":"wp","href":"https:\/\/api.w.org\/{rel}","templated":true}]}}