{"id":13288,"date":"2019-11-21T23:00:44","date_gmt":"2019-11-21T20:00:44","guid":{"rendered":"https:\/\/iletim.istanbul.edu.tr\/?p=13288"},"modified":"2019-11-23T10:59:42","modified_gmt":"2019-11-23T07:59:42","slug":"9-uluslararasi-suc-ve-ceza-film-festivali-basladi","status":"publish","type":"post","link":"https:\/\/iletim.istanbul.edu.tr\/index.php\/2019\/11\/21\/9-uluslararasi-suc-ve-ceza-film-festivali-basladi\/","title":{"rendered":"9. Uluslararas\u0131 Su\u00e7 ve Ceza Film Festivali Ba\u015flad\u0131"},"content":{"rendered":"<p><strong>Hande Nur OCAK<\/strong><\/p>\n<p>Adalet temas\u0131yla her y\u0131l d\u00fczenlenen &#8220;9. Uluslararas\u0131 Su\u00e7 ve Ceza Film Festivali&#8221; 21 Kas\u0131m\u2019da Cemal Re\u015fit Rey Konser Salonu&#8217;nda ger\u00e7ekle\u015fen a\u00e7\u0131l\u0131\u015f t\u00f6reniyle ba\u015flad\u0131. Sinema ve sanat d\u00fcnyas\u0131ndan \u00f6nemli isimlerin kat\u0131l\u0131m\u0131yla yap\u0131lan a\u00e7\u0131l\u0131\u015f\u0131 Yekta Kopan sundu.<br \/>\nA\u00e7\u0131l\u0131\u015fta Zuhal Olcay, Ye\u015fim Ustao\u011flu, Zeynep Atakan, Izeta Gradevic, Ioana Uricaru, Maxine Williamson, Antonio Saura, Ruth Gabriel, Sahraa Karimi, Teodor Kuhn ve bir\u00e7ok sinema d\u00fcnyas\u0131ndan isim yer ald\u0131.<\/p>\n<p><strong>&#8220;Yeni\u00e7a\u011fa Girerken Sanal D\u00fcnyada Da Adalet Sa\u011flanmal\u0131&#8221;<br \/>\n<\/strong><br \/>\nFestivalin 9. y\u0131l\u0131na gelene kadar bir \u00e7ok konuyu g\u00fcndeme getirdiklerini anlatan Festival Ba\u015fkan\u0131 Prof. Dr. Adem S\u00f6z\u00fcer, a\u00e7\u0131l\u0131\u015f konu\u015fmas\u0131nda \u015funlar\u0131 s\u00f6yledi: &#8220;Her hesapla\u015fma hukuk devletine uygun yap\u0131lmal\u0131d\u0131r. Yeni\u00e7a\u011fa girerken sanal d\u00fcnyada da adalet sa\u011flanmal\u0131. Gen\u00e7ler ve \u00e7ocuklar\u0131 \u00e7ok \u00f6nemsiyoruz. Bir k\u0131z \u00e7ocu\u011fu iklim de\u011fi\u015fikli\u011fine olan tepkisini dile getirip d\u00fcnyan\u0131n dikkatini \u00e7ekiyor\u2019\u2019<\/p>\n<p>Festivalde, d\u00fcnyan\u0131n bir\u00e7ok yerinden adalet ve bar\u0131\u015f temal\u0131 filmleri izlenime sunduklar\u0131n\u0131 dile getiren Prof. Dr. S\u00f6z\u00fcer, &#8220;Dokuzuncusu d\u00fczenlenen \u201cUluslararas\u0131 Su\u00e7 ve Ceza Film Festivali\u2019nde bu y\u0131l, \u201cAdalet\u201d temas\u0131 ile d\u00fcnyan\u0131n d\u00f6rt bir yan\u0131ndan \u201cAdalet\u201d temal\u0131 filmleri bir araya getiriliyor. Bu filmleri olu\u015fturanlar\u0131 izleyici ile bulu\u015fturarak; sosyo-k\u00fclt\u00fcrel hayat\u0131n zenginle\u015ftirilmesine, sinema sanat\u0131n\u0131n farkl\u0131 k\u00fclt\u00fcrlerle tan\u0131\u015fmas\u0131na arac\u0131l\u0131k ediliyor\u201d dedi. Film festivalinde film program\u0131n\u0131n yan\u0131 s\u0131ra \u00e7e\u015fitli \u00fclkelerden akademisyenlerin kat\u0131l\u0131m\u0131yla geni\u015f bir akademik program\u0131n ger\u00e7ekle\u015ftirilece\u011fini dile getiren Prof. Dr. S\u00f6z\u00fcer, \u201c9. Uluslararas\u0131 Su\u00e7 ve Ceza Film Festivali\u2019nin akademik program\u0131, 22 \u2013 28 Kas\u0131m 2019 tarihleri aras\u0131nda \u0130stanbul \u00dcniversitesi merkez bina doktora salonunda d\u00fczenlenecek\u201d dedi.<\/p>\n<p><strong>Onur \u00d6d\u00fclleri Ustao\u011flu ve Thaman&#8217;a<br \/>\n<\/strong><br \/>\nA\u00e7\u0131l\u0131\u015fta, j\u00fcri \u00fcyelerine plaket takdiminin yan\u0131 s\u0131ra &#8220;Sinema Onur \u00d6d\u00fcl\u00fc&#8221; Zuhal Olcay taraf\u0131ndan Ye\u015fim Ustao\u011flu&#8217;na, &#8220;Akademik Onur \u00d6d\u00fcl\u00fc&#8221; Prof. Dr. Adem S\u00f6z\u00fcer taraf\u0131ndan Stephen Thaman&#8217;a, Sinemaya Katk\u0131 \u00d6d\u00fcl\u00fc ise Zeynep Atakan taraf\u0131ndan Prof. Sami \u015eekero\u011flu&#8217;na verildi.<\/p>\n<p><strong>&#8220;Adalet Terazisi&#8221; ve &#8220;Beyaz Perdede Adalet&#8221;<br \/>\n<\/strong><br \/>\nFestival Direkt\u00f6r\u00fc Prof. Dr. Bengi Semerci, festivalin program\u0131yla ilgili \u201cPanorama b\u00f6l\u00fcm\u00fc bu y\u0131l iki ba\u015fl\u0131k alt\u0131nda sunulacak. Adalet Terazi\u2019si b\u00f6l\u00fcm\u00fcnde 11 tane d\u00fcnya sinemas\u0131n\u0131n se\u00e7kin \u00f6rneklerinden film yer al\u0131yor. Bu filmlerin on tanesi T\u00fcrkiye pr\u00f6miyerlerini ger\u00e7ekle\u015ftirecek. Beyaz Perdede Adalet b\u00f6l\u00fcm\u00fcnde ise son y\u0131llarda \u00e7ekilmi\u015f de\u011ferli T\u00fcrk filmlerinden bir se\u00e7ki izleyece\u011fiz\u201d dedi. Ayr\u0131ca bu y\u0131l sinema onur \u00f6d\u00fcl\u00fcn\u00fcn taktim edildi\u011fi Ye\u015fim Ustao\u011flu sinemas\u0131ndan bir se\u00e7kinin de seyirci ile bulu\u015faca\u011f\u0131na de\u011finen Prof. Dr. Semerci, \u201cAdalet temal\u0131 k\u0131sa filmlerin olu\u015fturdu\u011fu se\u00e7kiler ve k\u0131sa film y\u00f6netmenleri ile s\u00f6yle\u015filer program\u0131n \u00f6nemli bir par\u00e7as\u0131n\u0131 olu\u015fturuyor\u201d dedi. Festivalde iki yenilikten bahseden Prof. Dr. Semerci, \u201cBunlardan ilki \u201cAlt\u0131n Terazi K\u0131sa Film Senaryo yar\u0131\u015fmas\u0131\u201d. Bu yenili\u011fimizin j\u00fcrisinde ise Tar\u0131k Tufan, Simona Nobile ve Maxine Williamson yer al\u0131yor. Adalet temal\u0131 68 senaryo i\u00e7inden \u00f6n j\u00fcrinin se\u00e7ti\u011fi 10 tanesi finalde yar\u0131\u015facak ve birinci olan senaryo festivalin sa\u011flayaca\u011f\u0131 destekle \u00f6n\u00fcm\u00fczdeki y\u0131l film olarak g\u00f6sterilecek\u201d dedi. Sinema Sekt\u00f6r\u00fcnde bir ilk olan \u2018End\u00fcstri G\u00fcnleri\u2019 ile Uluslararas\u0131 Su\u00e7 ve Ceza Film Festivali kapsam\u0131nda ger\u00e7ekle\u015fecek olan film end\u00fcstrisinin bulu\u015fmas\u0131n\u0131 sa\u011flayan, end\u00fcstrideki geli\u015fmelerin tan\u0131t\u0131ld\u0131\u011f\u0131, tart\u0131\u015f\u0131ld\u0131\u011f\u0131, ileti\u015fim toplant\u0131lar\u0131n\u0131n yap\u0131ld\u0131\u011f\u0131 VisionIST, &#8220;End\u00fcstri G\u00fcnleri&#8221; nin ikinci yenilikleri oldu\u011fundan bahseden Prof. Dr. Semerci, \u201c23-25 Kas\u0131m 2019 tarihlerinde ger\u00e7ekle\u015fecek bu b\u00f6l\u00fcmde h\u0131zla geli\u015fen end\u00fcstride farkl\u0131 ku\u015faklardan gelen ulusal ve uluslararas\u0131 meslek profesyonellerinin birbirini tan\u0131mas\u0131, ileti\u015fimde bulunmas\u0131 ve bu \u015fekilde \u00fcretimlerine yans\u0131tacak katk\u0131y\u0131 sa\u011flamas\u0131 hedeflendi\u201d dedi.<\/p>\n<p><strong>Festivalde Ye\u015fim Ustao\u011flu Se\u00e7kisi<br \/>\n<\/strong><br \/>\n9. Uluslararas\u0131 Su\u00e7 ve Ceza Film Festivali\u2019nde bu y\u0131l, sinema onur \u00f6d\u00fcl\u00fcn\u00fcn taktim edidi\u011fi Ye\u015fim Ustao\u011flu sinemas\u0131ndan bir se\u00e7ki seyirci ile bulu\u015facak. Ustao\u011flu filmleri se\u00e7kisi, festival kapsam\u0131nda Beyo\u011flu Sinemas\u0131 ve Ni\u015fanta\u015f\u0131 City&#8217;s sinemalar\u0131nda g\u00f6sterilecek. Ayn\u0131 zamanda festivalde Alt\u0131n Terazi Uzun Metraj Film Yar\u0131\u015fmas\u0131&#8217;nda yar\u0131\u015facak sekiz filmin g\u00f6sterimi ve Adalet Terazisi Se\u00e7kileri, Beyaz Perdede Adalet Se\u00e7kileri de\u00a0 yer al\u0131yor.<br \/>\n<img decoding=\"async\" class=\"alignnone size-full wp-image-13289\" src=\"https:\/\/iletim.istanbul.edu.tr\/wp-content\/uploads\/2-24.jpg\" alt=\"\" width=\"1618\" height=\"1080\" srcset=\"https:\/\/iletim.istanbul.edu.tr\/wp-content\/uploads\/2-24.jpg 1618w, https:\/\/iletim.istanbul.edu.tr\/wp-content\/uploads\/2-24-300x200.jpg 300w, https:\/\/iletim.istanbul.edu.tr\/wp-content\/uploads\/2-24-768x513.jpg 768w, https:\/\/iletim.istanbul.edu.tr\/wp-content\/uploads\/2-24-1024x684.jpg 1024w\" sizes=\"(max-width: 1618px) 100vw, 1618px\" \/><\/p>\n<p>9. Uluslararas\u0131 Su\u00e7 ve Ceza Film Festivali A\u00e7\u0131l\u0131\u015f T\u00f6reni y\u00f6netmen Miroslav Terzic\u2019in \u201cSoy Ba\u011f\u0131\u201d adl\u0131 filminin g\u00f6sterilmesiyle sona erdi.<\/p>\n","protected":false},"excerpt":{"rendered":"<p>Adalet temas\u0131yla her y\u0131l d\u00fczenlenen &#8220;9. Uluslararas\u0131 Su\u00e7 ve Ceza Film Festivali&#8221; 21 Kas\u0131m\u2019da Cemal Re\u015fit Rey Konser Salonu&#8217;nda ger\u00e7ekle\u015fen a\u00e7\u0131l\u0131\u015f t\u00f6reniyle ba\u015flad\u0131. Sinema ve sanat d\u00fcnyas\u0131ndan \u00f6nemli isimlerin kat\u0131l\u0131m\u0131yla yap\u0131lan a\u00e7\u0131l\u0131\u015f\u0131 Yekta Kopan sundu.<br \/>\nA\u00e7\u0131l\u0131\u015fta Zuhal Olcay, Ye\u015fim Ustao\u011flu, Zeynep Atakan, Izeta Gradevic, Ioana Uricaru, Maxine Williamson, Antonio Saura, Ruth Gabriel, Sahraa Karimi, Teodor Kuhn ve bir\u00e7ok sinema d\u00fcnyas\u0131ndan isim yer ald\u0131.<\/p>\n","protected":false},"author":14,"featured_media":13290,"comment_status":"open","ping_status":"open","sticky":false,"template":"","format":"standard","meta":{"jnews-multi-image_gallery":[],"jnews_single_post":[],"jnews_primary_category":[],"jnews_social_meta":[],"jnews_override_counter":[],"footnotes":""},"categories":[30],"tags":[1204,1243,1205,1206,1247,1245,1246,1244],"class_list":["post-13288","post","type-post","status-publish","format-standard","has-post-thumbnail","hentry","category-kultur-sanat","tag-9-uluslararasi-suc-ve-ceza-film-festivali","tag-cemal-resit-rey","tag-prof-dr-adem-sozuer","tag-prof-dr-bengi-semerci","tag-yekta-kopan","tag-yesim-ustaoglu","tag-zeynep-atakan","tag-zuhal-olcay"],"_links":{"self":[{"href":"https:\/\/iletim.istanbul.edu.tr\/index.php\/wp-json\/wp\/v2\/posts\/13288","targetHints":{"allow":["GET"]}}],"collection":[{"href":"https:\/\/iletim.istanbul.edu.tr\/index.php\/wp-json\/wp\/v2\/posts"}],"about":[{"href":"https:\/\/iletim.istanbul.edu.tr\/index.php\/wp-json\/wp\/v2\/types\/post"}],"author":[{"embeddable":true,"href":"https:\/\/iletim.istanbul.edu.tr\/index.php\/wp-json\/wp\/v2\/users\/14"}],"replies":[{"embeddable":true,"href":"https:\/\/iletim.istanbul.edu.tr\/index.php\/wp-json\/wp\/v2\/comments?post=13288"}],"version-history":[{"count":0,"href":"https:\/\/iletim.istanbul.edu.tr\/index.php\/wp-json\/wp\/v2\/posts\/13288\/revisions"}],"wp:featuredmedia":[{"embeddable":true,"href":"https:\/\/iletim.istanbul.edu.tr\/index.php\/wp-json\/wp\/v2\/media\/13290"}],"wp:attachment":[{"href":"https:\/\/iletim.istanbul.edu.tr\/index.php\/wp-json\/wp\/v2\/media?parent=13288"}],"wp:term":[{"taxonomy":"category","embeddable":true,"href":"https:\/\/iletim.istanbul.edu.tr\/index.php\/wp-json\/wp\/v2\/categories?post=13288"},{"taxonomy":"post_tag","embeddable":true,"href":"https:\/\/iletim.istanbul.edu.tr\/index.php\/wp-json\/wp\/v2\/tags?post=13288"}],"curies":[{"name":"wp","href":"https:\/\/api.w.org\/{rel}","templated":true}]}}