{"id":13299,"date":"2019-12-04T12:00:31","date_gmt":"2019-12-04T09:00:31","guid":{"rendered":"https:\/\/iletim.istanbul.edu.tr\/?p=13299"},"modified":"2019-12-19T14:41:49","modified_gmt":"2019-12-19T11:41:49","slug":"goruyorsak-duyuyorsak-sorumluyuz","status":"publish","type":"post","link":"https:\/\/iletim.istanbul.edu.tr\/index.php\/2019\/12\/04\/goruyorsak-duyuyorsak-sorumluyuz\/","title":{"rendered":"G\u00f6r\u00fcyorsak Duyuyorsak Sorumluyuz"},"content":{"rendered":"<p><strong>Aylin AY<\/strong><\/p>\n<p>Ali Denizci taraf\u0131ndan Balat\u2019ta kurulan Deliler Kahvehanesi, bir kahvehaneden daha fazlas\u0131. D\u0131\u015far\u0131dan ufak g\u00f6r\u00fcnen bu yerde kocaman bir dayan\u0131\u015fma yat\u0131yor. Ali Denizci ya\u015fam\u0131n\u0131 sorgularken kar\u015f\u0131s\u0131na \u00e7\u0131kan Ercan ve Ya\u015far sayesinde b\u00f6yle g\u00fczel bir yer kuruyor. Ya\u015far ile Ercan ak\u0131l ve ruh sa\u011fl\u0131\u011f\u0131 yerinde olmayan, insanlara muhta\u00e7 iki ki\u015fi.Toplum taraf\u0131ndan d\u0131\u015flanan bu insanlara yard\u0131m eli uzatan Denizci, onlar gibi ihtiya\u00e7 sahibi olan insanlara destek olabilmek i\u00e7in iki arkada\u015f\u0131yla bu projeye giri\u015fmi\u015f. \u0130nsani duygular\u0131 y\u00fcksek olan bu ki\u015filerin toplumumuzda d\u0131\u015flanmas\u0131na kar\u015f\u0131l\u0131k Denizci\u2019nin a\u00e7t\u0131\u011f\u0131 bu kahvehane insanlara ders niteli\u011finde.<\/p>\n<p><img decoding=\"async\" class=\"alignnone size-full wp-image-13311\" src=\"https:\/\/iletim.istanbul.edu.tr\/wp-content\/uploads\/DSC7267.jpg\" alt=\"\" width=\"4288\" height=\"2848\" srcset=\"https:\/\/iletim.istanbul.edu.tr\/wp-content\/uploads\/DSC7267.jpg 4288w, https:\/\/iletim.istanbul.edu.tr\/wp-content\/uploads\/DSC7267-300x199.jpg 300w, https:\/\/iletim.istanbul.edu.tr\/wp-content\/uploads\/DSC7267-768x510.jpg 768w, https:\/\/iletim.istanbul.edu.tr\/wp-content\/uploads\/DSC7267-1024x680.jpg 1024w\" sizes=\"(max-width: 4288px) 100vw, 4288px\" \/><\/p>\n<p>&nbsp;<\/p>\n<p>Kap\u0131lar\u0131 herkese a\u00e7\u0131k olan bu kahvehane, g\u00f6n\u00fcll\u00fcl\u00fck esas\u0131na dayal\u0131 olarak \u00e7al\u0131\u015f\u0131yor. Ali Denizci as\u0131l mesle\u011fi olan mimarl\u0131\u011f\u0131 b\u0131rakarak bu giri\u015fimi e\u015finin deste\u011fiyle hayata ge\u00e7irmi\u015f. Ali Denizci\u2019nin ba\u015flatt\u0131\u011f\u0131 bu g\u00f6n\u00fcll\u00fcl\u00fc\u011fe sigortac\u0131dan \u00f6\u011frenciye, ev han\u0131m\u0131ndan bankac\u0131ya kadar bir\u00e7ok ki\u015fi kat\u0131larak birbirinden e\u011flenceli etkinlikler ve at\u00f6lyeler d\u00fczenleyerek kahvehaneye destek vermeye ba\u015flam\u0131\u015f.<\/p>\n<p>Kahvehanenin giri\u015f kat\u0131 yemek yenilip sohbet edilecek bir yer. Bir \u00fcst kat\u0131 da \u00e7e\u015fitli e\u011fitimlerin verildi\u011fi bir mekan. \u0130nsanlar burada, g\u00f6n\u00fcll\u00fcler taraf\u0131ndan verilen derslerle \u0130ngilizce, \u0130spanyolca, \u0130talyanca, Portekizce, Rus\u00e7a, Arap\u00e7a, Almanca, Frans\u0131zcay\u0131 \u00fccretsiz \u00f6\u011frenebiliyor. Ayn\u0131 zamanda keman, gitar, ney, piyano, perk\u00fcsyon, \u015fan, solfej gibi dersler de veriliyor. Bu etkinliklerin kar\u015f\u0131l\u0131\u011f\u0131 ise bazen sadece yard\u0131m i\u00e7in getirilen bir erzak oluyor. En \u00f6nemlisi de burada \u00f6denen her hesap, yard\u0131ma muhta\u00e7 birinin sofras\u0131na yemek, \u00fczerine giysi belki de bebe\u011fine bir bez olarak gidiyor. Muhta\u00e7 bir insan\u0131n geri \u00e7evrilmedi\u011fi, yolda kalan\u0131n yoluna devam etmesinin sa\u011fland\u0131\u011f\u0131 bu kahvehaneye gelen insanlar yard\u0131mla\u015fman\u0131n ve insanlar\u0131 sevmenin ne kadar k\u0131ymetli oldu\u011funu anl\u0131yor. Yolu buraya d\u00fc\u015ft\u00fckten sonra kahvehaneye sandalye yaparak destek olan Marangoz Cengiz var<em>.<\/em> \u0130nsanlar kahvehaneye az \u00e7ok demeden yard\u0131m ediyor. Bu destekler yeri geliyor \u00e7ocuklar\u0131n aya\u011f\u0131na ayakkab\u0131, s\u0131rt\u0131na \u00e7anta, g\u00f6zlerine umut oluyor. \u0130nsanlara yard\u0131m etmekten mutlu olan Ali Denizci\u2019nin de dedi\u011fi gibi daha g\u00fczel bir d\u00fcnya, payla\u015fmaktan ge\u00e7er. Payla\u015fal\u0131m ki de\u011ferlensin.<\/p>\n<p>&nbsp;<\/p>\n<div id='gallery_1' class='gallery galleryid-13299 gallery-columns-3 gallery-size-thumbnail'><figure class='gallery-item'>\n                <div class='gallery-icon landscape'>\n                    <a href='https:\/\/iletim.istanbul.edu.tr\/wp-content\/uploads\/DSC7246-1.jpg'><img loading=\"lazy\" decoding=\"async\" width=\"150\" height=\"150\" src=\"\" class=\"attachment-thumbnail size-thumbnail lazyload\" alt=\"\" data-src=\"https:\/\/iletim.istanbul.edu.tr\/wp-content\/uploads\/DSC7246-1-150x150.jpg\" data-sizes=\"auto\" data-srcset=\"\" data-expand=\"700\" \/><\/a>\n                <\/div><\/figure><figure class='gallery-item'>\n                <div class='gallery-icon landscape'>\n                    <a href='https:\/\/iletim.istanbul.edu.tr\/wp-content\/uploads\/DSC7263.jpg'><img loading=\"lazy\" decoding=\"async\" width=\"150\" height=\"150\" src=\"\" class=\"attachment-thumbnail size-thumbnail lazyload\" alt=\"\" data-src=\"https:\/\/iletim.istanbul.edu.tr\/wp-content\/uploads\/DSC7263-150x150.jpg\" data-sizes=\"auto\" data-srcset=\"\" data-expand=\"700\" \/><\/a>\n                <\/div><\/figure><figure class='gallery-item'>\n                <div class='gallery-icon landscape'>\n                    <a href='https:\/\/iletim.istanbul.edu.tr\/wp-content\/uploads\/DSC7261.jpg'><img loading=\"lazy\" decoding=\"async\" width=\"150\" height=\"150\" src=\"\" class=\"attachment-thumbnail size-thumbnail lazyload\" alt=\"\" data-src=\"https:\/\/iletim.istanbul.edu.tr\/wp-content\/uploads\/DSC7261-150x150.jpg\" data-sizes=\"auto\" data-srcset=\"\" data-expand=\"700\" \/><\/a>\n                <\/div><\/figure><br style=\"clear: both\" \/><figure class='gallery-item'>\n                <div class='gallery-icon landscape'>\n                    <a href='https:\/\/iletim.istanbul.edu.tr\/wp-content\/uploads\/DSC7252.jpg'><img loading=\"lazy\" decoding=\"async\" width=\"150\" height=\"150\" src=\"\" class=\"attachment-thumbnail size-thumbnail lazyload\" alt=\"\" data-src=\"https:\/\/iletim.istanbul.edu.tr\/wp-content\/uploads\/DSC7252-150x150.jpg\" data-sizes=\"auto\" data-srcset=\"\" data-expand=\"700\" \/><\/a>\n                <\/div><\/figure><figure class='gallery-item'>\n                <div class='gallery-icon landscape'>\n                    <a href='https:\/\/iletim.istanbul.edu.tr\/wp-content\/uploads\/DSC7239.jpg'><img loading=\"lazy\" decoding=\"async\" width=\"150\" height=\"150\" src=\"\" class=\"attachment-thumbnail size-thumbnail lazyload\" alt=\"\" data-src=\"https:\/\/iletim.istanbul.edu.tr\/wp-content\/uploads\/DSC7239-150x150.jpg\" data-sizes=\"auto\" data-srcset=\"\" data-expand=\"700\" \/><\/a>\n                <\/div><\/figure><figure class='gallery-item'>\n                <div class='gallery-icon landscape'>\n                    <a href='https:\/\/iletim.istanbul.edu.tr\/wp-content\/uploads\/DSC7242.jpg'><img loading=\"lazy\" decoding=\"async\" width=\"150\" height=\"150\" src=\"\" class=\"attachment-thumbnail size-thumbnail lazyload\" alt=\"\" data-src=\"https:\/\/iletim.istanbul.edu.tr\/wp-content\/uploads\/DSC7242-150x150.jpg\" data-sizes=\"auto\" data-srcset=\"\" data-expand=\"700\" \/><\/a>\n                <\/div><\/figure><br style=\"clear: both\" \/><figure class='gallery-item'>\n                <div class='gallery-icon landscape'>\n                    <a href='https:\/\/iletim.istanbul.edu.tr\/wp-content\/uploads\/DSC7270.jpg'><img loading=\"lazy\" decoding=\"async\" width=\"150\" height=\"150\" src=\"\" class=\"attachment-thumbnail size-thumbnail lazyload\" alt=\"\" data-src=\"https:\/\/iletim.istanbul.edu.tr\/wp-content\/uploads\/DSC7270-150x150.jpg\" data-sizes=\"auto\" data-srcset=\"\" data-expand=\"700\" \/><\/a>\n                <\/div><\/figure><figure class='gallery-item'>\n                <div class='gallery-icon landscape'>\n                    <a href='https:\/\/iletim.istanbul.edu.tr\/wp-content\/uploads\/DSC7235.jpg'><img loading=\"lazy\" decoding=\"async\" width=\"150\" height=\"150\" src=\"\" class=\"attachment-thumbnail size-thumbnail lazyload\" alt=\"\" data-src=\"https:\/\/iletim.istanbul.edu.tr\/wp-content\/uploads\/DSC7235-150x150.jpg\" data-sizes=\"auto\" data-srcset=\"\" data-expand=\"700\" \/><\/a>\n                <\/div><\/figure>\n                <br style='clear: both' \/>\n            <\/div>\n\n","protected":false},"excerpt":{"rendered":"<p>Ali Denizci taraf\u0131ndan Balat\u2019ta kurulan Deliler Kahvehanesi, bir kahvehaneden daha fazlas\u0131. D\u0131\u015far\u0131dan ufak g\u00f6r\u00fcnen bu yerde kocaman bir dayan\u0131\u015fma yat\u0131yor. Ali Denizci ya\u015fam\u0131n\u0131 sorgularken kar\u015f\u0131s\u0131na \u00e7\u0131kan Ercan ve Ya\u015far sayesinde b\u00f6yle g\u00fczel bir yer kuruyor. Ya\u015far ile Ercan ak\u0131l ve ruh sa\u011fl\u0131\u011f\u0131 yerinde olmayan, insanlara muhta\u00e7 iki ki\u015fi.Toplum taraf\u0131ndan d\u0131\u015flanan bu insanlara yard\u0131m eli uzatan Denizci, onlar gibi ihtiya\u00e7 sahibi olan insanlara destek olabilmek i\u00e7in iki arkada\u015f\u0131yla bu projeye giri\u015fmi\u015f. \u0130nsani duygular\u0131 y\u00fcksek olan bu ki\u015filerin toplumumuzda d\u0131\u015flanmas\u0131na kar\u015f\u0131l\u0131k Denizci\u2019nin a\u00e7t\u0131\u011f\u0131 bu kahvehane insanlara ders niteli\u011finde.<\/p>\n","protected":false},"author":14,"featured_media":13312,"comment_status":"open","ping_status":"open","sticky":false,"template":"","format":"standard","meta":{"jnews-multi-image_gallery":[],"jnews_single_post":[],"jnews_primary_category":[],"jnews_social_meta":[],"jnews_override_counter":[],"footnotes":""},"categories":[35],"tags":[],"class_list":["post-13299","post","type-post","status-publish","format-standard","has-post-thumbnail","hentry","category-yasam"],"_links":{"self":[{"href":"https:\/\/iletim.istanbul.edu.tr\/index.php\/wp-json\/wp\/v2\/posts\/13299","targetHints":{"allow":["GET"]}}],"collection":[{"href":"https:\/\/iletim.istanbul.edu.tr\/index.php\/wp-json\/wp\/v2\/posts"}],"about":[{"href":"https:\/\/iletim.istanbul.edu.tr\/index.php\/wp-json\/wp\/v2\/types\/post"}],"author":[{"embeddable":true,"href":"https:\/\/iletim.istanbul.edu.tr\/index.php\/wp-json\/wp\/v2\/users\/14"}],"replies":[{"embeddable":true,"href":"https:\/\/iletim.istanbul.edu.tr\/index.php\/wp-json\/wp\/v2\/comments?post=13299"}],"version-history":[{"count":0,"href":"https:\/\/iletim.istanbul.edu.tr\/index.php\/wp-json\/wp\/v2\/posts\/13299\/revisions"}],"wp:featuredmedia":[{"embeddable":true,"href":"https:\/\/iletim.istanbul.edu.tr\/index.php\/wp-json\/wp\/v2\/media\/13312"}],"wp:attachment":[{"href":"https:\/\/iletim.istanbul.edu.tr\/index.php\/wp-json\/wp\/v2\/media?parent=13299"}],"wp:term":[{"taxonomy":"category","embeddable":true,"href":"https:\/\/iletim.istanbul.edu.tr\/index.php\/wp-json\/wp\/v2\/categories?post=13299"},{"taxonomy":"post_tag","embeddable":true,"href":"https:\/\/iletim.istanbul.edu.tr\/index.php\/wp-json\/wp\/v2\/tags?post=13299"}],"curies":[{"name":"wp","href":"https:\/\/api.w.org\/{rel}","templated":true}]}}