{"id":13488,"date":"2019-11-30T15:03:38","date_gmt":"2019-11-30T12:03:38","guid":{"rendered":"https:\/\/iletim.istanbul.edu.tr\/?p=13488"},"modified":"2019-12-01T01:36:01","modified_gmt":"2019-11-30T22:36:01","slug":"iletisim-fakultesi-69-yasinda","status":"publish","type":"post","link":"https:\/\/iletim.istanbul.edu.tr\/index.php\/2019\/11\/30\/iletisim-fakultesi-69-yasinda\/","title":{"rendered":"\u0130leti\u015fim Fak\u00fcltesi 69 Ya\u015f\u0131nda"},"content":{"rendered":"<p><strong>Tu\u011f\u00e7e AY\u00c7\u0130N<\/strong><\/p>\n<p><strong>T\u00fcrkiye\u2019nin ileti\u015fim alan\u0131ndaki ilk, Nobel \u00f6d\u00fcll\u00fc tek fak\u00fcltesi olan \u0130stanbul \u00dcniversitesi \u0130leti\u015fim Fak\u00fcltesi 69. y\u0131l\u0131n\u0131 kutluyor.\u00a0<\/strong><\/p>\n<p>\u0130stanbul \u00dcniversitesi \u0130leti\u015fim Fak\u00fcltesi\u2019nin k\u00f6keni, 1950 y\u0131l\u0131nda \u0130stanbul \u00dcniversitesi b\u00fcnyesinde kurulan \u201cGazetecilik Enstit\u00fcs\u00fc\u201d ne dayan\u0131yor. 20 Haziran 1950 tarihinde y\u00f6netmeli\u011fi Mill\u00ee E\u011fitim Bakanl\u0131\u011f\u0131nca onaylanan Gazetecilik Enstit\u00fcs\u00fc, 29 Kas\u0131m 1950\u2019de T\u00fcrkiye\u2019nin ilk gazetecilik y\u00fcksek e\u011fitim ve \u00f6\u011fretimini vermeye ba\u015flad\u0131. M\u00fcd\u00fcrl\u00fc\u011f\u00fc Ord. Prof. Dr. \u015e\u00fckr\u00fc Baban taraf\u0131ndan yap\u0131lan ve 2 y\u0131l s\u00fcreli e\u011fitim veren Enstit\u00fc, 1950-1951 y\u0131l\u0131nda ilk \u00f6\u011frencilerini kabul etti.<\/p>\n<p>12 Haziran 1975 tarihinde Enstit\u00fc\u2019n\u00fcn ad\u0131 Gazetecilik ve Halkla \u0130li\u015fkiler Enstit\u00fcs\u00fc olarak de\u011fi\u015ftirilirken, 1982 y\u0131l\u0131ndan itibaren Y\u00fcksekokul stat\u00fcs\u00fcne kavu\u015farak, \u0130\u00dc Bas\u0131n Yay\u0131n Y\u00fcksekokulu ad\u0131n\u0131 ald\u0131. \u0130stanbul \u00dcniversitesi Bas\u0131n Yay\u0131n Y\u00fcksekokulu 11 Temmuz 1992 tarihinde ise \u0130stanbul \u00dcniversitesi \u0130leti\u015fim Fak\u00fcltesi olarak adland\u0131r\u0131ld\u0131.<\/p>\n<p>\u0130leti\u015fim Fak\u00fcltesi Dekan\u0131 Prof. Dr. Erg\u00fcn Yolcu, kurulu\u015funun 69.y\u0131l\u0131nda \u0130leti\u015fim Fak\u00fcltesi ile ilgili de\u011ferlendirmelerde bulundu.<\/p>\n<p><strong>\u201cB\u00f6l\u00fcmlerimiz, En Ba\u015far\u0131l\u0131 \u00d6\u011frencilerden Olu\u015fuyor\u201d<\/strong><\/p>\n<p>\u0130stanbul \u00dcniversitesi \u0130leti\u015fim Fak\u00fcltesi\u2019nin kuruldu\u011fu g\u00fcnden bu yana bir\u00e7ok ilke imza att\u0131\u011f\u0131n\u0131 s\u00f6yleyen Prof. Dr. Yolcu, \u0130leti\u015fim Fak\u00fcltesi\u2019nin, Gazetecilik, Halkla \u0130li\u015fkiler ve Tan\u0131t\u0131m ve Radyo Televizyon ve Sinema B\u00f6l\u00fcmleri olmak \u00fczere her \u00fc\u00e7 b\u00f6l\u00fcm\u00fcyle T\u00fcrkiye\u2019nin kendi alan\u0131nda en y\u00fcksek ba\u015far\u0131 derecesiyle \u00f6\u011frenci kabul eden b\u00f6l\u00fcmlerine sahip olma \u00f6zelli\u011fini bu sene de s\u00fcrd\u00fcrd\u00fc\u011f\u00fcn\u00fc vurgulad\u0131. \u0130leti\u015fim Fak\u00fcltesi\u2019nin YKS 2019 taban puan\u0131na g\u00f6re devlet \u00fcniversiteleri aras\u0131ndaki yeri hakk\u0131nda bilgi veren Prof. Dr. Yolcu, \u201cBu sene Radyo Televizyon ve Sinema b\u00f6l\u00fcm\u00fcm\u00fcze ilk s\u0131radan giren \u00f6\u011frencimiz 4 bin 105. s\u0131radan, Gazetecilik b\u00f6l\u00fcm\u00fcm\u00fcze ilk s\u0131radan giren \u00f6\u011frencimiz 5 bin 236. s\u0131radan, Halkla \u0130li\u015fkiler ve Tan\u0131t\u0131m b\u00f6l\u00fcm\u00fcm\u00fcze ilk s\u0131radan giren \u00f6\u011frencimiz ise 2 bin 732.s\u0131radan oldu\u201d dedi.<\/p>\n<p><strong>\u201c\u00d6ncelikli Hedefimiz, \u0130yi Bir \u0130leti\u015fimci Yeti\u015ftirmek\u201d<\/strong><\/p>\n<p>\u0130leti\u015fim Fak\u00fcltesi\u2019nde, her \u00f6\u011frenciye kendi b\u00f6l\u00fcm\u00fcne ait 4 dersin yan\u0131nda di\u011fer b\u00f6l\u00fcmlerden de 2 ders se\u00e7ebilme olana\u011f\u0131n\u0131 tan\u0131yan 4+2\u2019lik ders program\u0131 modelinin uyguland\u0131\u011f\u0131n\u0131 kaydeden Prof. Dr. Yolcu, bu modeli uygulamalar\u0131n\u0131n nedenini \u015fu ifadelerle anlatt\u0131: \u201cGeli\u015fen ileti\u015fim teknolojilerinin ve stratejilerinin \u0131\u015f\u0131\u011f\u0131nda hem sekt\u00f6r\u00fcn hem de \u00f6\u011frencilerimizin beklentilerini kar\u015f\u0131layacak bir sistem geli\u015ftirdik. \u0130leti\u015fim alan\u0131n\u0131n gitti\u011fi yer neresi ise de\u011fi\u015fimimizi ve d\u00f6n\u00fc\u015f\u00fcm\u00fcm\u00fcz\u00fc ona g\u00f6re planl\u0131yoruz. Bizim \u00f6ncelikli hedefimiz iyi bir ileti\u015fimci yeti\u015ftirmek. Bunun i\u00e7in de ders programlar\u0131m\u0131z\u0131 s\u00fcrekli g\u00fcncelliyoruz. B\u00f6l\u00fcm farkl\u0131l\u0131klar\u0131ndan ziyade; Gazetecilik, Halkla \u0130li\u015fkiler ve Tan\u0131t\u0131m ve Radyo Televizyon ve Sinema alanlar\u0131n\u0131n her \u00fc\u00e7\u00fcn\u00fc de iyi bir \u015fekilde kavrayan \u00f6\u011frenciler yeti\u015ftirerek b\u00fct\u00fcn yetenekleri bir arada toplamak istiyoruz. \u00d6\u011frencilerimizin, bu b\u00f6l\u00fcmlerde bulunan dersler i\u00e7inde hangi alanlarda geli\u015fmek istiyorlarsa o alanda geli\u015febilmelerine de olanak tan\u0131yan bir program uyguluyoruz.\u201d<\/p>\n<p>De\u011fi\u015fen d\u00fcnyay\u0131 do\u011fru okuyabilen, toplumsal konulara hi\u00e7bir \u00f6tekile\u015ftirmeye girmeksizin duyarl\u0131 ve toplumsal sorumluluk bilincine sahip bir \u015fekilde yakla\u015fabilen \u00f6\u011frenciler yeti\u015ftirmenin de en \u00f6nemli ama\u00e7lar\u0131 aras\u0131nda oldu\u011funu vurgulayan Prof. Dr. Yolcu, \u0130leti\u015fim Fak\u00fcltesi b\u00fcnyesinde kurulan Foto\u011fraf Kul\u00fcb\u00fc, Sosyal Giri\u015fimcilik Kul\u00fcb\u00fc, \u0130dealist \u0130leti\u015fimciler Kul\u00fcb\u00fc, Televizyon Programc\u0131l\u0131\u011f\u0131 Kul\u00fcb\u00fc, Sosyal Sorumluluk Kul\u00fcb\u00fc ve Dijital \u0130leti\u015fim Kul\u00fcb\u00fc gibi \u00f6\u011frenci kul\u00fcpleriyle, \u00f6\u011frencilerin \u00f6nemli kazan\u0131mlar elde etti\u011fini belirtti.<\/p>\n<p><strong>\u201cStratejik Plan\u0131m\u0131z ile S\u00fcrekli Geli\u015fimi Hedefliyoruz\u201d<\/strong><\/p>\n<p>\u0130leti\u015fim Fak\u00fcltesi\u2019nin imza att\u0131\u011f\u0131 ilklerden biri olan ve \u00fclkemizdeki ileti\u015fim fak\u00fclteleri aras\u0131nda sadece \u0130stanbul \u00dcniversitesi \u0130leti\u015fim Fak\u00fcltesi taraf\u0131ndan ger\u00e7ekle\u015ftirilen stratejik plan hakk\u0131nda a\u00e7\u0131klamalarda bulunan Prof. Dr. Yolcu, stratejik plan ile \u0130leti\u015fim Fak\u00fcltesi\u2019nin hangi d\u00fczeyde oldu\u011funun tespitinin ve olu\u015fturulan vizyona ula\u015fmak i\u00e7in izlenmesi gereken yollar\u0131n tutarl\u0131 bir yap\u0131 i\u00e7erisinde ortaya konulmas\u0131n\u0131n hedeflendi\u011fini belirterek, \u201c\u0130leti\u015fim Fak\u00fcltemizin 2018-2020 Stratejik Plan\u0131 ile programlar\u0131m\u0131z\u0131 bilgi, beceri ve yetkinliklere uygun olacak ulusal ve uluslararas\u0131 standartlara g\u00f6re d\u00fczenli olarak geli\u015ftirmeyi ve yenilemeyi hedefliyoruz\u201d dedi.<\/p>\n<p><strong>\u201cErasmus \u0130\u00e7in Haz\u0131rlad\u0131\u011f\u0131m\u0131z Program, \u0130leti\u015fim Fak\u00fclteleri Aras\u0131nda Bir \u0130lk\u201d<\/strong><\/p>\n<p>Uluslararas\u0131la\u015fma hedefiyle hareket eden \u0130leti\u015fim Fak\u00fcltesi\u2019nde ger\u00e7ekle\u015ftirilen bir ba\u015fka \u00f6nemli \u00e7al\u0131\u015fman\u0131n ise Erasmus Program\u0131 oldu\u011funa dikkat \u00e7eken Prof. Dr. Yolcu, \u201cErasmus i\u00e7in haz\u0131rlad\u0131\u011f\u0131m\u0131z program\u0131m\u0131z hem di\u011fer ileti\u015fim fak\u00fclteleri aras\u0131nda hem de \u00fcniversitemiz b\u00fcnyesinde bir ilk olma \u00f6zelli\u011fi g\u00f6steriyor. Bunu Y\u00d6K\u2019\u00fcn karar\u0131 ile ger\u00e7ekle\u015ftirdik. B\u00f6ylelikle T\u00fcrk\u00e7e programda alan olarak \u0130ngilizce ders yap\u0131lmas\u0131n\u0131, i\u00e7erik haz\u0131rlanmas\u0131 sa\u011flam\u0131\u015f olduk\u201d diye konu\u015ftu. \u0130leti\u015fim Fak\u00fcltesi\u2019nin Erasmus Program\u0131 \u00e7er\u00e7evesinde d\u00fcnyan\u0131n bir\u00e7ok yerinden 23 \u00fcniversite ile anla\u015fmas\u0131n\u0131n oldu\u011funun alt\u0131n\u0131 \u00e7izen Prof. Dr. Yolcu, \u00f6\u011frencileri evrensel d\u00fczeyde ara\u015ft\u0131rma yapabilen demokratik ve \u00e7a\u011fda\u015f ileti\u015fimciler olarak yeti\u015ftirmek i\u00e7in \u00e7al\u0131\u015fmalar\u0131na devam ettiklerini ve bu ba\u011flamda \u00f6nemli projeler ortaya koyduklar\u0131n\u0131 s\u00f6yleyerek \u015fu ifadeleri kulland\u0131: \u201cFak\u00fcltemizde bilimsel yakla\u015f\u0131m ilkesiyle toplumun \u00e7\u0131kar\u0131 i\u00e7in hizmet etme y\u00f6n\u00fcnde \u00e7ok \u00f6nemli projeler ger\u00e7ekle\u015ftiriyoruz. Avrupa Birli\u011fi, T\u00dcB\u0130TAK, BAP, HORIZON, patent, kamu kurumu ve d\u0131\u015f payda\u015fl\u0131 projelere imza att\u0131k. Bu projelerde, yar\u0131s\u0131na yak\u0131n\u0131 profes\u00f6r ve do\u00e7entlerden olu\u015fan 92 ki\u015filik akademisyen kadromuzun yan\u0131 s\u0131ra \u00f6\u011frencilerimiz de yer ald\u0131lar.<\/p>\n<p><strong>Toplumsal Fark\u0131ndal\u0131\u011f\u0131 Artt\u0131ran Projeler<\/strong><\/p>\n<p>\u0130leti\u015fim Fak\u00fcltesi olarak \u0130stanbul Valili\u011finin kurumsal ileti\u015fim faaliyetlerine ili\u015fkin fark\u0131ndal\u0131\u011f\u0131n \u00f6l\u00e7\u00fcmlenmesi ve yeni kurumsal ileti\u015fim stratejilerinin geli\u015ftirilmesi amac\u0131yla da projeler ortaya koyduklar\u0131n\u0131 s\u00f6yleyen Prof. Dr. Yolcu, 29 Ekim Cumhuriyet Bayram\u0131, D\u00fcnya \u00c7ocuk Haklar\u0131 G\u00fcn\u00fc ve L\u00f6semili \u00c7ocuklar Haftas\u0131 Projeleri gibi toplumsal fark\u0131ndal\u0131\u011f\u0131 artt\u0131ran \u00f6nemli projeler ger\u00e7ekle\u015ftirdiklerini aktard\u0131.<\/p>\n<p>\u0130fadelerine T\u00fcrkiye\u2019nin ileti\u015fim alan\u0131nda ESCI (Emerging Sources Citation Index) taraf\u0131ndan taranan ilk dergisi olma \u00f6zelli\u011fini ta\u015f\u0131yan \u0130leti\u015fim Fak\u00fcltesi Hakemli Dergisi Connectist hakk\u0131nda a\u00e7\u0131klamalarda bulunarak devam eden Prof. Dr. Yolcu, \u201cDergimiz 1992 y\u0131l\u0131ndan beri yay\u0131nlanan, uluslararas\u0131 bilimsel bir dergidir. ULAKB\u0130M, EBSCO, ProQuest, Crossref ve ESCI taraf\u0131ndan taranmaktad\u0131r\u201d \u015feklinde konu\u015ftu.<\/p>\n<p><strong>Teoriyi Pratikle Bulu\u015fturan Uygulama Birimleri<\/strong><\/p>\n<p>\u0130leti\u015fim Fak\u00fcltesi Uygulama Birimleri hakk\u0131nda da de\u011ferlendirmelerde bulunan Prof. Dr. Yolcu, \u201c\u0130leti\u015fim Fak\u00fcltemizin \u0130letim gazetesi, Radyo \u0130leti\u015fim, \u0130\u00dcWEBTV ve Ajans \u0130stanbul \u0130leti\u015fim gibi \u00e7ok \u00f6nemli uygulama birimleri var. T\u00fcm \u00f6\u011frencilerimiz \u00f6\u011frencilik hayatlar\u0131 boyunca buralarda g\u00f6rev al\u0131p, b\u00f6l\u00fcm fark etmeksizin \u00fcretimde bulunabiliyorlar. Derslerde \u00f6\u011frendikleri bilgileri uygulama birimlerimizde prati\u011fe d\u00f6kerek kendilerini geli\u015ftirebiliyorlar\u201d dedi.<\/p>\n<p>\u0130leti\u015fim Fak\u00fcltesi\u2019nde hem ulusal hem de uluslararas\u0131 boyutta \u00e7ok \u00f6nemli etkinlikler d\u00fczenlendi\u011fini ve bu etkinliklere d\u00fcnya \u00e7ap\u0131nda uzmanlar\u0131n kat\u0131l\u0131m g\u00f6sterdi\u011fini dile getiren Prof. Dr. Yolcu, International Symposium of New Media from the Past to the Future, Davos D\u00fcnya \u0130leti\u015fim Forumu \u0130stanbul, 14th Communication in the Millenium, Dijital \u00c7a\u011fda G\u00fcvenli\u011fin D\u00f6n\u00fc\u015f\u00fcm\u00fc ve Bir \u0130\u00e7 G\u00fcvenlik Akt\u00f6r\u00fc Olarak Polis Sempozyumu ve Kamu Diplomasisi Arac\u0131 Olarak T\u00fcrk Dizileri \u00c7al\u0131\u015ftay\u0131\u2019ndan \u00f6rnek verdi.<\/p>\n<p><strong>\u201c\u00d6\u011frencilerimizi Sekt\u00f6r Profesyonelleriyle Bulu\u015fturuyoruz\u201d<\/strong><\/p>\n<p>\u0130leti\u015fim Fak\u00fcltesi\u2019nde ayr\u0131ca \u00e7ok verimli k\u00fclt\u00fcrel ve sosyal etkinlikler d\u00fczenlediklerini vurgulayan Prof. Dr. Yolcu \u015fu \u015fekilde konu\u015ftu: \u201cFak\u00fcltemizde T\u00fcrk Sinemas\u0131 G\u00fcnleri d\u00fczenliyoruz. T\u00fcrk Sinemas\u0131 G\u00fcnleri\u2019ne T\u00fcrkan \u015eoray, H\u00fclya Ko\u00e7yi\u011fit, Dervi\u015f Zaim gibi sinemam\u0131z\u0131n \u00e7ok \u00f6nemli de\u011ferleri konuk olarak \u00f6\u011frencilerimizle bir araya geldiler. Kendi alan\u0131nda \u00f6nemli bir marka olan bir\u00e7ok sekt\u00f6r profesyonelini fak\u00fcltemizde a\u011f\u0131rlad\u0131k. \u00d6\u011frencilerimiz sekt\u00f6re at\u0131lmadan \u00f6nce, sekt\u00f6rle ilgili bir\u00e7ok deneyimi konuklar\u0131m\u0131zdan \u00f6\u011frenme f\u0131rsat\u0131 bulmu\u015f oldu. Fak\u00fcltemizde ayr\u0131ca \u00f6\u011frencilerimizin kendilerini geli\u015ftirmeleri i\u00e7in derslerin yan\u0131 s\u0131ra bir\u00e7ok \u00f6nemli at\u00f6lye ger\u00e7ekle\u015ftiriyoruz. Haber ve Sunuculuk At\u00f6lyeleri, G\u00fcnd\u00fcz Ku\u015fa\u011f\u0131 Yap\u0131mc\u0131l\u0131\u011f\u0131 At\u00f6lyesi, Senaryo Yazarl\u0131\u011f\u0131 At\u00f6lyesi, K\u0131sa Film At\u00f6lyesi bunlardan baz\u0131lar\u0131. \u0130stiyoruz ki; \u00f6\u011frencilerimiz ileti\u015fim s\u00fcre\u00e7lerine t\u00fcm boyutlar\u0131yla h\u00e2kim birer ileti\u015fimci olarak yeti\u015fsinler. Bu faaliyetlerimizi s\u00fcrd\u00fcrmeye her zaman devam edece\u011fiz.\u201d<\/p>\n<p><strong>\u201cDaha B\u00fcy\u00fck Ba\u015far\u0131lara \u0130mza Ataca\u011f\u0131m\u0131za \u0130nan\u0131yorum\u201d<\/strong><\/p>\n<p>Gelece\u011fin ileti\u015fimcilerini \u0130leti\u015fim Fak\u00fcltesi\u2019nin temel de\u011ferleri olan bilimsel \u00f6zg\u00fcrl\u00fck, kat\u0131l\u0131mc\u0131l\u0131k, \u015feffafl\u0131k, g\u00fcvenilirlik, topluma hizmet, yenilik\u00e7ilik, ya\u015fam hakk\u0131na sayg\u0131 ve etik de\u011ferler ile yeti\u015ftirme gayreti i\u00e7inde olduklar\u0131n\u0131 s\u00f6yleyen Prof. Dr. Yolcu, ifadelerini \u015fu \u015fekilde tamamlad\u0131: \u201cFak\u00fcltemizin kurulu\u015funun 69. y\u0131l\u0131nda, bu gayretimize ortak olan ve bize g\u00fc\u00e7 veren ba\u015fta \u00f6\u011frencilerimiz ve mezunlar\u0131m\u0131z olmak \u00fczere kurulu\u015fundan bug\u00fcne kadar sa\u011flad\u0131klar\u0131 katk\u0131larla \u0130stanbul \u00dcniversitesi \u0130leti\u015fim Fak\u00fcltesi\u2019ni bug\u00fcnk\u00fc noktaya getiren t\u00fcm \u00f6\u011fretim elemanlar\u0131m\u0131z\u0131, idari personelimizi kutluyor, gelecekte daha b\u00fcy\u00fck ba\u015far\u0131lara birlikte imza ataca\u011f\u0131m\u0131za inan\u0131yorum.\u201d<\/p>\n","protected":false},"excerpt":{"rendered":"<p>T\u00fcrkiye\u2019nin ileti\u015fim alan\u0131ndaki ilk, Nobel \u00f6d\u00fcll\u00fc tek fak\u00fcltesi olan \u0130stanbul \u00dcniversitesi \u0130leti\u015fim Fak\u00fcltesi 69. y\u0131l\u0131n\u0131 kutluyor. Kuruldu\u011fu g\u00fcnden bu yana bir\u00e7ok ilke imza atarak ileti\u015fim alan\u0131nda \u00f6nc\u00fc konumunda olan \u0130leti\u015fim Fak\u00fcltesi hakk\u0131nda, \u0130leti\u015fim Fak\u00fcltesi Dekan\u0131 Prof. Dr. Erg\u00fcn Yolcu de\u011ferlendirmelerde bulundu. Prof. Dr. Yolcu, ders programlar\u0131ndan Erasmus program\u0131na, \u0130leti\u015fim Fak\u00fcltesi&#8217;nin stratejik plan\u0131ndan fak\u00fclte b\u00fcnyesinde ger\u00e7ekle\u015ftirilen projelere kadar bir\u00e7ok konu hakk\u0131nda bilgi verdi.<\/p>\n","protected":false},"author":14,"featured_media":13490,"comment_status":"open","ping_status":"open","sticky":false,"template":"","format":"standard","meta":{"jnews-multi-image_gallery":[],"jnews_single_post":[],"jnews_primary_category":[],"jnews_social_meta":[],"jnews_override_counter":[],"footnotes":""},"categories":[178],"tags":[1276,40,1274,1273,1275,1272,1271,148],"class_list":["post-13488","post","type-post","status-publish","format-standard","has-post-thumbnail","hentry","category-fakultemizden","tag-ergun-yolcu-roportaj","tag-iletisim-fakultesi","tag-iletisim-fakultesi-69-yasinda","tag-iletisim-fakultesi-69-yili","tag-iletisim-fakultesi-ergun-yolcu","tag-iletisim-fakultesi-kurulus-yil-donumu","tag-iletisim-fakultesi-kurulusu","tag-istanbul-universitesi-iletisim-fakultesi"],"_links":{"self":[{"href":"https:\/\/iletim.istanbul.edu.tr\/index.php\/wp-json\/wp\/v2\/posts\/13488","targetHints":{"allow":["GET"]}}],"collection":[{"href":"https:\/\/iletim.istanbul.edu.tr\/index.php\/wp-json\/wp\/v2\/posts"}],"about":[{"href":"https:\/\/iletim.istanbul.edu.tr\/index.php\/wp-json\/wp\/v2\/types\/post"}],"author":[{"embeddable":true,"href":"https:\/\/iletim.istanbul.edu.tr\/index.php\/wp-json\/wp\/v2\/users\/14"}],"replies":[{"embeddable":true,"href":"https:\/\/iletim.istanbul.edu.tr\/index.php\/wp-json\/wp\/v2\/comments?post=13488"}],"version-history":[{"count":0,"href":"https:\/\/iletim.istanbul.edu.tr\/index.php\/wp-json\/wp\/v2\/posts\/13488\/revisions"}],"wp:featuredmedia":[{"embeddable":true,"href":"https:\/\/iletim.istanbul.edu.tr\/index.php\/wp-json\/wp\/v2\/media\/13490"}],"wp:attachment":[{"href":"https:\/\/iletim.istanbul.edu.tr\/index.php\/wp-json\/wp\/v2\/media?parent=13488"}],"wp:term":[{"taxonomy":"category","embeddable":true,"href":"https:\/\/iletim.istanbul.edu.tr\/index.php\/wp-json\/wp\/v2\/categories?post=13488"},{"taxonomy":"post_tag","embeddable":true,"href":"https:\/\/iletim.istanbul.edu.tr\/index.php\/wp-json\/wp\/v2\/tags?post=13488"}],"curies":[{"name":"wp","href":"https:\/\/api.w.org\/{rel}","templated":true}]}}