{"id":14684,"date":"2021-02-19T09:22:19","date_gmt":"2021-02-19T06:22:19","guid":{"rendered":"https:\/\/iletim.istanbul.edu.tr\/?p=14684"},"modified":"2021-02-19T09:22:20","modified_gmt":"2021-02-19T06:22:20","slug":"fakultemizin-bilimsel-calismalar-dizisi-devam-ediyor","status":"publish","type":"post","link":"https:\/\/iletim.istanbul.edu.tr\/index.php\/2021\/02\/19\/fakultemizin-bilimsel-calismalar-dizisi-devam-ediyor\/","title":{"rendered":"Fak\u00fcltemizin \u201cBilimsel \u00c7al\u0131\u015fmalar Dizisi\u201d Devam Ediyor"},"content":{"rendered":"\n<p><strong>T\u00fcrkiye\u2019nin ilk \u0130leti\u015fim Fak\u00fcltesi olarak 70 y\u0131ll\u0131k bilimsel birikimimizi kamuoyu ile payla\u015fmay\u0131 s\u00fcrd\u00fcr\u00fcyoruz. Bilimsel Projeler Dizisi sunumlar\u0131nda bu hafta Prof. Dr. Hasan Akbulut\u2019un y\u00fcr\u00fct\u00fcc\u00fcl\u00fc\u011f\u00fcn\u00fc yapt\u0131\u011f\u0131 T\u00dcB\u0130TAK destekli \u201cK\u00fclt\u00fcrel ve Toplumsal Bir Pratik Olarak Sinemaya Gitmek: T\u00fcrkiye\u2019de Sinema Deneyimleri \u00dczerine Bir S\u00f6zl\u00fc Tarih \u00c7al\u0131\u015fmas\u0131\u201d projesinin detaylar\u0131 anlat\u0131lacak.<\/strong><\/p>\n\n\n\n<p>\u00d6zel sekt\u00f6re kazand\u0131rd\u0131\u011f\u0131 insan g\u00fcc\u00fcn\u00fcn yan\u0131 s\u0131ra akademiye kazand\u0131rd\u0131\u011f\u0131 bilgi birikimi ile \u00f6ne \u00e7\u0131kan \u0130stanbul \u00dcniversitesi \u0130leti\u015fim Fak\u00fcltesi\u2019nin yeni nesil ara\u015ft\u0131rmac\u0131lara ilham vermek ve g\u00fcncel bilim d\u00fcnyas\u0131n\u0131 daha iyi okuyabilmelerini sa\u011flama amac\u0131yla ba\u015flatt\u0131\u011f\u0131 Bilimsel Projeler Dizisi \u00fc\u00e7\u00fcnc\u00fc sunumuyla devam ediyor.<\/p>\n\n\n\n<p>25 \u015eubat\u2019ta Zoom \u00fczerinden ger\u00e7ekle\u015fecek sunumda Prof, Dr. Hasan Akbulut\u2019un y\u00fcr\u00fct\u00fcc\u00fcl\u00fc\u011f\u00fcn\u00fc yapt\u0131\u011f\u0131 \u201cK\u00fclt\u00fcrel ve Toplumsal Bir Pratik Olarak Sinemaya Gitmek: T\u00fcrkiye\u2019de Sinema Deneyimleri \u00dczerine Bir S\u00f6zl\u00fc Tarih \u00c7al\u0131\u015fmas\u0131\u201d ba\u015fl\u0131kl\u0131 T\u00dcB\u0130TAK destekli projenin detaylar\u0131 anlat\u0131lacak.<\/p>\n\n\n\n<p><strong>Ara\u015ft\u0131rmac\u0131lar Mek\u00e2nsal ve Tarihsel Perspektifte \u0130nceleme Yapt\u0131<\/strong><\/p>\n\n\n\n<p>Sunumda proje y\u00fcr\u00fct\u00fcc\u00fcs\u00fc Prof. Dr. Hasan Akbulut ile birlikte ara\u015ft\u0131rmac\u0131lar Prof. Dr. Emine U\u00e7ar \u0130lbu\u011fa, Dr. \u00d6\u011fr. \u00dcyesi Mert G\u00fcrer ve doktora \u00f6\u011frencisi Arda Kaya konu\u015fmac\u0131 olarak yer alacak.<\/p>\n\n\n\n<p>\u201cK\u00fclt\u00fcrel ve Toplumsal Bir Pratik Olarak Sinemaya Gitmek: T\u00fcrkiye\u2019de Sinema Deneyimleri \u00dczerine Bir S\u00f6zl\u00fc Tarih \u00c7al\u0131\u015fmas\u0131\u201d ba\u015fl\u0131\u011f\u0131n\u0131 ta\u015f\u0131yan projeye dair Prof. Dr. Hasan Akbulut \u201cBir Anlat\u0131 ve Deneyim Olarak Sinemaya Gitmek\u201d , Prof. Dr. Emine U\u00e7ar \u0130lbu\u011fa \u201cAntalya\u2019da Sinema Deneyimleri\u201d , Dr. \u00d6\u011fretim \u00dcyesi Mert G\u00fcrer \u201cKent-Sanayii \u00c7evresinde Kocaeli\u2019ndeki Seyirci Deneyimleri\u201d ve doktora \u00f6\u011frencisi Arda Kaya \u201c1960&#8217;l\u0131 ve 1970&#8217;li Y\u0131llarda Sinemaya Gitmek: Toplumsalla\u015fma Mek\u00e2n\u0131 Olarak Sinema Salonlar\u0131\u201d ba\u015fl\u0131klar\u0131nda konu\u015fmalar\u0131n\u0131 ger\u00e7ekle\u015ftirecek.<\/p>\n\n\n\n<p>Bilimsel Projeler Dizisi kapsam\u0131nda iki haftal\u0131k aral\u0131klarla akademisyen ve \u00f6\u011frencilerin kat\u0131l\u0131m\u0131nda projelere dair detaylar ve \u00e7\u0131kt\u0131lar \u00fczerinde duruluyor, sorular ve gelecek projeler i\u00e7in \u00f6neriler al\u0131n\u0131yor.<\/p>\n\n\n\n<p><strong>Etkinlik Ba\u015fl\u0131\u011f\u0131:<\/strong> Bilimsel Projeler Dizisi<\/p>\n\n\n\n<p><strong>Sunum Ba\u015fl\u0131\u011f\u0131:<\/strong> \u201cK\u00fclt\u00fcrel ve Toplumsal Bir Pratik Olarak Sinemaya Gitmek: T\u00fcrkiye\u2019de Sinema Deneyimleri \u00dczerine Bir S\u00f6zl\u00fc Tarih \u00c7al\u0131\u015fmas\u0131\u201d<\/p>\n\n\n\n<p><strong>Konu\u015fmac\u0131lar:<\/strong><\/p>\n\n\n\n<p>Prof. Dr. Hasan Akbulut \u2013 \u0130\u00dc \u0130leti\u015fim Fak\u00fcltesi Radyo, TV ve Sinema B\u00f6l\u00fcm\u00fc \u00d6\u011fretim \u00dcyesi<\/p>\n\n\n\n<p>Prof. Dr. Emine U\u00e7ar \u0130lbu\u011fa &#8211; Akdeniz \u00dcni. \u0130leti\u015fim Fak\u00fcltesi Radyo, TV ve Sinema B\u00f6l\u00fcm\u00fc \u00d6\u011fretim \u00dcyesi<\/p>\n\n\n\n<p>Dr. \u00d6\u011fr. \u00dcyesi Mert G\u00fcrer &#8211; Kocaeli \u00dcniversitesi \u0130leti\u015fim Fak\u00fcltesi Radyo, TV ve Sinema B\u00f6l\u00fcm\u00fc \u00d6\u011fretim \u00dcyesi<\/p>\n\n\n\n<p>Arda Kaya &#8211; \u0130stanbul \u00dcniversitesi SBE, RTS Anabilim Dal\u0131 Doktora \u00d6\u011frencisi \/ Proje Bursiyeri<\/p>\n\n\n\n<p><strong>Tarih\/Saat:<\/strong> 25 \u015eubat 2021 \u2013 13:00<\/p>\n\n\n\n<p><strong>Canl\u0131 Yay\u0131n \u0130\u00e7in;<\/strong><\/p>\n\n\n\n<p>Zoom Meeting ID: 913 9358 2276<\/p>\n\n\n\n<p>\u0130\u00fcwebtv Youtube Kanal\u0131<\/p>\n","protected":false},"excerpt":{"rendered":"<p>T\u00fcrkiye\u2019nin ilk \u0130leti\u015fim Fak\u00fcltesi olarak 70 y\u0131ll\u0131k bilimsel birikimimizi kamuoyu ile payla\u015fmay\u0131 s\u00fcrd\u00fcr\u00fcyoruz. Bilimsel Projeler Dizisi sunumlar\u0131nda bu hafta Prof. Dr. Hasan Akbulut\u2019un y\u00fcr\u00fct\u00fcc\u00fcl\u00fc\u011f\u00fcn\u00fc yapt\u0131\u011f\u0131 T\u00dcB\u0130TAK destekli \u201cK\u00fclt\u00fcrel ve Toplumsal Bir Pratik Olarak Sinemaya Gitmek: T\u00fcrkiye\u2019de Sinema Deneyimleri \u00dczerine Bir S\u00f6zl\u00fc Tarih \u00c7al\u0131\u015fmas\u0131\u201d projesinin detaylar\u0131 anlat\u0131lacak. \u00d6zel sekt\u00f6re kazand\u0131rd\u0131\u011f\u0131 insan g\u00fcc\u00fcn\u00fcn yan\u0131 s\u0131ra akademiye kazand\u0131rd\u0131\u011f\u0131 [&hellip;]<\/p>\n","protected":false},"author":14,"featured_media":14685,"comment_status":"open","ping_status":"open","sticky":false,"template":"","format":"standard","meta":{"jnews-multi-image_gallery":[],"jnews_single_post":[],"jnews_primary_category":[],"jnews_social_meta":[],"jnews_override_counter":[],"footnotes":""},"categories":[24,178],"tags":[],"class_list":["post-14684","post","type-post","status-publish","format-standard","has-post-thumbnail","hentry","category-bilim","category-fakultemizden"],"_links":{"self":[{"href":"https:\/\/iletim.istanbul.edu.tr\/index.php\/wp-json\/wp\/v2\/posts\/14684","targetHints":{"allow":["GET"]}}],"collection":[{"href":"https:\/\/iletim.istanbul.edu.tr\/index.php\/wp-json\/wp\/v2\/posts"}],"about":[{"href":"https:\/\/iletim.istanbul.edu.tr\/index.php\/wp-json\/wp\/v2\/types\/post"}],"author":[{"embeddable":true,"href":"https:\/\/iletim.istanbul.edu.tr\/index.php\/wp-json\/wp\/v2\/users\/14"}],"replies":[{"embeddable":true,"href":"https:\/\/iletim.istanbul.edu.tr\/index.php\/wp-json\/wp\/v2\/comments?post=14684"}],"version-history":[{"count":0,"href":"https:\/\/iletim.istanbul.edu.tr\/index.php\/wp-json\/wp\/v2\/posts\/14684\/revisions"}],"wp:featuredmedia":[{"embeddable":true,"href":"https:\/\/iletim.istanbul.edu.tr\/index.php\/wp-json\/wp\/v2\/media\/14685"}],"wp:attachment":[{"href":"https:\/\/iletim.istanbul.edu.tr\/index.php\/wp-json\/wp\/v2\/media?parent=14684"}],"wp:term":[{"taxonomy":"category","embeddable":true,"href":"https:\/\/iletim.istanbul.edu.tr\/index.php\/wp-json\/wp\/v2\/categories?post=14684"},{"taxonomy":"post_tag","embeddable":true,"href":"https:\/\/iletim.istanbul.edu.tr\/index.php\/wp-json\/wp\/v2\/tags?post=14684"}],"curies":[{"name":"wp","href":"https:\/\/api.w.org\/{rel}","templated":true}]}}