{"id":14687,"date":"2021-02-19T17:40:24","date_gmt":"2021-02-19T14:40:24","guid":{"rendered":"https:\/\/iletim.istanbul.edu.tr\/?p=14687"},"modified":"2021-02-19T17:40:26","modified_gmt":"2021-02-19T14:40:26","slug":"yazili-basin-ve-gazetecilik-istanbul-iletisim-konusmalarinda-tartisiliyor","status":"publish","type":"post","link":"https:\/\/iletim.istanbul.edu.tr\/index.php\/2021\/02\/19\/yazili-basin-ve-gazetecilik-istanbul-iletisim-konusmalarinda-tartisiliyor\/","title":{"rendered":"Yaz\u0131l\u0131 Bas\u0131n ve Gazetecilik \u0130stanbul \u0130leti\u015fim Konu\u015fmalar\u0131\u2019nda Tart\u0131\u015f\u0131l\u0131yor"},"content":{"rendered":"\n<p><strong>Fak\u00fcltemiz \u00f6\u011frencilerinin sekt\u00f6r temsilcileri ile bir araya geldi\u011fi ve mesleki geli\u015fimlerine dair sorular\u0131n\u0131 y\u00f6nelttikleri \u0130stanbul \u0130leti\u015fim Konu\u015fmalar\u0131 devam ediyor. \u00d6\u011frencilerin yo\u011fun ilgi g\u00f6sterdi\u011fi etkinli\u011fin konu\u011fu bu kez H\u00fcrriyet Gazetesi \u0130stihbarat M\u00fcd\u00fcr\u00fc Celal Korkut olacak.<\/strong><\/p>\n\n\n\n<p>\u0130stanbul \u0130leti\u015fim Konu\u015fmalar\u0131\u2019nda bu hafta gazetecilik mesle\u011fi ve yaz\u0131l\u0131 bas\u0131n\u0131n g\u00fcn\u00fcm\u00fczdeki durumu masaya yat\u0131r\u0131lacak. Moderat\u00f6rl\u00fc\u011f\u00fcn\u00fc \u0130stanbul \u00dcniversitesi \u0130leti\u015fim Fak\u00fcltesi Gazetecilik B\u00f6l\u00fcm\u00fc\u2019nden Dr. \u00d6\u011fr. \u00dcyesi H\u00fclya Semiz T\u00fcrko\u011flu\u2019nun \u00fcstlenece\u011fi etkinli\u011fe konuk olacak Celal Korkut, gazeteci aday\u0131 gen\u00e7 ileti\u015fimcilere meslek yolculu\u011funu anlat\u0131p g\u00fcncel gazetecili\u011fe dair bilgiler verecek.<\/p>\n\n\n\n<p>Gazetecilik ba\u015fta olmak \u00fczere bas\u0131n faaliyetlerinin \u00e7ok b\u00fcy\u00fck bir k\u0131sm\u0131n\u0131n dijital ortamda y\u00fcr\u00fct\u00fcl\u00fcyor olmas\u0131 yaz\u0131l\u0131 bas\u0131n\u0131n bug\u00fcn\u00fc ve gelece\u011fi hakk\u0131nda konu\u015fmay\u0131, \u00f6n g\u00f6r\u00fclerde bulunup planlama yapmay\u0131 zorunlu k\u0131l\u0131yor. Sekt\u00f6r\u00fcn deneyimli isimlerinden olan Celal Korkut, yaz\u0131l\u0131 bas\u0131n\u0131n d\u00fcnden bug\u00fcne ge\u00e7irdi\u011fi de\u011fi\u015fime sahada tan\u0131kl\u0131k etmi\u015f bir profesyonel olarak deneyimlerini anlatacak.<\/p>\n\n\n\n<p><strong>Gazetecilik Nereye Gidiyor?<\/strong><\/p>\n\n\n\n<p>Akademisyenler, alan \u00fczerine \u00e7al\u0131\u015fan ara\u015ft\u0131rmac\u0131lar ve mesle\u011fi icra etmekte olan gazeteciler bu soruya cevap aramaya devam ediyor. Ancak g\u00f6r\u00fcnen o ki dijitalle\u015fme bu sorunun cevab\u0131n\u0131n s\u00fcrekli g\u00fcncellenmesine neden olacak.<\/p>\n\n\n\n<p>Mecralar \u00e7e\u015fitleniyor olsa dahi gazetecilik mesle\u011fi temel dinamiklerini korumay\u0131 s\u00fcrd\u00fcr\u00fcyor. Gazeteci Celal Korkut s\u00f6z konusu dinamiklere de\u011finerek gazeteci aday\u0131 gen\u00e7 ileti\u015fimcilere \u00f6nerilerde bulunacak.<\/p>\n\n\n\n<p>Zoom \u00fczerinden ger\u00e7ekle\u015fecek etkinlik ayn\u0131 zamanda \u0130\u00dcWEBTV \u00fczerinden de canl\u0131 olarak yay\u0131nlanacak.<\/p>\n\n\n\n<p>Etkinlik Ba\u015fl\u0131\u011f\u0131: G\u00fcn\u00fcm\u00fczde Yaz\u0131l\u0131 Bas\u0131n ve Gazetecilik<\/p>\n\n\n\n<p>Tarih\/Saat: 24 \u015eubat 2021 \/ 14.00<\/p>\n\n\n\n<p>Moderat\u00f6r: Dr. \u00d6\u011fr. \u00dcyesi H\u00fclya Semiz T\u00fcrko\u011flu<\/p>\n\n\n\n<p>Konuk: Celal Korkut \u2013 H\u00fcrriyet Gazetesi \u0130stihbarat M\u00fcd\u00fcr\u00fc<\/p>\n\n\n\n<p>Canl\u0131 Yay\u0131n \u0130\u00e7in;<\/p>\n\n\n\n<p>Zoom Meeting ID: 964 7240 1583<\/p>\n\n\n\n<p>\u0130\u00fcwebtv Youtube Kanal\u0131<\/p>\n","protected":false},"excerpt":{"rendered":"<p>Fak\u00fcltemiz \u00f6\u011frencilerinin sekt\u00f6r temsilcileri ile bir araya geldi\u011fi ve mesleki geli\u015fimlerine dair sorular\u0131n\u0131 y\u00f6nelttikleri \u0130stanbul \u0130leti\u015fim Konu\u015fmalar\u0131 devam ediyor. \u00d6\u011frencilerin yo\u011fun ilgi g\u00f6sterdi\u011fi etkinli\u011fin konu\u011fu bu kez H\u00fcrriyet Gazetesi \u0130stihbarat M\u00fcd\u00fcr\u00fc Celal Korkut olacak. \u0130stanbul \u0130leti\u015fim Konu\u015fmalar\u0131\u2019nda bu hafta gazetecilik mesle\u011fi ve yaz\u0131l\u0131 bas\u0131n\u0131n g\u00fcn\u00fcm\u00fczdeki durumu masaya yat\u0131r\u0131lacak. Moderat\u00f6rl\u00fc\u011f\u00fcn\u00fc \u0130stanbul \u00dcniversitesi \u0130leti\u015fim Fak\u00fcltesi Gazetecilik B\u00f6l\u00fcm\u00fc\u2019nden [&hellip;]<\/p>\n","protected":false},"author":14,"featured_media":14688,"comment_status":"open","ping_status":"open","sticky":false,"template":"","format":"standard","meta":{"jnews-multi-image_gallery":[],"jnews_single_post":[],"jnews_primary_category":[],"jnews_social_meta":[],"jnews_override_counter":[],"footnotes":""},"categories":[1],"tags":[],"class_list":["post-14687","post","type-post","status-publish","format-standard","has-post-thumbnail","hentry","category-genel"],"_links":{"self":[{"href":"https:\/\/iletim.istanbul.edu.tr\/index.php\/wp-json\/wp\/v2\/posts\/14687","targetHints":{"allow":["GET"]}}],"collection":[{"href":"https:\/\/iletim.istanbul.edu.tr\/index.php\/wp-json\/wp\/v2\/posts"}],"about":[{"href":"https:\/\/iletim.istanbul.edu.tr\/index.php\/wp-json\/wp\/v2\/types\/post"}],"author":[{"embeddable":true,"href":"https:\/\/iletim.istanbul.edu.tr\/index.php\/wp-json\/wp\/v2\/users\/14"}],"replies":[{"embeddable":true,"href":"https:\/\/iletim.istanbul.edu.tr\/index.php\/wp-json\/wp\/v2\/comments?post=14687"}],"version-history":[{"count":0,"href":"https:\/\/iletim.istanbul.edu.tr\/index.php\/wp-json\/wp\/v2\/posts\/14687\/revisions"}],"wp:featuredmedia":[{"embeddable":true,"href":"https:\/\/iletim.istanbul.edu.tr\/index.php\/wp-json\/wp\/v2\/media\/14688"}],"wp:attachment":[{"href":"https:\/\/iletim.istanbul.edu.tr\/index.php\/wp-json\/wp\/v2\/media?parent=14687"}],"wp:term":[{"taxonomy":"category","embeddable":true,"href":"https:\/\/iletim.istanbul.edu.tr\/index.php\/wp-json\/wp\/v2\/categories?post=14687"},{"taxonomy":"post_tag","embeddable":true,"href":"https:\/\/iletim.istanbul.edu.tr\/index.php\/wp-json\/wp\/v2\/tags?post=14687"}],"curies":[{"name":"wp","href":"https:\/\/api.w.org\/{rel}","templated":true}]}}