{"id":14698,"date":"2021-02-24T17:47:58","date_gmt":"2021-02-24T14:47:58","guid":{"rendered":"https:\/\/iletim.istanbul.edu.tr\/?p=14698"},"modified":"2021-02-24T17:48:29","modified_gmt":"2021-02-24T14:48:29","slug":"yazili-basin-ve-gazetecilik-istanbul-iletisim-konusmalarinda-tartisildi","status":"publish","type":"post","link":"https:\/\/iletim.istanbul.edu.tr\/index.php\/2021\/02\/24\/yazili-basin-ve-gazetecilik-istanbul-iletisim-konusmalarinda-tartisildi\/","title":{"rendered":"Yaz\u0131l\u0131 Bas\u0131n ve Gazetecilik \u0130stanbul \u0130leti\u015fim Konu\u015fmalar\u0131\u2019nda Tart\u0131\u015f\u0131ld\u0131"},"content":{"rendered":"\n<p><strong>\u00d6\u011frencilerimizin sekt\u00f6r\u00fcn deneyimli isimleri ile bir araya geldi\u011fi \u0130stanbul \u0130leti\u015fim Konu\u015fmalar\u0131 devam ediyor. Dr. \u00d6\u011fr. \u00dcyesi H\u00fclya Semiz T\u00fcrko\u011flu\u2019nun moderat\u00f6rl\u00fc\u011f\u00fcnde ger\u00e7ekle\u015fen \u201cG\u00fcn\u00fcm\u00fczde Yaz\u0131l\u0131 Bas\u0131n ve Gazetecilik\u201d ba\u015fl\u0131kl\u0131 etkinli\u011fe akademisyenler ve \u00f6\u011frenciler yo\u011fun ilgi g\u00f6sterdi.<\/strong><\/p>\n\n\n\n<p>\u0130stanbul \u00dcniversitesi \u0130leti\u015fim Fak\u00fcltesi\u2019nin \u00f6\u011frencilerin mesleki geli\u015fimine odaklanan vizyonunun bir yans\u0131mas\u0131 olan \u0130stanbul \u0130leti\u015fim Konu\u015fmalar\u0131, sekt\u00f6r\u00fcn nabz\u0131n\u0131 tutmay\u0131 s\u00fcrd\u00fcr\u00fcyor. Etkinli\u011fe bu hafta H\u00fcrriyet Gazetesi \u0130stihbarat M\u00fcd\u00fcr\u00fc Celal Korkut konuk oldu.<\/p>\n\n\n\n<p>Moderat\u00f6rl\u00fc\u011f\u00fcn\u00fc Gazetecilik b\u00f6l\u00fcm\u00fcnden Dr. \u00d6\u011fr. \u00dcyesi H\u00fclya Semiz T\u00fcrko\u011flu\u2019nun \u00fcstlendi\u011fi etkinlikte Celal Korkut, yaz\u0131l\u0131 bas\u0131n\u0131n ve gazetecilik mesle\u011finin g\u00fcncel durumunu de\u011ferlendirip \u00f6\u011frencilere tavsiyeler verdi.<\/p>\n\n\n\n<figure class=\"wp-block-image size-large\"><img decoding=\"async\" width=\"960\" height=\"540\" src=\"https:\/\/iletim.istanbul.edu.tr\/wp-content\/uploads\/1-3.png\" alt=\"\" class=\"wp-image-14700\" srcset=\"https:\/\/iletim.istanbul.edu.tr\/wp-content\/uploads\/1-3.png 960w, https:\/\/iletim.istanbul.edu.tr\/wp-content\/uploads\/1-3-300x169.png 300w\" sizes=\"(max-width: 960px) 100vw, 960px\" \/><\/figure>\n\n\n\n<p>Muhabirin g\u00f6revinin sadece olay yerine gidip haberi toplamak de\u011fil,&nbsp; onu farkl\u0131 bir \u015fekilde sunmak ve i\u00e7indeki \u00f6zel noktay\u0131 yakalamak oldu\u011funu belirtti. Rutin bir haberden dahi g\u00fcndem olabilecek&nbsp; bir haber \u00e7\u0131kar\u0131labilece\u011fini ifade eden Korkut, haberi asl\u0131nda muhabirin olu\u015fturdu\u011funa dikkat \u00e7ekti. Haberle\u015ftirilecek bilginin kesinlikle farkl\u0131 kaynaklardan do\u011frulanmas\u0131 gerekti\u011fine \u00f6zellikle vurgu yapt\u0131.<\/p>\n\n\n\n<p>\u0130\u015f bulma kayg\u0131s\u0131na y\u00f6nelik sorular\u0131 da cevaplayan Korkut \u201cmutlaka bir yerden ba\u015flamal\u0131s\u0131n\u0131z, staj yapt\u0131\u011f\u0131n\u0131z yerde kal\u0131c\u0131 olmaya \u00e7al\u0131\u015f\u0131n, fark yarat\u0131n ve aranan ki\u015fi olun\u201d diyerek mesle\u011fe at\u0131lman\u0131n \u00f6nemi \u00fczerinde durdu.<\/p>\n\n\n\n<p>\u0130stanbul \u0130leti\u015fim Konu\u015fmalar\u0131 her \u00c7ar\u015famba sekt\u00f6r temsilcilerini \u0130leti\u015fim Fak\u00fcltesi \u00f6\u011frencileri ile bulu\u015fturmaya devam edecek. Zoom \u00fczerinden ger\u00e7ekle\u015fecek etkinlikler ayn\u0131 zamanda \u0130\u00dcWEBTV \u00fczerinden de canl\u0131 olarak yay\u0131nlanacak.<\/p>\n\n\n\n<p>Etkinli\u011fin tamam\u0131n\u0131 a\u015fa\u011f\u0131daki linke t\u0131klayarak izleyebilirsiniz:<\/p>\n\n\n\n<figure class=\"wp-block-embed-youtube wp-block-embed is-type-video is-provider-youtube wp-embed-aspect-16-9 wp-has-aspect-ratio\"><div class=\"wp-block-embed__wrapper\">\nhttps:\/\/youtu.be\/uZQUPn68Uz8\n<\/div><\/figure>\n","protected":false},"excerpt":{"rendered":"<p>\u00d6\u011frencilerimizin sekt\u00f6r\u00fcn deneyimli isimleri ile bir araya geldi\u011fi \u0130stanbul \u0130leti\u015fim Konu\u015fmalar\u0131 devam ediyor. Dr. \u00d6\u011fr. \u00dcyesi H\u00fclya Semiz T\u00fcrko\u011flu\u2019nun moderat\u00f6rl\u00fc\u011f\u00fcnde ger\u00e7ekle\u015fen \u201cG\u00fcn\u00fcm\u00fczde Yaz\u0131l\u0131 Bas\u0131n ve Gazetecilik\u201d ba\u015fl\u0131kl\u0131 etkinli\u011fe akademisyenler ve \u00f6\u011frenciler yo\u011fun ilgi g\u00f6sterdi. \u0130stanbul \u00dcniversitesi \u0130leti\u015fim Fak\u00fcltesi\u2019nin \u00f6\u011frencilerin mesleki geli\u015fimine odaklanan vizyonunun bir yans\u0131mas\u0131 olan \u0130stanbul \u0130leti\u015fim Konu\u015fmalar\u0131, sekt\u00f6r\u00fcn nabz\u0131n\u0131 tutmay\u0131 s\u00fcrd\u00fcr\u00fcyor. Etkinli\u011fe bu [&hellip;]<\/p>\n","protected":false},"author":14,"featured_media":14699,"comment_status":"open","ping_status":"open","sticky":false,"template":"","format":"standard","meta":{"jnews-multi-image_gallery":[],"jnews_single_post":[],"jnews_primary_category":[],"jnews_social_meta":[],"jnews_override_counter":[],"footnotes":""},"categories":[1],"tags":[],"class_list":["post-14698","post","type-post","status-publish","format-standard","has-post-thumbnail","hentry","category-genel"],"_links":{"self":[{"href":"https:\/\/iletim.istanbul.edu.tr\/index.php\/wp-json\/wp\/v2\/posts\/14698","targetHints":{"allow":["GET"]}}],"collection":[{"href":"https:\/\/iletim.istanbul.edu.tr\/index.php\/wp-json\/wp\/v2\/posts"}],"about":[{"href":"https:\/\/iletim.istanbul.edu.tr\/index.php\/wp-json\/wp\/v2\/types\/post"}],"author":[{"embeddable":true,"href":"https:\/\/iletim.istanbul.edu.tr\/index.php\/wp-json\/wp\/v2\/users\/14"}],"replies":[{"embeddable":true,"href":"https:\/\/iletim.istanbul.edu.tr\/index.php\/wp-json\/wp\/v2\/comments?post=14698"}],"version-history":[{"count":0,"href":"https:\/\/iletim.istanbul.edu.tr\/index.php\/wp-json\/wp\/v2\/posts\/14698\/revisions"}],"wp:featuredmedia":[{"embeddable":true,"href":"https:\/\/iletim.istanbul.edu.tr\/index.php\/wp-json\/wp\/v2\/media\/14699"}],"wp:attachment":[{"href":"https:\/\/iletim.istanbul.edu.tr\/index.php\/wp-json\/wp\/v2\/media?parent=14698"}],"wp:term":[{"taxonomy":"category","embeddable":true,"href":"https:\/\/iletim.istanbul.edu.tr\/index.php\/wp-json\/wp\/v2\/categories?post=14698"},{"taxonomy":"post_tag","embeddable":true,"href":"https:\/\/iletim.istanbul.edu.tr\/index.php\/wp-json\/wp\/v2\/tags?post=14698"}],"curies":[{"name":"wp","href":"https:\/\/api.w.org\/{rel}","templated":true}]}}