{"id":14702,"date":"2021-02-25T20:11:11","date_gmt":"2021-02-25T17:11:11","guid":{"rendered":"https:\/\/iletim.istanbul.edu.tr\/?p=14702"},"modified":"2021-02-25T20:11:13","modified_gmt":"2021-02-25T17:11:13","slug":"bilimsel-etkinlikler-dizisinde-tubitak-tarafindan-kabul-edilen-ilk-sinema-projesi-konusuldu","status":"publish","type":"post","link":"https:\/\/iletim.istanbul.edu.tr\/index.php\/2021\/02\/25\/bilimsel-etkinlikler-dizisinde-tubitak-tarafindan-kabul-edilen-ilk-sinema-projesi-konusuldu\/","title":{"rendered":"Bilimsel Etkinlikler Dizisi\u2019nde T\u00dcB\u0130TAK Taraf\u0131ndan Kabul Edilen \u0130lk Sinema Projesi Konu\u015fuldu"},"content":{"rendered":"\n<p><strong>T\u00fcrkiye\u2019nin ilk \u0130leti\u015fim Fak\u00fcltesi olarak 70 y\u0131ll\u0131k bilimsel birikimimizi kamuoyu ile payla\u015fmay\u0131 s\u00fcrd\u00fcr\u00fcyoruz. Etkinlik serisinin \u00fc\u00e7\u00fcnc\u00fc sunumunda Prof. Dr. Hasan Akbulut\u2019un y\u00fcr\u00fct\u00fcc\u00fcl\u00fc\u011f\u00fcn\u00fc yapt\u0131\u011f\u0131 T\u00dcB\u0130TAK destekli \u201cK\u00fclt\u00fcrel ve Toplumsal Bir Pratik Olarak Sinemaya Gitmek: T\u00fcrkiye\u2019de Sinema Deneyimleri \u00dczerine Bir S\u00f6zl\u00fc Tarih \u00c7al\u0131\u015fmas\u0131\u201d projesinin detaylar\u0131 anlat\u0131ld\u0131.<\/strong><\/p>\n\n\n\n<p>\u00d6zel sekt\u00f6re kazand\u0131rd\u0131\u011f\u0131 insan g\u00fcc\u00fcn\u00fcn yan\u0131 s\u0131ra akademiye kazand\u0131rd\u0131\u011f\u0131 bilgi birikimi ile \u00f6ne \u00e7\u0131kan \u0130stanbul \u00dcniversitesi \u0130leti\u015fim Fak\u00fcltesi\u2019nin yeni nesil ara\u015ft\u0131rmac\u0131lara ilham vermek ve g\u00fcncel bilim d\u00fcnyas\u0131n\u0131 daha iyi okuyabilmelerini sa\u011flama amac\u0131yla ba\u015flatt\u0131\u011f\u0131 Bilimsel Projeler Dizisi\u2019nde \u00fc\u00e7\u00fcnc\u00fc sunum yap\u0131ld\u0131.<\/p>\n\n\n\n<p>\u201cK\u00fclt\u00fcrel ve Toplumsal Bir Pratik Olarak Sinemaya Gitmek: T\u00fcrkiye\u2019de Sinema Deneyimleri \u00dczerine Bir S\u00f6zl\u00fc Tarih \u00c7al\u0131\u015fmas\u0131\u201d ba\u015fl\u0131\u011f\u0131n\u0131 ta\u015f\u0131yan projenin y\u00fcr\u00fct\u00fcc\u00fcs\u00fc Prof. Dr. Hasan Akbulut \u201cBir Anlat\u0131 ve Deneyim Olarak Sinemaya Gitmek\u201d ; ara\u015ft\u0131rmac\u0131lar aras\u0131nda yer alan Prof. Dr. Emine U\u00e7ar \u0130lbu\u011fa \u201cAntalya\u2019da Sinema Deneyimleri\u201d , Dr. \u00d6\u011fretim \u00dcyesi Mert G\u00fcrer \u201cKent-Sanayii \u00c7evresinde Kocaeli\u2019ndeki Seyirci Deneyimleri\u201d ve doktora \u00f6\u011frencisi Arda Kaya \u201c1960&#8217;l\u0131 ve 1970&#8217;li Y\u0131llarda Sinemaya Gitmek: Toplumsalla\u015fma Mek\u00e2n\u0131 Olarak Sinema Salonlar\u0131\u201d ba\u015fl\u0131klar\u0131nda konu\u015fmalar\u0131n\u0131 ger\u00e7ekle\u015ftirdi.<\/p>\n\n\n\n<figure class=\"wp-block-image size-large\"><img decoding=\"async\" width=\"1024\" height=\"576\" src=\"https:\/\/iletim.istanbul.edu.tr\/wp-content\/uploads\/1-20-1024x576.jpg\" alt=\"\" class=\"wp-image-14708\" srcset=\"https:\/\/iletim.istanbul.edu.tr\/wp-content\/uploads\/1-20-1024x576.jpg 1024w, https:\/\/iletim.istanbul.edu.tr\/wp-content\/uploads\/1-20-300x169.jpg 300w, https:\/\/iletim.istanbul.edu.tr\/wp-content\/uploads\/1-20-1536x864.jpg 1536w, https:\/\/iletim.istanbul.edu.tr\/wp-content\/uploads\/1-20.jpg 1920w\" sizes=\"(max-width: 1024px) 100vw, 1024px\" \/><\/figure>\n\n\n\n<p><strong>&#8220;T\u00dcB\u0130TAK Taraf\u0131ndan Kabul Edilen \u0130lk Sinema Projesi&#8221;<\/strong><\/p>\n\n\n\n<p>Prof. Dr. Hasan Akbulut,\u00a0 s\u00f6z konusu \u00e7al\u0131\u015fman\u0131n T\u00dcB\u0130TAK taraf\u0131ndan sinema alan\u0131nda kabul edilen ilk proje oldu\u011funu ve buna \u00f6nc\u00fcl\u00fck etmekten mutluluk duydu\u011funu dile getirdi. \u00c7al\u0131\u015fmada yeni sinema tarihi e\u011filiminde seyircilerin g\u00f6r\u00fc\u015flerinin de \u00f6n plana \u00e7\u0131kar\u0131ld\u0131\u011f\u0131 belirtildi. Akbulut, Ye\u015fil\u00e7am\u2019\u0131n film \u00fcretimin ve sinemaya gitme eyleminin en yo\u011fun d\u00f6nem oldu\u011funu ve bunun da 1960-1980 aras\u0131 d\u00f6neme tekab\u00fcl etti\u011fini belirtti. Sineman\u0131n ba\u015fta devlet eliyle modernle\u015fmenin arac\u0131 olarak g\u00f6r\u00fcld\u00fc\u011f\u00fcn\u00fc sonras\u0131nda ise kitleler taraf\u0131ndan h\u0131zl\u0131 ve yo\u011fun bir \u015fekilde benimsendi\u011fini vurgulad\u0131. Akbulut , \u2018sinema o d\u00f6nemde insanlar\u0131n modernliklerini g\u00f6sterdikleri yer olarak tan\u0131mlanabilir. Bunun yan\u0131 s\u0131ra merkez ve ta\u015fra sinemas\u0131 ayr\u0131m\u0131 bariz bir bi\u00e7imde mevcut. Seyircinin deneyimlerini ve sinemaya kar\u015f\u0131 davran\u0131\u015f\u0131n\u0131 belirleyen bir\u00e7ok fakt\u00f6r\u00fcn oldu\u011funun alt\u0131n\u0131 \u00e7izen Akbulut, ba\u015flang\u0131\u00e7ta seyircinin se\u00e7ici de\u011filken daha sonra geli\u015fen farkl\u0131 durumlarla se\u00e7ici olma \u00f6zelli\u011fine b\u00fcr\u00fcnd\u00fc\u011f\u00fcn\u00fc s\u00f6yledi. Sinema ve modernlik aras\u0131nda b\u00fcy\u00fck bir ili\u015fki oldu\u011funu belirtti.<\/p>\n\n\n\n<figure class=\"wp-block-image size-large\"><img decoding=\"async\" width=\"1024\" height=\"576\" src=\"https:\/\/iletim.istanbul.edu.tr\/wp-content\/uploads\/4-17-1024x576.jpg\" alt=\"\" class=\"wp-image-14710\" srcset=\"https:\/\/iletim.istanbul.edu.tr\/wp-content\/uploads\/4-17-1024x576.jpg 1024w, https:\/\/iletim.istanbul.edu.tr\/wp-content\/uploads\/4-17-300x169.jpg 300w, https:\/\/iletim.istanbul.edu.tr\/wp-content\/uploads\/4-17-1536x864.jpg 1536w, https:\/\/iletim.istanbul.edu.tr\/wp-content\/uploads\/4-17.jpg 1920w\" sizes=\"(max-width: 1024px) 100vw, 1024px\" \/><\/figure>\n\n\n\n<p><strong>&#8220;Sinema Bireysel ve \u00d6zel Haz\u0131rl\u0131k Gerektirmeyen Bir Hal Ald\u0131&#8221;<\/strong><\/p>\n\n\n\n<p>Projede yer alan ara\u015ft\u0131rmac\u0131lardan Prof. Dr. Emine U\u00e7ar \u0130lbu\u011fa, filmlerin \u00e7ekildi\u011fi zamanlardaki ko\u015fullar\u0131n filmin \u00e7\u0131kt\u0131lar\u0131n\u0131 etkiledi\u011fini s\u00f6yledi. G\u00fcn\u00fcm\u00fczde film izleme pratiklerinin farkl\u0131la\u015ft\u0131\u011f\u0131n\u0131 ve uluslar ve uluslararas\u0131 sineman\u0131n i\u00e7 i\u00e7e girdi\u011fini belirten \u0130lbu\u011fa, insanlar\u0131n zaman\u0131nda sosyalle\u015fme ortam\u0131 olan sineman\u0131n bu \u00f6zelli\u011finin zamanla azald\u0131\u011f\u0131n\u0131 ancak varl\u0131\u011f\u0131n\u0131 s\u00fcrd\u00fcrmeye devam etti\u011fini belirtti. Bu \u00e7al\u0131\u015fmada ama\u00e7lar\u0131n\u0131n g\u00fcn\u00fcm\u00fcz ku\u015fa\u011f\u0131na ge\u00e7mi\u015fteki sinema ortam\u0131n\u0131 ve izleyici deneyimlerini aktarmak oldu\u011funu s\u00f6yleyerek; sineman\u0131n salt sinema de\u011fil ayn\u0131 zamanda erkekler ve kad\u0131nlara g\u00f6re farkl\u0131 i\u015flevleri oldu\u011funu, insanlar\u0131n farkl\u0131 ya\u015fam bi\u00e7imlerini tan\u0131d\u0131\u011f\u0131 ve birlikte olma olgusunu \u00f6n plana \u00e7\u0131kard\u0131\u011f\u0131n\u0131 vurgulad\u0131. G\u00fcn\u00fcm\u00fczde bu birliktelik y\u00f6nelimini yitiren sineman\u0131n bireysel ve art\u0131k \u00f6zel haz\u0131rl\u0131k gerektirmeyen bir i\u015f oldu\u011funu belirtti. G\u00fcn\u00fcm\u00fczde sineman\u0131n yaln\u0131zca t\u00fcketimin bir par\u00e7as\u0131 oldu\u011funu vurgulayan \u0130lbu\u011fa, insanlar\u0131n \u2019bug\u00fcn ekmek paras\u0131 de\u011fil sinema paras\u0131 kazand\u0131k \u2018 dedi\u011fini ifade etti. \u0130zleyicilerin sineman\u0131n o d\u00f6nemki toplumcu ger\u00e7ek\u00e7i i\u015flevini fark ederek bilin\u00e7lenip kendi hayatlar\u0131ndan par\u00e7alar buldu\u011funa da de\u011finen \u0130lbu\u011fa\u00a0 zamanla se\u00e7icili\u011fin olu\u015ftu\u011funu belirtti.<\/p>\n\n\n\n<figure class=\"wp-block-image size-large\"><img decoding=\"async\" width=\"1024\" height=\"576\" src=\"https:\/\/iletim.istanbul.edu.tr\/wp-content\/uploads\/5-14-1024x576.jpg\" alt=\"\" class=\"wp-image-14711\" srcset=\"https:\/\/iletim.istanbul.edu.tr\/wp-content\/uploads\/5-14-1024x576.jpg 1024w, https:\/\/iletim.istanbul.edu.tr\/wp-content\/uploads\/5-14-300x169.jpg 300w, https:\/\/iletim.istanbul.edu.tr\/wp-content\/uploads\/5-14-1536x864.jpg 1536w, https:\/\/iletim.istanbul.edu.tr\/wp-content\/uploads\/5-14.jpg 1920w\" sizes=\"(max-width: 1024px) 100vw, 1024px\" \/><\/figure>\n\n\n\n<p><strong>&#8220;Sinema Salonlar\u0131 Etkile\u015fim \u00d6nemli Etkile\u015fim Alanlar\u0131 Aras\u0131nda Yer Al\u0131yor&#8221;<\/strong><\/p>\n\n\n\n<p>Dr. \u00d6\u011fr. \u00dcyesi Mert G\u00fcrer, sineman\u0131n tamamen etkile\u015fim ve sosyalle\u015fme alan\u0131 oldu\u011funu belirtti. \u2018Toplulukla, aile aktivitesi olarak ve rit\u00fceller \u015feklinde olan sinema hem ta\u015fra hem de merkez insan\u0131 i\u00e7in g\u00fcndelik hayat\u0131n bir par\u00e7as\u0131\u2019 oldu\u011funu ifade eden G\u00fcrer, sinema salonlar\u0131n\u0131n tiyatro izlemekten milletvekillerinin halkla ileti\u015fim kurdu\u011fu yer olarak kullan\u0131m\u0131na kadar bir\u00e7ok i\u015flevinin oldu\u011funu vurgulad\u0131. O d\u00f6nemler izlenilecek filmler se\u00e7ilirken mesleki ve terbiyevi filmler olmas\u0131na \u00f6zen g\u00f6sterildi\u011fine dikkat \u00e7eken G\u00fcrer, zamanla sinemaya verilen \u00f6zenin yitirildi\u011fini s\u00f6yledi. Ayn\u0131 zamanda o d\u00f6nemlere ait bilgi ve belge birikiminin de az oldu\u011funu dile getirdi.<\/p>\n\n\n\n<p><strong>&#8220;Sinema Kad\u0131nlar \u0130\u00e7in Bir \u00d6zg\u00fcrle\u015fme Arac\u0131 \u0130\u015flevi G\u00f6rd\u00fc&#8221;<\/strong><\/p>\n\n\n\n<p>Projede bursiyer ara\u015ft\u0131rmac\u0131 olarak yer alan Arda Kaya sineman\u0131n kad\u0131nlar i\u00e7in \u00f6zg\u00fcrle\u015fme arac\u0131 oldu\u011funu belirtti ve sineman\u0131n o d\u00f6nemde bireylerin hayat\u0131nda merkez oldu\u011funu ifade etti. \u0130nsanlar\u0131n o d\u00f6neme ait en ufak detaylar\u0131 bile haf\u0131zalar\u0131nda diri tuttu\u011funu belirten Kaya, oyuncular\u0131n insanlar i\u00e7in birer kahraman haline d\u00f6n\u00fc\u015ft\u00fc\u011f\u00fcne dikkat \u00e7ekti.<\/p>\n\n\n\n<p>Bilimsel Projeler Dizisi kapsam\u0131nda iki haftal\u0131k aral\u0131klarla akademisyen ve \u00f6\u011frencilerin kat\u0131l\u0131m\u0131nda projelere dair detaylar ve \u00e7\u0131kt\u0131lar \u00fczerinde durulacak, sorular ve gelecek projeler i\u00e7in \u00f6neriler al\u0131nacak.<\/p>\n\n\n\n<p>Etkinli\u011fin tamam\u0131n\u0131 a\u015fa\u011f\u0131daki linke t\u0131klayarak izleyebilirsiniz:<\/p>\n\n\n\n<figure class=\"wp-block-embed-youtube wp-block-embed is-type-video is-provider-youtube wp-embed-aspect-16-9 wp-has-aspect-ratio\"><div class=\"wp-block-embed__wrapper\">\nhttps:\/\/www.youtube.com\/watch?v=z92t3IldH8s\n<\/div><\/figure>\n","protected":false},"excerpt":{"rendered":"<p>T\u00fcrkiye\u2019nin ilk \u0130leti\u015fim Fak\u00fcltesi olarak 70 y\u0131ll\u0131k bilimsel birikimimizi kamuoyu ile payla\u015fmay\u0131 s\u00fcrd\u00fcr\u00fcyoruz. Etkinlik serisinin \u00fc\u00e7\u00fcnc\u00fc sunumunda Prof. Dr. Hasan Akbulut\u2019un y\u00fcr\u00fct\u00fcc\u00fcl\u00fc\u011f\u00fcn\u00fc yapt\u0131\u011f\u0131 T\u00dcB\u0130TAK destekli \u201cK\u00fclt\u00fcrel ve Toplumsal Bir Pratik Olarak Sinemaya Gitmek: T\u00fcrkiye\u2019de Sinema Deneyimleri \u00dczerine Bir S\u00f6zl\u00fc Tarih \u00c7al\u0131\u015fmas\u0131\u201d projesinin detaylar\u0131 anlat\u0131ld\u0131. \u00d6zel sekt\u00f6re kazand\u0131rd\u0131\u011f\u0131 insan g\u00fcc\u00fcn\u00fcn yan\u0131 s\u0131ra akademiye kazand\u0131rd\u0131\u011f\u0131 bilgi birikimi [&hellip;]<\/p>\n","protected":false},"author":14,"featured_media":14709,"comment_status":"open","ping_status":"open","sticky":false,"template":"","format":"standard","meta":{"jnews-multi-image_gallery":[],"jnews_single_post":[],"jnews_primary_category":[],"jnews_social_meta":[],"jnews_override_counter":[],"footnotes":""},"categories":[24,178],"tags":[],"class_list":["post-14702","post","type-post","status-publish","format-standard","has-post-thumbnail","hentry","category-bilim","category-fakultemizden"],"_links":{"self":[{"href":"https:\/\/iletim.istanbul.edu.tr\/index.php\/wp-json\/wp\/v2\/posts\/14702","targetHints":{"allow":["GET"]}}],"collection":[{"href":"https:\/\/iletim.istanbul.edu.tr\/index.php\/wp-json\/wp\/v2\/posts"}],"about":[{"href":"https:\/\/iletim.istanbul.edu.tr\/index.php\/wp-json\/wp\/v2\/types\/post"}],"author":[{"embeddable":true,"href":"https:\/\/iletim.istanbul.edu.tr\/index.php\/wp-json\/wp\/v2\/users\/14"}],"replies":[{"embeddable":true,"href":"https:\/\/iletim.istanbul.edu.tr\/index.php\/wp-json\/wp\/v2\/comments?post=14702"}],"version-history":[{"count":0,"href":"https:\/\/iletim.istanbul.edu.tr\/index.php\/wp-json\/wp\/v2\/posts\/14702\/revisions"}],"wp:featuredmedia":[{"embeddable":true,"href":"https:\/\/iletim.istanbul.edu.tr\/index.php\/wp-json\/wp\/v2\/media\/14709"}],"wp:attachment":[{"href":"https:\/\/iletim.istanbul.edu.tr\/index.php\/wp-json\/wp\/v2\/media?parent=14702"}],"wp:term":[{"taxonomy":"category","embeddable":true,"href":"https:\/\/iletim.istanbul.edu.tr\/index.php\/wp-json\/wp\/v2\/categories?post=14702"},{"taxonomy":"post_tag","embeddable":true,"href":"https:\/\/iletim.istanbul.edu.tr\/index.php\/wp-json\/wp\/v2\/tags?post=14702"}],"curies":[{"name":"wp","href":"https:\/\/api.w.org\/{rel}","templated":true}]}}