{"id":14720,"date":"2021-03-02T17:44:48","date_gmt":"2021-03-02T14:44:48","guid":{"rendered":"https:\/\/iletim.istanbul.edu.tr\/?p=14720"},"modified":"2021-03-02T17:46:18","modified_gmt":"2021-03-02T14:46:18","slug":"istiklal-marsimizin-100-yilinda-milli-mucadele-ruhunu-tekrar-hatirlayacagiz","status":"publish","type":"post","link":"https:\/\/iletim.istanbul.edu.tr\/index.php\/2021\/03\/02\/istiklal-marsimizin-100-yilinda-milli-mucadele-ruhunu-tekrar-hatirlayacagiz\/","title":{"rendered":"\u0130stiklal Mar\u015f\u0131m\u0131z\u0131n 100.Y\u0131l\u0131nda Milli M\u00fccadele Ruhunu Tekrar Hat\u0131rlayaca\u011f\u0131z"},"content":{"rendered":"\n<p><strong>T\u00fcrkiye B\u00fcy\u00fck Millet Meclisi (TBMM) Genel Kurulu\u2019nda, 2021&#8217;in &#8220;\u0130stiklal Mar\u015f\u0131 Y\u0131l\u0131&#8221; olmas\u0131 ve y\u0131l boyunca t\u00fcm kamu kurum ve kurulu\u015flar\u0131 taraf\u0131ndan, milli mar\u015f\u0131n anlam\u0131n\u0131 ve Kurtulu\u015f Sava\u015f\u0131&#8217;n\u0131n \u00f6nemini anlatmak amac\u0131yla \u0130stiklal Mar\u015f\u0131&#8217;n\u0131n kabul\u00fc ve Mehmet Akif Ersoy&#8217;u anma etkinlikleri d\u00fczenlenmesi karar verilmi\u015fti. \u0130stanbul \u00dcniversitesi (\u0130\u00dc) Rekt\u00f6rl\u00fc\u011f\u00fc de bu do\u011frultuda harekete ge\u00e7erek bilimsel faaliyet \u00f6nerilerinin olu\u015fturulmas\u0131 ve ard\u0131ndan hayata ge\u00e7irilmesi i\u00e7in bir komisyon olu\u015fturdu. Koordinat\u00f6rl\u00fc\u011f\u00fcn\u00fc \u0130\u00dc Rekt\u00f6r Yard\u0131mc\u0131s\u0131 Prof. Dr. Haluk Alkan\u2019\u0131n \u00fcstlendi\u011fi komisyonda, \u0130leti\u015fim Fak\u00fcltesini temsilen Gazetecilik B\u00f6l\u00fcm\u00fc \u00d6\u011fretim \u00dcyesi Prof. Dr. Belk\u0131s Ulusoy Nalc\u0131o\u011flu, bulunuyor.<\/strong><\/p>\n\n\n\n<div class=\"wp-block-image\"><figure class=\"aligncenter size-large is-resized\"><img decoding=\"async\" src=\"https:\/\/iletim.istanbul.edu.tr\/wp-content\/uploads\/photo_2021-03-02_14-12-43.jpg\" alt=\"\" class=\"wp-image-14721\" width=\"282\" height=\"369\" srcset=\"https:\/\/iletim.istanbul.edu.tr\/wp-content\/uploads\/photo_2021-03-02_14-12-43.jpg 719w, https:\/\/iletim.istanbul.edu.tr\/wp-content\/uploads\/photo_2021-03-02_14-12-43-229x300.jpg 229w\" sizes=\"(max-width: 282px) 100vw, 282px\" \/><\/figure><\/div>\n\n\n\n<p><strong><em>Prof. Dr. Belk\u0131s Ulusoy Nalc\u0131o\u011flu: \u201cYurdu i\u015fgale u\u011fram\u0131\u015f T\u00fcrk insan\u0131n\u0131n y\u00fcre\u011finde hissettiklerine terc\u00fcman olarak yaz\u0131ya d\u00f6ken Milli \u015eairimiz Mehmed Akif vas\u0131tas\u0131yla Kurtulu\u015f Sava\u015f\u0131n\u0131n zor d\u00f6nemlerinde halk\u0131n bizzat verdi\u011fi hayatta kalma m\u00fccadelesini, g\u00fcc\u00fcn\u00fc, kararl\u0131l\u0131\u011f\u0131n\u0131, azmini ve eri\u015fti\u011fi inan\u0131lmaz zaferi bu vesileyle tekrar hat\u0131rlam\u0131\u015f ve hat\u0131rlatm\u0131\u015f olaca\u011f\u0131z. Hem gen\u00e7lerimize hem d\u00fcnyaya.\u201d<\/em><\/strong><\/p>\n\n\n\n<p>TBMM &nbsp;Genel Kurulu\u2019nda, TBMM Ba\u015fkan\u0131 Prof. Dr. Mustafa \u015eentop ve 5 siyasi partinin imzas\u0131yla sunulan ortak \u00f6nerge ve bunun kabul\u00fcyle 2021\u2019in \u201c\u0130stiklal Mar\u015f\u0131 Y\u0131l\u0131\u201d olmas\u0131n\u0131n ard\u0131ndan, \u00e7e\u015fitli devlet kurum ve kurulu\u015flar\u0131ndan konuyla ilgili bilimsel etkinlikler organize etmeleri y\u00f6n\u00fcnde Meclis\u2019ten gelen talep sonras\u0131 \u0130\u00dc Rekt\u00f6rl\u00fc\u011f\u00fcnce bir komisyon kuruldu\u011funu aktaran Prof. Dr. Ulusoy Nalc\u0131o\u011flu, \u201cKurumumuz da bu komisyonca ger\u00e7ekle\u015ftirilecek \u00e7e\u015fitli etkinlikler vas\u0131tas\u0131yla T\u00fcrk halk\u0131n\u0131n vatan\u0131n\u0131 emperyalist \u00fclkelerin i\u015fgal ve s\u00f6m\u00fcr\u00fcs\u00fcnden azat edebilmek i\u00e7in girdi\u011fi sava\u015fta, m\u00fccadelenin devam ettirilebilmesi i\u00e7in gereken manevi ve dolayl\u0131 olarak da maddi g\u00fcc\u00fc gerek yay\u0131n gerekse verdi\u011fi vaazlar, dolay\u0131s\u0131yla y\u00fcz y\u00fcze ileti\u015fim yoluyla desteklemek suretiyle m\u00fccadele alan\u0131n\u0131n tam ortas\u0131nda faaliyet y\u00fcr\u00fcten Milli \u015eairimiz Mehmed Akif\u2019i ve yine bu maksada hizmet i\u00e7in yazd\u0131\u011f\u0131 T\u00fcrk\u00fcn istiklaliyeti u\u011fruna verdi\u011fi destans\u0131 m\u00fccadeleyi kelimelere d\u00f6kerek sabitleyen milli mar\u015f\u0131 anmak yoluyla T\u00fcrkiye Cumhuriyeti\u2019nin ne denli zor \u015fartlarda kuruldu\u011funu yeniden hat\u0131rlamas\u0131na katk\u0131da bulunabilecek\u201d dedi.<\/p>\n\n\n\n<figure class=\"wp-block-image size-large\"><img decoding=\"async\" width=\"620\" height=\"414\" src=\"https:\/\/iletim.istanbul.edu.tr\/wp-content\/uploads\/photo_2021-03-02_14-12-47.jpg\" alt=\"\" class=\"wp-image-14722\" srcset=\"https:\/\/iletim.istanbul.edu.tr\/wp-content\/uploads\/photo_2021-03-02_14-12-47.jpg 620w, https:\/\/iletim.istanbul.edu.tr\/wp-content\/uploads\/photo_2021-03-02_14-12-47-300x200.jpg 300w\" sizes=\"(max-width: 620px) 100vw, 620px\" \/><\/figure>\n\n\n\n<p><strong>\u201cMehmed Akif\u2019in Gazeteci Kimli\u011fine Dikkat \u00c7ekmeyi Planl\u0131yoruz\u201d<\/strong><\/p>\n\n\n\n<p>\u0130stanbul \u00dcniversitesinin farkl\u0131 fak\u00fclte, merkez ve enstit\u00fclerince \u00e7e\u015fitli sempozyum, sergi ve etkinliklerin ger\u00e7ekle\u015fece\u011fini bildiren Prof. Dr. Ulusoy Nalc\u0131o\u011flu, \u0130leti\u015fim &nbsp;Fak\u00fcltesi olarak Nisan ay\u0131 i\u00e7erisinde \u201cGAZETEC\u0130 Y\u00d6N\u00dcYLE MEHMED AK\u0130F\u201d konulu bir panel ile May\u0131s ay\u0131 i\u00e7erisinde a\u00e7\u0131l\u0131\u015f\u0131 yap\u0131lmas\u0131 planlanan \u201cM\u0130LL\u0130 M\u00dcCADELE VE \u0130ST\u0130KLAL MAR\u015eI\u201d isimli bir sergi olaca\u011f\u0131n\u0131 s\u00f6yledi. Prof. Dr. Ulusoy Nalc\u0131o\u011flu, \u201cEyl\u00fcl ay\u0131 ortas\u0131na yeti\u015ftirmeyi d\u00fc\u015f\u00fcnd\u00fc\u011f\u00fcm\u00fcz, Mehmed Akif ve \u0130stiklal Mar\u015f\u0131 konulu 30 dakikal\u0131k bir kurmaca belgesel ile katk\u0131 sa\u011flamak hedefindeyiz. T\u00fcm bunlar i\u00e7in de \u00e7al\u0131\u015fmalar\u0131m\u0131z\u0131 s\u00fcrd\u00fcr\u00fcyoruz\u201d dedi. \u201cMehmed &nbsp;Akif her ne kadar ilk etapta \u00e7o\u011funlukla edebi y\u00f6n\u00fcyle ak\u0131llara gelen bir isimse de T\u00fcrk ve \u0130slam \u00e2leminde son derece \u00f6nemsenen, de\u011fer atfedilen bir dergi olan S\u0131rat-\u0131 M\u00fcstakim (daha sonra ismi Sebil\u00fcrre\u015fad olarak de\u011fi\u015ftirilmi\u015ftir) dergisinin de ba\u015fyazar\u0131d\u0131r\u201d diyen Prof. Dr. Ulusoy Nalc\u0131o\u011flu, bu dergiden \u00f6nce de Mehmet \u00c2kif Ersoy\u2019un farkl\u0131 mecmualarda yaz\u0131lar\u0131 ve eserlerinin \u00e7\u0131kt\u0131\u011f\u0131n\u0131, dolay\u0131s\u0131yla gazeteci kimli\u011fi de oldu\u011funu belirtti. Prof. Dr. Ulusoy Nalc\u0131o\u011flu, yap\u0131lacak olan \u00e7al\u0131\u015fmalarla ilgili \u015fu detaylara yer verdi: \u201c\u0130leti\u015fim Fak\u00fcltesi olarak kendisinin \u201cGazeteci\u201d kimli\u011fine dikkat \u00e7ekmeyi planlamaktay\u0131z ve Kurtulu\u015f Sava\u015f\u0131 s\u0131ras\u0131ndaki gazetecilik faaliyetlerine yo\u011funla\u015faca\u011f\u0131m\u0131z bir paneli Nisan ay\u0131 i\u00e7erinde ger\u00e7ekle\u015ftirmeyi d\u00fc\u015f\u00fcn\u00fcyoruz. May\u0131s ay\u0131nda a\u00e7\u0131l\u0131\u015f\u0131n\u0131 yapmak \u00fczere \u00e7al\u0131\u015fmalar\u0131na ba\u015flad\u0131\u011f\u0131m\u0131z \u201cBas\u0131nda Milli M\u00fccadele, Mehmed Akif ve \u0130stiklal Mar\u015f\u0131\u201d konulu sergide ise Kurtulu\u015f Sava\u015f\u0131 d\u00f6nemide ne\u015frolunmu\u015f \u0130stanbul ve Anadolu bas\u0131n\u0131ndan g\u00f6r\u00fcnt\u00fc ve Latinize edilmi\u015f halleriyle, \u0130stiklal Mar\u015f\u0131n\u0131n kabul\u00fc s\u00fcrecinin bas\u0131na yans\u0131mas\u0131, Mehmed Akif\u2019in Sebil\u00fcrre\u015fad dergisindeki yaz\u0131lar\u0131ndan \u00f6rneklerle Latinize edilmi\u015f hallerine yer verilmesi planlanmaktad\u0131r. Eyl\u00fcl ay\u0131 ortalar\u0131na yeti\u015ftirilmesi planlanan, Mehmed Akif\u2019in Kurtulu\u015f Sava\u015f\u0131 d\u00f6nemindeki faaliyetlerini ve bu arada \u0130stiklal Mar\u015f\u0131n\u0131n g\u00fcftesini olu\u015fturdu\u011fu s\u00fcreci konu alan 30 dakikal\u0131k bir kurmaca belgeselimizin haz\u0131rlanmas\u0131 s\u00f6z konusu olacak ki bununla ilgili \u00f6n haz\u0131rlar\u0131m\u0131z da ba\u015flam\u0131\u015f durumda.\u201d<\/p>\n\n\n\n<p><strong>Haber: Hande Nur Ocak<\/strong><\/p>\n","protected":false},"excerpt":{"rendered":"<p>T\u00fcrkiye B\u00fcy\u00fck Millet Meclisi (TBMM) Genel Kurulu\u2019nda, 2021&#8217;in &#8220;\u0130stiklal Mar\u015f\u0131 Y\u0131l\u0131&#8221; olmas\u0131 ve y\u0131l boyunca t\u00fcm kamu kurum ve kurulu\u015flar\u0131 taraf\u0131ndan, milli mar\u015f\u0131n anlam\u0131n\u0131 ve Kurtulu\u015f Sava\u015f\u0131&#8217;n\u0131n \u00f6nemini anlatmak amac\u0131yla \u0130stiklal Mar\u015f\u0131&#8217;n\u0131n kabul\u00fc ve Mehmet Akif Ersoy&#8217;u anma etkinlikleri d\u00fczenlenmesi karar verilmi\u015fti. \u0130stanbul \u00dcniversitesi (\u0130\u00dc) Rekt\u00f6rl\u00fc\u011f\u00fc de bu do\u011frultuda harekete ge\u00e7erek bilimsel faaliyet \u00f6nerilerinin olu\u015fturulmas\u0131 [&hellip;]<\/p>\n","protected":false},"author":14,"featured_media":14724,"comment_status":"open","ping_status":"open","sticky":false,"template":"","format":"standard","meta":{"jnews-multi-image_gallery":[],"jnews_single_post":[],"jnews_primary_category":[],"jnews_social_meta":[],"jnews_override_counter":[],"footnotes":""},"categories":[1],"tags":[],"class_list":["post-14720","post","type-post","status-publish","format-standard","has-post-thumbnail","hentry","category-genel"],"_links":{"self":[{"href":"https:\/\/iletim.istanbul.edu.tr\/index.php\/wp-json\/wp\/v2\/posts\/14720","targetHints":{"allow":["GET"]}}],"collection":[{"href":"https:\/\/iletim.istanbul.edu.tr\/index.php\/wp-json\/wp\/v2\/posts"}],"about":[{"href":"https:\/\/iletim.istanbul.edu.tr\/index.php\/wp-json\/wp\/v2\/types\/post"}],"author":[{"embeddable":true,"href":"https:\/\/iletim.istanbul.edu.tr\/index.php\/wp-json\/wp\/v2\/users\/14"}],"replies":[{"embeddable":true,"href":"https:\/\/iletim.istanbul.edu.tr\/index.php\/wp-json\/wp\/v2\/comments?post=14720"}],"version-history":[{"count":0,"href":"https:\/\/iletim.istanbul.edu.tr\/index.php\/wp-json\/wp\/v2\/posts\/14720\/revisions"}],"wp:featuredmedia":[{"embeddable":true,"href":"https:\/\/iletim.istanbul.edu.tr\/index.php\/wp-json\/wp\/v2\/media\/14724"}],"wp:attachment":[{"href":"https:\/\/iletim.istanbul.edu.tr\/index.php\/wp-json\/wp\/v2\/media?parent=14720"}],"wp:term":[{"taxonomy":"category","embeddable":true,"href":"https:\/\/iletim.istanbul.edu.tr\/index.php\/wp-json\/wp\/v2\/categories?post=14720"},{"taxonomy":"post_tag","embeddable":true,"href":"https:\/\/iletim.istanbul.edu.tr\/index.php\/wp-json\/wp\/v2\/tags?post=14720"}],"curies":[{"name":"wp","href":"https:\/\/api.w.org\/{rel}","templated":true}]}}