{"id":14873,"date":"2021-03-31T15:25:26","date_gmt":"2021-03-31T12:25:26","guid":{"rendered":"https:\/\/iletim.istanbul.edu.tr\/?p=14873"},"modified":"2021-03-31T16:16:00","modified_gmt":"2021-03-31T13:16:00","slug":"prof-dr-meltem-bostancidan-dijital-yerlilerle-medya-okuryazarligi-projesine-onemli-katki","status":"publish","type":"post","link":"https:\/\/iletim.istanbul.edu.tr\/index.php\/2021\/03\/31\/prof-dr-meltem-bostancidan-dijital-yerlilerle-medya-okuryazarligi-projesine-onemli-katki\/","title":{"rendered":"Prof. Dr. Meltem Bostanc\u0131\u2019dan \u2018Dijital Yerlilerle Medya Okuryazarl\u0131\u011f\u0131 Projesi\u2019ne \u00d6nemli Katk\u0131"},"content":{"rendered":"\n<p><strong>Haber: Tu\u011f\u00e7e AY\u00c7\u0130N<\/strong><\/p>\n\n\n\n<p><strong>\u0130stanbul \u00dcniversitesi \u0130leti\u015fim Fak\u00fcltesi Gazetecilik B\u00f6l\u00fcm\u00fc \u00d6\u011fretim \u00dcyesi Prof. Dr. Meltem Bostanc\u0131, \u201cDijital Yerlilerle Medya Okuryazarl\u0131\u011f\u0131 Projesi\u201d kapsam\u0131nda \u00f6nemli bir seminere imza att\u0131. T\u00fcrkiye\u2019nin \u00e7e\u015fitli illeri ile Azerbaycan\u2019da \u00f6\u011frenim g\u00f6ren ve ya\u015flar\u0131 7 ila 15 aras\u0131nda de\u011fi\u015fen ilk\u00f6\u011fretim \u00f6\u011frencilerini dijital medya okuryazarl\u0131\u011f\u0131 konusunda bilin\u00e7lendirmeyi hedefleyen seminerde de\u011ferli bilgiler aktaran Prof. Dr. Bostanc\u0131, \u201cDezenformasyon-Manip\u00fclasyon-Propaganda\u201d ba\u015fta olmak \u00fczere bir\u00e7ok \u00f6nemli konuda de\u011ferlendirmelerde bulundu.<\/strong><\/p>\n\n\n\n<p>\u0130stanbul \u00dcniversitesi \u0130leti\u015fim Fak\u00fcltesi \u00f6\u011fretim \u00fcyeleri, bilgi birikimleri ve tecr\u00fcbeleriyle ger\u00e7ekle\u015ftirdikleri \u00e7al\u0131\u015fmalar vas\u0131tas\u0131yla topluma fayda sa\u011flamaya devam ediyor. Bu \u00e7al\u0131\u015fmalar\u0131n bir yenisi, Gazetecilik B\u00f6l\u00fcm\u00fc \u00d6\u011fretim \u00dcyesi Prof. Dr. Meltem Bostanc\u0131 taraf\u0131ndan ger\u00e7ekle\u015ftirildi. Prof. Dr. Bostanc\u0131, bir e-Twinning Projesi olan \u201cDijital Yerlilerle Medya Okuryazarl\u0131\u011f\u0131 Projesi\u201d kapsam\u0131nda, T\u00fcrkiye\u2019den sekiz, Azerbaycan\u2019dan da bir \u00f6\u011fretmenin dahil oldu\u011fu ve ilk\u00f6\u011fretim d\u00fczeyindeki \u00f6\u011frencileri dijital medya okuryazarl\u0131\u011f\u0131 konusunda bilin\u00e7lendirmeyi hedefleyen seminerde \u00f6nemli bilgiler aktard\u0131.<\/p>\n\n\n\n<div class=\"wp-block-group\"><div class=\"wp-block-group__inner-container is-layout-flow wp-block-group-is-layout-flow\">\n<div class=\"wp-block-image\"><figure class=\"aligncenter size-medium\"><img decoding=\"async\" width=\"247\" height=\"300\" src=\"https:\/\/iletim.istanbul.edu.tr\/wp-content\/uploads\/meltem-bostanci-2-247x300.jpeg\" alt=\"\" class=\"wp-image-14875\" srcset=\"https:\/\/iletim.istanbul.edu.tr\/wp-content\/uploads\/meltem-bostanci-2-247x300.jpeg 247w, https:\/\/iletim.istanbul.edu.tr\/wp-content\/uploads\/meltem-bostanci-2-843x1024.jpeg 843w, https:\/\/iletim.istanbul.edu.tr\/wp-content\/uploads\/meltem-bostanci-2.jpeg 1078w\" sizes=\"(max-width: 247px) 100vw, 247px\" \/><\/figure><\/div>\n<\/div><\/div>\n\n\n\n<p><strong>\u201cDijital Yerlileri Bilin\u00e7lendirmemiz Gerekiyor\u201d<\/strong><\/p>\n\n\n\n<p>Seminerle ilgili de\u011ferlendirmelerde bulunan Prof. Dr. Bostanc\u0131, dijital \u00e7a\u011f\u0131n i\u00e7ine do\u011fmu\u015f olan ve \u201cdijital yerliler\u201d olarak adland\u0131r\u0131lan \u00e7ocuk ve gen\u00e7lerin, dijital ortamdaki faaliyetleri s\u00f6z konusu oldu\u011funda, bir\u00e7ok tehdit ve risk ile kar\u015f\u0131 kar\u015f\u0131ya olduklar\u0131n\u0131 s\u00f6yleyerek, onlar\u0131n dijital medyan\u0131n olumsuz etkilerine kar\u015f\u0131 bilin\u00e7lendirilmelerinin son derece \u00f6nemli oldu\u011funun alt\u0131n\u0131 \u00e7izdi.<\/p>\n\n\n\n<p><strong>Manip\u00fclasyondan Dezenformasyona, Propagandadan Alg\u0131 Y\u00f6netimine Kadar Bir\u00e7ok Konu Ele Al\u0131nd\u0131<\/strong><\/p>\n\n\n\n<p>Yeni ileti\u015fim teknolojilerinin sundu\u011fu avantajlardan etkili bir \u015fekilde yararlanabilmek ve bu teknolojileri kullan\u0131rken kar\u015f\u0131 kar\u015f\u0131ya kal\u0131nabilecek riskleri azaltmak i\u00e7in dijital medya okuryazarl\u0131\u011f\u0131 becerisine sahip olunmas\u0131 gerekti\u011fini vurgulayan Prof. Dr. Bostanc\u0131, t\u00fcm bu sebeplerle \u201cDijital Yerlilerle Medya Okuryazarl\u0131\u011f\u0131 Projesi\u201d gibi \u00e7al\u0131\u015fmalar\u0131 desteklemenin \u00f6nemine dikkat \u00e7ekerek \u015fu ifadeleri kulland\u0131: \u201cBen de seminer kapsam\u0131nda projeye dahil olan okullarda \u00f6\u011frenim g\u00f6ren \u00e7ocuklara, medya taraf\u0131ndan kamuoyunu etkilemeye y\u00f6nelik olarak ba\u015fvurulan \u00f6nemli strateji ve tekniklerden olan \u2018manip\u00fclasyon, dezenformasyon ve propaganda\u2019ya dair temel bilgileri vermeye \u00e7al\u0131\u015ft\u0131m. Online ortamda, ilk ve ortaokul d\u00fczeyinde \u00f6\u011frenim g\u00f6ren \u00e7ocuklara y\u00f6nelik olarak ger\u00e7ekle\u015ftirilen s\u00f6yle\u015fimize, \u00e7ocuklar ve aileleri b\u00fcy\u00fck ilgi g\u00f6sterdi. Manip\u00fclasyon, dezenformasyon ve propagandan\u0131n kelime anlam\u0131, \u2018medya manip\u00fclasyonu nedir\u2019, \u2018propaganda ile reklam aras\u0131ndaki farklar nelerdir\u2019 gibi konular\u0131n yan\u0131 s\u0131ra, alg\u0131 y\u00f6netimi, ikna ve propaganda aras\u0131ndaki etkile\u015fimden bahsederek, kitle ileti\u015fim ara\u00e7lar\u0131 arac\u0131l\u0131\u011f\u0131yla yap\u0131lan propagandatif faaliyetleri ay\u0131rt edebilmek a\u00e7\u0131s\u0131ndan ele\u015ftirel medya okuryazarl\u0131\u011f\u0131 becerisine sahip olman\u0131n \u00f6nemine de dikkat \u00e7ekmeye \u00e7al\u0131\u015ft\u0131m. \u00d6\u011frenciler s\u00f6yle\u015fi sonras\u0131nda ak\u0131llar\u0131na tak\u0131lan konularda sorular sorarak, dijital medya okuryazarl\u0131\u011f\u0131 konusuna ne kadar ilgi duyduklar\u0131n\u0131 da g\u00f6stermi\u015f oldular.\u201d<\/p>\n\n\n\n<div class=\"wp-block-image\"><figure class=\"aligncenter size-medium\"><img decoding=\"async\" width=\"300\" height=\"300\" src=\"https:\/\/iletim.istanbul.edu.tr\/wp-content\/uploads\/meltem-bostanci-3b-300x300.jpeg\" alt=\"\" class=\"wp-image-14877\" srcset=\"https:\/\/iletim.istanbul.edu.tr\/wp-content\/uploads\/meltem-bostanci-3b-300x300.jpeg 300w, https:\/\/iletim.istanbul.edu.tr\/wp-content\/uploads\/meltem-bostanci-3b-1024x1024.jpeg 1024w, https:\/\/iletim.istanbul.edu.tr\/wp-content\/uploads\/meltem-bostanci-3b-150x150.jpeg 150w, https:\/\/iletim.istanbul.edu.tr\/wp-content\/uploads\/meltem-bostanci-3b.jpeg 1074w\" sizes=\"(max-width: 300px) 100vw, 300px\" \/><\/figure><\/div>\n\n\n\n<p><strong>\u201cGen\u00e7lerin Enerjisi, Biz Akademisyenlerin \u00dcretimi \u0130\u00e7in Ciddi Bir Motivasyon\u201d<\/strong><\/p>\n\n\n\n<p>G\u00fcn\u00fcm\u00fcz d\u00fcnyas\u0131nda ele\u015ftirel medya okuryazarl\u0131\u011f\u0131na art\u0131k eskisinden \u00e7ok daha fazla ihtiya\u00e7 duyuldu\u011funu ve bunun nedenlerini de a\u00e7\u0131klamaya \u00e7al\u0131\u015ft\u0131\u011f\u0131n\u0131 belirten Prof. Dr. Bostanc\u0131, s\u00f6yle\u015finin son derece verimli ge\u00e7ti\u011fini vurgulayarak, \u201cHitap etti\u011fimiz kitlenin enerjisi ve heyecan\u0131 bizlere de ge\u00e7ti ve bu enerjinin, biz akademisyenlerin bu konularda daha fazla \u00fcretmeleri i\u00e7in ciddi bir motivasyon kayna\u011f\u0131 oldu\u011funu da belirtmeden ge\u00e7emeyece\u011fim\u201d dedi.<\/p>\n\n\n\n<p><strong>\u201cDijital Medyay\u0131 Topluma Fayda Sa\u011flayacak \u0130\u00e7erikler \u00dcretmek \u0130\u00e7in Kullanmal\u0131y\u0131z\u201d<\/strong><\/p>\n\n\n\n<p>Dijital medyan\u0131n nas\u0131l kullan\u0131lmas\u0131 gerekti\u011fini yorumlayan Prof. Dr. Bostanc\u0131, \u201cDijital medyay\u0131 sadece sosyal medyada zaman ge\u00e7irmek ve pop\u00fcler k\u00fclt\u00fcr\u00fcn bir par\u00e7as\u0131 olmak i\u00e7in kullanmak yerine, bu teknolojilerden kendimizi geli\u015ftirmek ve toplumsal ya\u015fama katk\u0131 sa\u011flayacak i\u00e7erikler \u00fcretebilmek amac\u0131yla yararlanmam\u0131z gerekti\u011finin alt\u0131n\u0131 \u00e7izmek isterim\u201d diyerek s\u00f6zlerini tamamlad\u0131.<\/p>\n\n\n\n<div class=\"wp-block-image\"><figure class=\"aligncenter size-medium\"><img decoding=\"async\" width=\"300\" height=\"300\" src=\"https:\/\/iletim.istanbul.edu.tr\/wp-content\/uploads\/meltem-bostanci-4-300x300.jpeg\" alt=\"\" class=\"wp-image-14878\" srcset=\"https:\/\/iletim.istanbul.edu.tr\/wp-content\/uploads\/meltem-bostanci-4-300x300.jpeg 300w, https:\/\/iletim.istanbul.edu.tr\/wp-content\/uploads\/meltem-bostanci-4-1024x1019.jpeg 1024w, https:\/\/iletim.istanbul.edu.tr\/wp-content\/uploads\/meltem-bostanci-4-150x150.jpeg 150w, https:\/\/iletim.istanbul.edu.tr\/wp-content\/uploads\/meltem-bostanci-4.jpeg 1080w\" sizes=\"(max-width: 300px) 100vw, 300px\" \/><\/figure><\/div>\n\n\n\n<p><strong>Seminere T\u00fcrkiye ve Azerbaycan\u2019dan Kat\u0131l\u0131m Sa\u011fland\u0131<\/strong><\/p>\n\n\n\n<p>\u201cDijital Yerlilerle Medya Okuryazarl\u0131\u011f\u0131 Projesi\u201d kapsam\u0131nda d\u00fczenlenen seminerde; Kocaeli \u00c7ay\u0131rova \u0130lkokulu 1. S\u0131n\u0131f \u00d6\u011fretmeni Zeynep Kahr\u0131man, Kocaeli \u00c7ay\u0131rova 3. S\u0131n\u0131f \u00d6\u011fretmeni Serpil Bal, Konya Kuz\u00f6ren Ortaokulu T\u00fcrk\u00e7e \u00d6\u011fretmeni Buse Ayd\u0131n, Konya Kuz\u00f6ren Ortaokulu T\u00fcrk\u00e7e \u00d6\u011fretmeni Sadiye Korkut, Kocaeli \u00c7ay\u0131rova Ortaokulu \u0130ngilizce \u00d6\u011fretmeni Derya Durak, Kocaeli \u015eekerp\u0131nar \u0130lkokulu 1. S\u0131n\u0131f \u00d6\u011fretmeni \u0130nci \u00dcnal, K\u00fctahya Mehmet Akif Ersoy Ortaokulu S\u0131n\u0131f \u00d6\u011fretmeni Nilg\u00fcn D\u00fcndar, Gaziantep \u015eehit \u0130smet Kayar Ortaokulu T\u00fcrk\u00e7e \u00d6\u011fretmeni Huriye Aksu ve Azerbaycan\u2019dan Bili\u015fim \u00d6\u011fretmeni Konul Mirzeyeva yer ald\u0131.<br><\/p>\n","protected":false},"excerpt":{"rendered":"<p>\u0130stanbul \u00dcniversitesi \u0130leti\u015fim Fak\u00fcltesi Gazetecilik B\u00f6l\u00fcm\u00fc \u00d6\u011fretim \u00dcyesi Prof. Dr. Meltem Bostanc\u0131, \u201cDijital Yerlilerle Medya Okuryazarl\u0131\u011f\u0131 Projesi\u201d kapsam\u0131nda \u00f6nemli bir seminere imza att\u0131. T\u00fcrkiye\u2019nin \u00e7e\u015fitli illeri ile Azerbaycan\u2019da \u00f6\u011frenim g\u00f6ren ve ya\u015flar\u0131 7 ila 15 aras\u0131nda de\u011fi\u015fen ilk\u00f6\u011fretim \u00f6\u011frencilerini dijital medya okuryazarl\u0131\u011f\u0131 konusunda bilin\u00e7lendirmeyi hedefleyen seminerde de\u011ferli bilgiler aktaran Prof. Dr. Bostanc\u0131, \u201cDezenformasyon-Manip\u00fclasyon-Propaganda\u201d ba\u015fta olmak \u00fczere bir\u00e7ok \u00f6nemli konuda de\u011ferlendirmelerde bulundu.<\/p>\n","protected":false},"author":14,"featured_media":14874,"comment_status":"open","ping_status":"open","sticky":false,"template":"","format":"standard","meta":{"jnews-multi-image_gallery":[],"jnews_single_post":[],"jnews_primary_category":[],"jnews_social_meta":[],"jnews_override_counter":[],"footnotes":""},"categories":[25],"tags":[1524,797,1525,1411],"class_list":["post-14873","post","type-post","status-publish","format-standard","has-post-thumbnail","hentry","category-egitim","tag-dijital-yerlilerle-medya-okuryazarligi-projesi","tag-medya-okuryazarligi","tag-meltem-bostanci-seminer","tag-prof-dr-meltem-bostanci"],"_links":{"self":[{"href":"https:\/\/iletim.istanbul.edu.tr\/index.php\/wp-json\/wp\/v2\/posts\/14873","targetHints":{"allow":["GET"]}}],"collection":[{"href":"https:\/\/iletim.istanbul.edu.tr\/index.php\/wp-json\/wp\/v2\/posts"}],"about":[{"href":"https:\/\/iletim.istanbul.edu.tr\/index.php\/wp-json\/wp\/v2\/types\/post"}],"author":[{"embeddable":true,"href":"https:\/\/iletim.istanbul.edu.tr\/index.php\/wp-json\/wp\/v2\/users\/14"}],"replies":[{"embeddable":true,"href":"https:\/\/iletim.istanbul.edu.tr\/index.php\/wp-json\/wp\/v2\/comments?post=14873"}],"version-history":[{"count":0,"href":"https:\/\/iletim.istanbul.edu.tr\/index.php\/wp-json\/wp\/v2\/posts\/14873\/revisions"}],"wp:featuredmedia":[{"embeddable":true,"href":"https:\/\/iletim.istanbul.edu.tr\/index.php\/wp-json\/wp\/v2\/media\/14874"}],"wp:attachment":[{"href":"https:\/\/iletim.istanbul.edu.tr\/index.php\/wp-json\/wp\/v2\/media?parent=14873"}],"wp:term":[{"taxonomy":"category","embeddable":true,"href":"https:\/\/iletim.istanbul.edu.tr\/index.php\/wp-json\/wp\/v2\/categories?post=14873"},{"taxonomy":"post_tag","embeddable":true,"href":"https:\/\/iletim.istanbul.edu.tr\/index.php\/wp-json\/wp\/v2\/tags?post=14873"}],"curies":[{"name":"wp","href":"https:\/\/api.w.org\/{rel}","templated":true}]}}