{"id":14966,"date":"2021-05-01T06:26:44","date_gmt":"2021-05-01T03:26:44","guid":{"rendered":"https:\/\/iletim.istanbul.edu.tr\/?p=14966"},"modified":"2021-05-01T06:26:45","modified_gmt":"2021-05-01T03:26:45","slug":"dusunce-dergisinin-yakin-plan-sinema-sayisi-yayimlandi","status":"publish","type":"post","link":"https:\/\/iletim.istanbul.edu.tr\/index.php\/2021\/05\/01\/dusunce-dergisinin-yakin-plan-sinema-sayisi-yayimlandi\/","title":{"rendered":"D\u00fc\u015f\u00fcnce Dergisi\u2019nin \u201cYak\u0131n Plan Sinema\u201d Say\u0131s\u0131 Yay\u0131mland\u0131"},"content":{"rendered":"\n<p><strong>Haber: \u015e\u00fcheda \u015eENYUVA<\/strong><\/p>\n\n\n\n<p><strong>D\u00fc\u015f\u00fcnce Dergisi\u2019nin sinema dosya konulu 13. say\u0131s\u0131 \u0130stanbul \u00dcniversitesi \u0130leti\u015fim Fak\u00fcltesi Radyo, Televizyon ve Sinema B\u00f6l\u00fcm\u00fc \u00d6\u011fretim \u00dcyelerinden Dr. \u00d6\u011fr. \u00dcyesi Mesut Aytekin\u2019in edit\u00f6rl\u00fc\u011f\u00fcnde yay\u0131mland\u0131. \u201cYak\u0131n Plan Sinema\u201d konu ba\u015fl\u0131\u011f\u0131yla yay\u0131mlanan say\u0131da farkl\u0131 \u00fcniversitelerden pek \u00e7ok akademisyenin yaz\u0131lar\u0131n\u0131n yan\u0131 s\u0131ra fak\u00fcltemiz \u00f6\u011fretim \u00fcyelerinden Prof. Dr. Ceyhan Kandemir, Prof. Dr. Se\u00e7kin \u00d6zmen, Do\u00e7. Dr. Gizem Parlayandemir ve Dr. \u00d6\u011fr. \u00dcyesi Mesut Aytekin ile doktora \u00f6\u011frencilerimizden Ar\u015f. G\u00f6r. Deniz O\u011fuzcan ve lisans\u00fcst\u00fc \u00f6\u011frencilerimizin \u00e7al\u0131\u015fmalar\u0131 da yer al\u0131yor.<\/strong><\/p>\n\n\n\n<p><strong>K\u00fclt\u00fcr End\u00fcstrisi Arac\u0131 Olarak Sinema<\/strong><\/p>\n\n\n\n<p>Edit\u00f6r Dr. \u00d6\u011fr. \u00dcyesi Mesut Aytekin takdim yaz\u0131s\u0131nda neden dosya konusunu \u201cYak\u0131n Plan Sinema\u201d olarak belirlediklerini \u015fu s\u00f6zleri ile a\u00e7\u0131klamaktad\u0131r: \u201cK\u00fclt\u00fcr end\u00fcstrisinin en \u00f6nemli ara\u00e7lar\u0131ndan biri olan sinema, hem sanatsal hem de ticari y\u00f6nleriyle b\u00fcy\u00fck bir end\u00fcstridir. Sinema, dolayl\u0131 ve do\u011frudan pek \u00e7ok sekt\u00f6r\u00fc etkilemekte, farkl\u0131 sanatlar\u0131 kullanarak daha etkileyici \u00fcr\u00fcnler vermektedir. \u0130nsano\u011flu i\u00e7in sadece bir ka\u00e7\u0131\u015f ve e\u011flence arac\u0131 olman\u0131n \u00f6tesinde ideoloji ve iktidarlar i\u00e7in de bir propaganda, me\u015frula\u015ft\u0131rma ve homojenle\u015ftirme arac\u0131d\u0131r. Bu etkileyici g\u00f6rsel sanat, tarihsel s\u00fcrecinde pek \u00e7ok ekonomik, sosyal ve politik s\u0131k\u0131nt\u0131lardan ge\u00e7mi\u015ftir.<\/p>\n\n\n\n<p>Toplumun i\u00e7inden \u00e7\u0131kan bir sanat olarak sinema hem toplumu beslemekte hem de topluma y\u00f6n vermektedir. Dijital platformlar\u0131n y\u00fckseli\u015fe ge\u00e7ti\u011fi g\u00fcn\u00fcm\u00fcz d\u00fcnyas\u0131nda sinema, sosyolojik, ekonomik, siyasal pek \u00e7ok konuda \u00f6nemli veriler sunmaktad\u0131r.\u201d<\/p>\n\n\n\n<p>\u201cH\u00fcr tefekk\u00fcr\u00fcn bozk\u0131r\u0131nda at ko\u015fturmay\u0131\u201d ama\u00e7 edinen D\u00fc\u015f\u00fcnce Dergisi, bu d\u00fc\u015f\u00fcncelerle 13. say\u0131s\u0131n\u0131 haz\u0131rlam\u0131\u015f, sinemay\u0131 farkl\u0131 y\u00f6nleriyle \u201cyak\u0131n planda\u2019\u2019 ele almaya \u00e7al\u0131\u015fm\u0131\u015f. D\u00fc\u015f\u00fcnce Dergisi\u2019nin bu say\u0131s\u0131nda sinema alan\u0131nda \u00e7al\u0131\u015fan akademisyenlerin, lisans\u00fcst\u00fc \u00f6\u011frencilerin ve sekt\u00f6rden isimlerin \u00e7al\u0131\u015fmalar\u0131yla sineman\u0131n ne oldu\u011fundan yola \u00e7\u0131k\u0131larak sinema tarihi, T\u00fcrk sinemas\u0131, film ele\u015ftirileri, sinema seyirci ili\u015fkilerine de\u011finilmi\u015f.<\/p>\n\n\n\n<p><strong>Payda\u015flar\u0131n\u0131n G\u00f6z\u00fcnden Sinema Sekt\u00f6r\u00fc<\/strong><\/p>\n\n\n\n<p>T\u00fcrk sinema sekt\u00f6r\u00fcn\u00fcn farkl\u0131 payda\u015flar\u0131n\u0131 bir araya getiren bu say\u0131da Dr. \u00d6\u011fr. \u00dcyesi Mesut Aytekin taraf\u0131ndan fak\u00fcltemiz mezunlar\u0131ndan Yap\u0131mc\u0131 ve Y\u00f6netmen Nazif Tun\u00e7 ve fak\u00fclte hocalar\u0131m\u0131zdan Prof. Dr. Ceyhan Kandemir ile ger\u00e7ekle\u015ftirilen r\u00f6portajlar\u0131n da yer ald\u0131\u011f\u0131 alt\u0131 r\u00f6portaj bulunuyor.<\/p>\n\n\n\n<p>Yap\u0131mc\u0131, Y\u00f6netmen ve Meslek Birli\u011fi \u00dcyesi Nazif Tun\u00e7 ile sineman\u0131n \u00f6nemli kavramlar\u0131 ve T\u00fcrk Sinemas\u0131 \u00fczerine; Sinema Yazar\u0131, Akademisyen ve Y\u00f6netmen Prof. Dr. Ceyhan Kandemir ile \u00fcniversiteler ile sekt\u00f6r aras\u0131ndaki ili\u015fkileri ve \u00fcniversitelerde verilen sinema e\u011fitimleri; Sinema Yazar\u0131, Festival Direkt\u00f6r\u00fc Suat K\u00f6\u00e7er ile sineman\u0131n yazarl\u0131k taraf\u0131nda neler oldu\u011fu, festival s\u00fcre\u00e7leri de\u011ferlendirmeye al\u0131n\u0131yor.<\/p>\n\n\n\n<div class=\"wp-block-image\"><figure class=\"aligncenter size-large\"><img decoding=\"async\" width=\"1024\" height=\"721\" src=\"https:\/\/iletim.istanbul.edu.tr\/wp-content\/uploads\/dusunce_kapak_13_page-0001-1-1024x721.jpg\" alt=\"\" class=\"wp-image-14968\" srcset=\"https:\/\/iletim.istanbul.edu.tr\/wp-content\/uploads\/dusunce_kapak_13_page-0001-1-1024x721.jpg 1024w, https:\/\/iletim.istanbul.edu.tr\/wp-content\/uploads\/dusunce_kapak_13_page-0001-1-300x211.jpg 300w, https:\/\/iletim.istanbul.edu.tr\/wp-content\/uploads\/dusunce_kapak_13_page-0001-1-1536x1081.jpg 1536w, https:\/\/iletim.istanbul.edu.tr\/wp-content\/uploads\/dusunce_kapak_13_page-0001-1-2048x1441.jpg 2048w\" sizes=\"(max-width: 1024px) 100vw, 1024px\" \/><\/figure><\/div>\n\n\n\n<p><strong>Sinema \u00dczerine \u00c7ok Boyutlu Bir \u0130nceleme<\/strong><\/p>\n\n\n\n<p>Sineman\u0131n teknik y\u00f6n\u00fcn\u00fc de ihmal etmeyen dergi, konuyu sinemam\u0131z\u0131n \u00f6nemli g\u00f6r\u00fcnt\u00fc y\u00f6netmenleriyle masaya yat\u0131rm\u0131\u015f. Gazetecilik B\u00f6l\u00fcm\u00fc mezunlar\u0131m\u0131zdan Emre Berk\u00fcn\u2019\u00fcn haz\u0131rlad\u0131\u011f\u0131 \u201cG\u00f6r\u00fcnt\u00fc Y\u00f6netmenlerinin G\u00f6z\u00fcyle Sinema\u201d adl\u0131 b\u00f6l\u00fcmde Ali Utku, Durmu\u015f Sorgut ve Mehmet Aks\u0131n ile sineman\u0131n teknik y\u00f6n\u00fc irdeleniyor.<\/p>\n\n\n\n<p>\u00d6\u011fretim \u00fcyelerimizden Prof. Dr. Se\u00e7kin \u00d6zmen\u2019in T\u00fcrk dizilerinin ne anlatt\u0131\u011f\u0131n\u0131 ve d\u00fcnya izleyicisinde nas\u0131l tezah\u00fcr etti\u011fini \u00f6rnekleriyle a\u00e7\u0131klayan \u201c\u0130zleyicinin Al\u0131mlamas\u0131 ve Kurmaca \u0130\u00e7erikler: Dramalar ve K\u00fclt\u00fcrleraras\u0131 Dialog\u201d ve Do\u00e7. Dr. Gizem Parlayandemir\u2019in \u201cBa\u011f\u0131ms\u0131z film neye denir? Bir filmin ba\u011f\u0131ms\u0131z olma ko\u015fullar\u0131 nelerdir? T\u00fcrk sinemas\u0131nda bu s\u00fcre\u00e7 nas\u0131l i\u015fliyor?\u2019\u2019 sorular\u0131n\u0131n cevap buldu\u011fu \u201cGi\u015feden Ba\u011f\u0131ms\u0131z Bir Sinema Olarak Ba\u011f\u0131ms\u0131z T\u00fcrk Sinemas\u0131\u201d isimli makaleleri yer al\u0131yor.<br>Doktora \u00f6\u011frencilerimizden Ar\u015f. G\u00f6r. Deniz O\u011fuzcan\u2019\u0131n sinema ve felsefe ili\u015fkisine de\u011findi\u011fi \u201cModern Sineman\u0131n Felsefi Ve\u00e7heleri\u201d adl\u0131 makalesi Deleuze, Cavell, Zizek, Balazs, Arnheim ve Einsenstein\u2019a da ba\u015fvurarak sineman\u0131n felsefi y\u00f6n\u00fcne felsefecilerin de g\u00f6r\u00fc\u015fleriyle birlikte e\u011filiyor.<br>Say\u0131da Radyo, Televizyon ve Sinema Ana Bilim Dal\u0131 y\u00fcksek lisans \u00f6\u011frencilerimizden Se\u00e7il Turan, Berat Karata\u015f ve Yusuf Tekke taraf\u0131ndan haz\u0131rlanan \u00fc\u00e7 ayr\u0131 makale de yer al\u0131yor. Se\u00e7il Turan \u201cSinema ve Oryantalizm \u0130li\u015fkisi\u201d ba\u015fl\u0131kl\u0131 makalesi ile Oryantalizm\u2019in ne oldu\u011funu tan\u0131mlayarak sineman\u0131n bu s\u00fcre\u00e7teki i\u015flevini \u00f6rnekleri ile a\u00e7\u0131kl\u0131yor. Berat Karata\u015f \u201cSinemada Zaman ve Mek\u00e2n \u0130li\u015fkisi Bu\u011fday Filmi \u00d6rne\u011fi\u2019\u2019 ba\u015fl\u0131kl\u0131 makalesi ile Bu\u011fday filmini, zaman ve mek\u00e2n ba\u011flam\u0131nda incelerken 2019 senesinde \u0130stanbul \u00dcniversitesi \u0130leti\u015fim fak\u00fcltesi akademisyen ve \u00f6\u011frencilerinin g\u00f6rev ald\u0131\u011f\u0131, y\u00f6netmenli\u011fini \u00f6\u011fretim \u00fcyelerimizden Dr. \u00d6\u011fr. \u00dcyesi Mesut Aytekin\u2019in yapt\u0131\u011f\u0131 \u201cUlu\u011fbeyler S\u00fcheyl \u00dcnver\u2019\u2019 belgeselini belgesel sinema ve k\u00fclt\u00fcr ili\u015fkisiyle inceleyen Yusuf Tekke ise \u2018\u2019K\u00fclt\u00fcr\u00fcn Aktar\u0131m\u0131nda Belgesel Sineman\u0131n Rol\u00fc: Ulu\u011fbeyler S\u00fcheyl \u00dcnver Belgeseli \u00d6rne\u011fi\u2019\u2019 ba\u015fl\u0131kl\u0131 makalesiyle katk\u0131 sunuyor.<\/p>\n\n\n\n<p>Derginin bu say\u0131s\u0131nda ayr\u0131ca Radyo, Televizyon ve Sinema Ana Bilim Dal\u0131 y\u00fcksek lisans \u00f6\u011frencilerimizden \u0130rem Ya\u015far, Fatma Zehra \u00c7elik, Mert T\u00fcrkmen, Zeynep \u00c7elebi ve Melis Y\u0131ld\u0131z\u0131viran\u2019in haz\u0131rlad\u0131\u011f\u0131 6 film incelemesi yer al\u0131yor.<\/p>\n\n\n\n<p>KOCAV Yay\u0131nlar\u0131 taraf\u0131ndan \u00e7\u0131kar\u0131lan D\u00fc\u015f\u00fcnce Dergisi, son say\u0131s\u0131nda sinemaseverlere, sinema ara\u015ft\u0131rmac\u0131lar\u0131na ve akademisyenlerine ar\u015fivlik bir sinema say\u0131s\u0131 haz\u0131rlam\u0131\u015f.<\/p>\n","protected":false},"excerpt":{"rendered":"<p>Haber: \u015e\u00fcheda \u015eENYUVA D\u00fc\u015f\u00fcnce Dergisi\u2019nin sinema dosya konulu 13. say\u0131s\u0131 \u0130stanbul \u00dcniversitesi \u0130leti\u015fim Fak\u00fcltesi Radyo, Televizyon ve Sinema B\u00f6l\u00fcm\u00fc \u00d6\u011fretim \u00dcyelerinden Dr. \u00d6\u011fr. \u00dcyesi Mesut Aytekin\u2019in edit\u00f6rl\u00fc\u011f\u00fcnde yay\u0131mland\u0131. \u201cYak\u0131n Plan Sinema\u201d konu ba\u015fl\u0131\u011f\u0131yla yay\u0131mlanan say\u0131da farkl\u0131 \u00fcniversitelerden pek \u00e7ok akademisyenin yaz\u0131lar\u0131n\u0131n yan\u0131 s\u0131ra fak\u00fcltemiz \u00f6\u011fretim \u00fcyelerinden Prof. Dr. Ceyhan Kandemir, Prof. Dr. Se\u00e7kin \u00d6zmen, Do\u00e7. [&hellip;]<\/p>\n","protected":false},"author":14,"featured_media":14967,"comment_status":"open","ping_status":"open","sticky":false,"template":"","format":"standard","meta":{"jnews-multi-image_gallery":[],"jnews_single_post":[],"jnews_primary_category":[],"jnews_social_meta":[],"jnews_override_counter":[],"footnotes":""},"categories":[30],"tags":[1542,115,1543],"class_list":["post-14966","post","type-post","status-publish","format-standard","has-post-thumbnail","hentry","category-kultur-sanat","tag-dusunce-dergisi","tag-mesut-aytekin","tag-yakin-plan-sinema"],"_links":{"self":[{"href":"https:\/\/iletim.istanbul.edu.tr\/index.php\/wp-json\/wp\/v2\/posts\/14966","targetHints":{"allow":["GET"]}}],"collection":[{"href":"https:\/\/iletim.istanbul.edu.tr\/index.php\/wp-json\/wp\/v2\/posts"}],"about":[{"href":"https:\/\/iletim.istanbul.edu.tr\/index.php\/wp-json\/wp\/v2\/types\/post"}],"author":[{"embeddable":true,"href":"https:\/\/iletim.istanbul.edu.tr\/index.php\/wp-json\/wp\/v2\/users\/14"}],"replies":[{"embeddable":true,"href":"https:\/\/iletim.istanbul.edu.tr\/index.php\/wp-json\/wp\/v2\/comments?post=14966"}],"version-history":[{"count":0,"href":"https:\/\/iletim.istanbul.edu.tr\/index.php\/wp-json\/wp\/v2\/posts\/14966\/revisions"}],"wp:featuredmedia":[{"embeddable":true,"href":"https:\/\/iletim.istanbul.edu.tr\/index.php\/wp-json\/wp\/v2\/media\/14967"}],"wp:attachment":[{"href":"https:\/\/iletim.istanbul.edu.tr\/index.php\/wp-json\/wp\/v2\/media?parent=14966"}],"wp:term":[{"taxonomy":"category","embeddable":true,"href":"https:\/\/iletim.istanbul.edu.tr\/index.php\/wp-json\/wp\/v2\/categories?post=14966"},{"taxonomy":"post_tag","embeddable":true,"href":"https:\/\/iletim.istanbul.edu.tr\/index.php\/wp-json\/wp\/v2\/tags?post=14966"}],"curies":[{"name":"wp","href":"https:\/\/api.w.org\/{rel}","templated":true}]}}