{"id":15020,"date":"2021-05-26T19:58:46","date_gmt":"2021-05-26T16:58:46","guid":{"rendered":"https:\/\/iletim.istanbul.edu.tr\/?p=15020"},"modified":"2021-05-26T19:58:48","modified_gmt":"2021-05-26T16:58:48","slug":"1-uluslararasi-medya-ve-islamofobi-sempozyumu-gerceklestirildi","status":"publish","type":"post","link":"https:\/\/iletim.istanbul.edu.tr\/index.php\/2021\/05\/26\/1-uluslararasi-medya-ve-islamofobi-sempozyumu-gerceklestirildi\/","title":{"rendered":"1.Uluslararas\u0131 Medya ve \u0130slamofobi Sempozyumu Ger\u00e7ekle\u015ftirildi"},"content":{"rendered":"\n<p><strong>Haber: Hande Nur Ocak<\/strong><br><br><strong>Radyo ve Televizyon \u00dcst Kurulu (RT\u00dcK), Diyanet \u0130\u015fleri Ba\u015fkanl\u0131\u011f\u0131, Erciyes \u00dcniversitesi, TRT, Siyaset, Ekonomi ve Toplum Ara\u015ft\u0131rmalar\u0131 Vakf\u0131 (SETA) i\u015f birli\u011fiyle 1. Uluslararas\u0131 Medya ve \u0130slamofobi Sempozyumu 25-26 May\u0131s\u2019ta ger\u00e7ekle\u015ftirildi. Ankara ATO Congresium&#8217;da d\u00fczenlenen sempozyumun ilk g\u00fcn\u00fcnde T\u00fcrkiye Cumhuriyeti Cumhurba\u015fkan\u0131 Recep Tayyip Erdo\u011fan da kat\u0131ld\u0131.<\/strong><br><br>Cumhurba\u015fkan\u0131 Recep Tayyip Erdo\u011fan, konu\u015fmas\u0131na kendisini dinleyenleri selamlayarak ba\u015flad\u0131. Erdo\u011fan, &#8220;S\u00f6zlerime, kar\u015f\u0131m\u0131zdaki meselenin \u0130slamofobi yani &#8216;\u0130slam korkusu&#8217; de\u011fil, d\u00fcped\u00fcz \u0130slam d\u00fc\u015fmanl\u0131\u011f\u0131 oldu\u011funu belirterek ba\u015flamak istiyorum. Evet, Bat\u0131 ba\u015fta olmak \u00fczere d\u00fcnyan\u0131n pek \u00e7ok yerinde \u0130slam d\u00fc\u015fmanl\u0131\u011f\u0131 hastal\u0131\u011f\u0131 t\u0131pk\u0131 kanser h\u00fccresi gibi h\u0131zla yay\u0131lmaktad\u0131r.&#8221; dedi. Uluslararas\u0131 Medya ve \u0130slamofobi Sempozyumu&#8217;nun insanl\u0131k, \u0130slam alemi, T\u00fcrkiye ve kurumlar\u0131 i\u00e7in hay\u0131rlara vesile olmas\u0131n\u0131 dileyen Erdo\u011fan, g\u00f6r\u00fc\u015fleri, de\u011ferlendirmeleri ve tart\u0131\u015fmalar\u0131 ile sempozyuma katk\u0131 verecek olan herkese te\u015fekk\u00fcrlerini sundu.<\/p>\n\n\n\n<p><br><strong>\u0130\u00dc \u0130leti\u015fim Fak\u00fcltesi \u00d6\u011fretim \u00dcyeleri Bilimsel \u00c7al\u0131\u015fmalar\u0131n\u0131 Kat\u0131l\u0131mc\u0131lara Sundu<\/strong><br>Uluslararas\u0131 d\u00fczeyde kat\u0131l\u0131m sa\u011flanan sempozyumun ilk g\u00fcn\u00fcnde, a\u00e7\u0131\u015f konu\u015fmalar\u0131n\u0131n ard\u0131ndan d\u00f6rt farkl\u0131 panelde, medya ve \u0130slamofobi konusu ayr\u0131nt\u0131lar\u0131yla ele al\u0131nd\u0131. &#8220;Yalan Haber, Nefret S\u00f6ylemi&#8221; ve &#8220;K\u00fclt\u00fcrel Irk\u00e7\u0131l\u0131k K\u0131skac\u0131nda \u0130slam&#8221; konular\u0131n\u0131n tart\u0131\u015f\u0131ld\u0131\u011f\u0131 sempozyumun ikinci g\u00fcn\u00fcnde, \u0130stanbul \u00dcniversitesi \u0130leti\u015fim Fak\u00fcltesi \u00d6\u011fretim \u00dcyeleri de bilimsel \u00e7al\u0131\u015fmalar\u0131n\u0131 kat\u0131l\u0131mc\u0131lara sundu.<br><br>\u201cYeni Medyada M\u00fcsl\u00fcman Kar\u015f\u0131t\u0131 Nefret S\u00f6ylemi\u201d ba\u015fl\u0131\u011f\u0131nda \u0130stanbul \u00dcniversitesi \u0130leti\u015fim Fak\u00fcltesi Halkla \u0130li\u015fkiler ve Tan\u0131t\u0131m B\u00f6l\u00fcm\u00fc \u00d6\u011fretim \u00dcyesi Do\u00e7. Dr. Turgay YERL\u0130KAYA, G\u00fcm\u00fc\u015fhane \u00dcniversitesi \u0130leti\u015fim Fak\u00fcltesi Ar\u015f. G\u00f6r. Yasemin G\u00dcNEY ile birlikte \u201cBir Nefret S\u00f6ylemi Olarak \u0130slam Kar\u015f\u0131tl\u0131\u011f\u0131n\u0131n Sosyal Medya \u0130zd\u00fc\u015f\u00fcmleri: Twitter \u00d6rne\u011fi\u201d konulu \u00e7al\u0131\u015fmalar\u0131n\u0131 kat\u0131l\u0131mc\u0131lara sundular.<br>\u0130slam kar\u015f\u0131tl\u0131\u011f\u0131 olgusunun sadece Bat\u0131ya ya da M\u00fcsl\u00fcman toplumun dinsel az\u0131nl\u0131k olarak var oldu\u011fu toplumlara \u00f6zg\u00fc bir problem olmad\u0131\u011f\u0131n\u0131n T\u00fcrkiye \u00f6rne\u011fi \u00fczerinden ele al\u0131nd\u0131\u011f\u0131 ara\u015ft\u0131rmalar\u0131n\u0131 sunan Do\u00e7. Dr. Yerlikaya ve Ar\u015f. G\u00f6r. G\u00fcney; T\u00fcrkiye\u2019de g\u00f6zlemlenen \u0130slam kar\u015f\u0131t\u0131 i\u00e7erikler hangi s\u00f6ylemler kullan\u0131larak \u00fcretilmektedir? Bu s\u00f6ylem ve i\u00e7eriklerin sosyal medyada daha yo\u011fun bi\u00e7imde g\u00f6r\u00fclmesi hangi nedenlerle s\u00f6z konusu olmaktad\u0131r? sorular\u0131ndan hareketle, \u00fclkemizde sosyal medya platformlar\u0131 arac\u0131l\u0131\u011f\u0131yla \u0130slam\u2019a ve M\u00fcsl\u00fcman kimli\u011fine ait de\u011ferler \u00fczerinden \u00fcretilen nefret s\u00f6ylemi ve \u0130slam kar\u015f\u0131tl\u0131\u011f\u0131 aras\u0131nda nas\u0131l bir ili\u015fkinin oldu\u011fu anlatt\u0131lar.<br><\/p>\n\n\n\n<figure class=\"wp-block-image size-large\"><img decoding=\"async\" width=\"1024\" height=\"768\" src=\"https:\/\/iletim.istanbul.edu.tr\/wp-content\/uploads\/WhatsApp-Image-2021-05-26-at-17.17.33-1-1024x768.jpeg\" alt=\"\" class=\"wp-image-15024\" srcset=\"https:\/\/iletim.istanbul.edu.tr\/wp-content\/uploads\/WhatsApp-Image-2021-05-26-at-17.17.33-1-1024x768.jpeg 1024w, https:\/\/iletim.istanbul.edu.tr\/wp-content\/uploads\/WhatsApp-Image-2021-05-26-at-17.17.33-1-300x225.jpeg 300w, https:\/\/iletim.istanbul.edu.tr\/wp-content\/uploads\/WhatsApp-Image-2021-05-26-at-17.17.33-1-1536x1153.jpeg 1536w, https:\/\/iletim.istanbul.edu.tr\/wp-content\/uploads\/WhatsApp-Image-2021-05-26-at-17.17.33-1.jpeg 1599w\" sizes=\"(max-width: 1024px) 100vw, 1024px\" \/><figcaption>Dr. \u00d6\u011fr. \u00dcyesi Mesut AYTEK\u0130N<\/figcaption><\/figure>\n\n\n\n<p>\u201cSinema ve \u0130slamofobi\u201d ba\u015fl\u0131\u011f\u0131nda ise \u0130stanbul \u00dcniversitesi \u0130leti\u015fim Fak\u00fcltesi Radyo Televizyon ve Sinema B\u00f6l\u00fcm\u00fc Dr. \u00d6\u011fr. \u00dcyesi Mesut AYTEK\u0130N, \u201cT\u00fcrkiye\u2019de \u00c7ekilen Yabanc\u0131 Filmlerin \u0130slamofobi Ba\u011flam\u0131nda \u0130ncelenmesi\u201d konulu \u00e7al\u0131\u015fmas\u0131n\u0131 kat\u0131l\u0131mc\u0131lara sundu.<br>T\u00fcrkiye\u2019de \u00e7ekilen filmlerdeki \u0130slamofobi yakla\u015f\u0131m\u0131n\u0131 anlatan Dr. \u00d6\u011fr. \u00dcyesi Aytekin, Takip 2, Zoraki Radikal ve Cehennem filmlerini \u0130slamofobi a\u00e7\u0131s\u0131ndan de\u011ferlendirdi.<\/p>\n\n\n\n<figure class=\"wp-block-gallery columns-3 is-cropped wp-block-gallery-1 is-layout-flex wp-block-gallery-is-layout-flex\"><ul class=\"blocks-gallery-grid\"><li class=\"blocks-gallery-item\"><figure><img decoding=\"async\" width=\"1024\" height=\"674\" src=\"https:\/\/iletim.istanbul.edu.tr\/wp-content\/uploads\/WhatsApp-Image-2021-05-26-at-13.20.00-1024x674.jpeg\" alt=\"\" data-id=\"15026\" data-full-url=\"https:\/\/iletim.istanbul.edu.tr\/wp-content\/uploads\/WhatsApp-Image-2021-05-26-at-13.20.00.jpeg\" data-link=\"https:\/\/iletim.istanbul.edu.tr\/?attachment_id=15026\" class=\"wp-image-15026\" srcset=\"https:\/\/iletim.istanbul.edu.tr\/wp-content\/uploads\/WhatsApp-Image-2021-05-26-at-13.20.00-1024x674.jpeg 1024w, https:\/\/iletim.istanbul.edu.tr\/wp-content\/uploads\/WhatsApp-Image-2021-05-26-at-13.20.00-300x197.jpeg 300w, https:\/\/iletim.istanbul.edu.tr\/wp-content\/uploads\/WhatsApp-Image-2021-05-26-at-13.20.00-214x140.jpeg 214w, https:\/\/iletim.istanbul.edu.tr\/wp-content\/uploads\/WhatsApp-Image-2021-05-26-at-13.20.00.jpeg 1489w\" sizes=\"(max-width: 1024px) 100vw, 1024px\" \/><\/figure><\/li><li class=\"blocks-gallery-item\"><figure><img decoding=\"async\" width=\"1024\" height=\"570\" src=\"https:\/\/iletim.istanbul.edu.tr\/wp-content\/uploads\/WhatsApp-Image-2021-05-26-at-13.20.01-1-1024x570.jpeg\" alt=\"\" data-id=\"15027\" data-full-url=\"https:\/\/iletim.istanbul.edu.tr\/wp-content\/uploads\/WhatsApp-Image-2021-05-26-at-13.20.01-1.jpeg\" data-link=\"https:\/\/iletim.istanbul.edu.tr\/?attachment_id=15027\" class=\"wp-image-15027\" srcset=\"https:\/\/iletim.istanbul.edu.tr\/wp-content\/uploads\/WhatsApp-Image-2021-05-26-at-13.20.01-1-1024x570.jpeg 1024w, https:\/\/iletim.istanbul.edu.tr\/wp-content\/uploads\/WhatsApp-Image-2021-05-26-at-13.20.01-1-300x167.jpeg 300w, https:\/\/iletim.istanbul.edu.tr\/wp-content\/uploads\/WhatsApp-Image-2021-05-26-at-13.20.01-1-1536x855.jpeg 1536w, https:\/\/iletim.istanbul.edu.tr\/wp-content\/uploads\/WhatsApp-Image-2021-05-26-at-13.20.01-1.jpeg 1600w\" sizes=\"(max-width: 1024px) 100vw, 1024px\" \/><\/figure><\/li><li class=\"blocks-gallery-item\"><figure><img decoding=\"async\" width=\"1024\" height=\"768\" src=\"https:\/\/iletim.istanbul.edu.tr\/wp-content\/uploads\/WhatsApp-Image-2021-05-26-at-13.20.01-1024x768.jpeg\" alt=\"\" data-id=\"15028\" data-full-url=\"https:\/\/iletim.istanbul.edu.tr\/wp-content\/uploads\/WhatsApp-Image-2021-05-26-at-13.20.01.jpeg\" data-link=\"https:\/\/iletim.istanbul.edu.tr\/?attachment_id=15028\" class=\"wp-image-15028\" srcset=\"https:\/\/iletim.istanbul.edu.tr\/wp-content\/uploads\/WhatsApp-Image-2021-05-26-at-13.20.01-1024x768.jpeg 1024w, https:\/\/iletim.istanbul.edu.tr\/wp-content\/uploads\/WhatsApp-Image-2021-05-26-at-13.20.01-300x225.jpeg 300w, https:\/\/iletim.istanbul.edu.tr\/wp-content\/uploads\/WhatsApp-Image-2021-05-26-at-13.20.01-1536x1153.jpeg 1536w, https:\/\/iletim.istanbul.edu.tr\/wp-content\/uploads\/WhatsApp-Image-2021-05-26-at-13.20.01.jpeg 1599w\" sizes=\"(max-width: 1024px) 100vw, 1024px\" \/><\/figure><\/li><li class=\"blocks-gallery-item\"><figure><img decoding=\"async\" width=\"1024\" height=\"570\" src=\"https:\/\/iletim.istanbul.edu.tr\/wp-content\/uploads\/WhatsApp-Image-2021-05-26-at-13.20.02-1-1024x570.jpeg\" alt=\"\" data-id=\"15029\" data-full-url=\"https:\/\/iletim.istanbul.edu.tr\/wp-content\/uploads\/WhatsApp-Image-2021-05-26-at-13.20.02-1.jpeg\" data-link=\"https:\/\/iletim.istanbul.edu.tr\/?attachment_id=15029\" class=\"wp-image-15029\" srcset=\"https:\/\/iletim.istanbul.edu.tr\/wp-content\/uploads\/WhatsApp-Image-2021-05-26-at-13.20.02-1-1024x570.jpeg 1024w, https:\/\/iletim.istanbul.edu.tr\/wp-content\/uploads\/WhatsApp-Image-2021-05-26-at-13.20.02-1-300x167.jpeg 300w, https:\/\/iletim.istanbul.edu.tr\/wp-content\/uploads\/WhatsApp-Image-2021-05-26-at-13.20.02-1-1536x854.jpeg 1536w, https:\/\/iletim.istanbul.edu.tr\/wp-content\/uploads\/WhatsApp-Image-2021-05-26-at-13.20.02-1.jpeg 1600w\" sizes=\"(max-width: 1024px) 100vw, 1024px\" \/><\/figure><\/li><li class=\"blocks-gallery-item\"><figure><img decoding=\"async\" width=\"1024\" height=\"529\" src=\"https:\/\/iletim.istanbul.edu.tr\/wp-content\/uploads\/WhatsApp-Image-2021-05-26-at-13.20.02-1024x529.jpeg\" alt=\"\" data-id=\"15030\" data-full-url=\"https:\/\/iletim.istanbul.edu.tr\/wp-content\/uploads\/WhatsApp-Image-2021-05-26-at-13.20.02.jpeg\" data-link=\"https:\/\/iletim.istanbul.edu.tr\/?attachment_id=15030\" class=\"wp-image-15030\" srcset=\"https:\/\/iletim.istanbul.edu.tr\/wp-content\/uploads\/WhatsApp-Image-2021-05-26-at-13.20.02-1024x529.jpeg 1024w, https:\/\/iletim.istanbul.edu.tr\/wp-content\/uploads\/WhatsApp-Image-2021-05-26-at-13.20.02-300x155.jpeg 300w, https:\/\/iletim.istanbul.edu.tr\/wp-content\/uploads\/WhatsApp-Image-2021-05-26-at-13.20.02.jpeg 1503w\" sizes=\"(max-width: 1024px) 100vw, 1024px\" \/><\/figure><\/li><\/ul><\/figure>\n","protected":false},"excerpt":{"rendered":"<p>Haber: Hande Nur Ocak Radyo ve Televizyon \u00dcst Kurulu (RT\u00dcK), Diyanet \u0130\u015fleri Ba\u015fkanl\u0131\u011f\u0131, Erciyes \u00dcniversitesi, TRT, Siyaset, Ekonomi ve Toplum Ara\u015ft\u0131rmalar\u0131 Vakf\u0131 (SETA) i\u015f birli\u011fiyle 1. Uluslararas\u0131 Medya ve \u0130slamofobi Sempozyumu 25-26 May\u0131s\u2019ta ger\u00e7ekle\u015ftirildi. Ankara ATO Congresium&#8217;da d\u00fczenlenen sempozyumun ilk g\u00fcn\u00fcnde T\u00fcrkiye Cumhuriyeti Cumhurba\u015fkan\u0131 Recep Tayyip Erdo\u011fan da kat\u0131ld\u0131. Cumhurba\u015fkan\u0131 Recep Tayyip Erdo\u011fan, konu\u015fmas\u0131na kendisini [&hellip;]<\/p>\n","protected":false},"author":14,"featured_media":15021,"comment_status":"open","ping_status":"open","sticky":false,"template":"","format":"standard","meta":{"jnews-multi-image_gallery":[],"jnews_single_post":[],"jnews_primary_category":[],"jnews_social_meta":[],"jnews_override_counter":[],"footnotes":""},"categories":[178],"tags":[],"class_list":["post-15020","post","type-post","status-publish","format-standard","has-post-thumbnail","hentry","category-fakultemizden"],"_links":{"self":[{"href":"https:\/\/iletim.istanbul.edu.tr\/index.php\/wp-json\/wp\/v2\/posts\/15020","targetHints":{"allow":["GET"]}}],"collection":[{"href":"https:\/\/iletim.istanbul.edu.tr\/index.php\/wp-json\/wp\/v2\/posts"}],"about":[{"href":"https:\/\/iletim.istanbul.edu.tr\/index.php\/wp-json\/wp\/v2\/types\/post"}],"author":[{"embeddable":true,"href":"https:\/\/iletim.istanbul.edu.tr\/index.php\/wp-json\/wp\/v2\/users\/14"}],"replies":[{"embeddable":true,"href":"https:\/\/iletim.istanbul.edu.tr\/index.php\/wp-json\/wp\/v2\/comments?post=15020"}],"version-history":[{"count":0,"href":"https:\/\/iletim.istanbul.edu.tr\/index.php\/wp-json\/wp\/v2\/posts\/15020\/revisions"}],"wp:featuredmedia":[{"embeddable":true,"href":"https:\/\/iletim.istanbul.edu.tr\/index.php\/wp-json\/wp\/v2\/media\/15021"}],"wp:attachment":[{"href":"https:\/\/iletim.istanbul.edu.tr\/index.php\/wp-json\/wp\/v2\/media?parent=15020"}],"wp:term":[{"taxonomy":"category","embeddable":true,"href":"https:\/\/iletim.istanbul.edu.tr\/index.php\/wp-json\/wp\/v2\/categories?post=15020"},{"taxonomy":"post_tag","embeddable":true,"href":"https:\/\/iletim.istanbul.edu.tr\/index.php\/wp-json\/wp\/v2\/tags?post=15020"}],"curies":[{"name":"wp","href":"https:\/\/api.w.org\/{rel}","templated":true}]}}