{"id":15032,"date":"2021-05-26T21:49:10","date_gmt":"2021-05-26T18:49:10","guid":{"rendered":"https:\/\/iletim.istanbul.edu.tr\/?p=15032"},"modified":"2021-05-27T13:45:42","modified_gmt":"2021-05-27T10:45:42","slug":"istanbul-iletisim-konusmalarinin-konugu-trt-washington-muhabiri-ali-artmaz","status":"publish","type":"post","link":"https:\/\/iletim.istanbul.edu.tr\/index.php\/2021\/05\/26\/istanbul-iletisim-konusmalarinin-konugu-trt-washington-muhabiri-ali-artmaz\/","title":{"rendered":"\u0130stanbul \u0130leti\u015fim Konu\u015fmalar\u0131\u2019n\u0131n konu\u011fu TRT Washington Muhabiri Ali Artmaz;  \u201cGazetecilik, tarihe tan\u0131kl\u0131k etmektir\u201d"},"content":{"rendered":"\n<p><strong>\u0130leti\u015fim Fak\u00fcltesi \u00f6\u011frencilerinin sekt\u00f6r\u00fcn tecr\u00fcbeli isimleri ile bulu\u015ftu\u011fu \u0130stanbul \u0130leti\u015fim Konu\u015fmalar\u0131 devam ediyor. Halkla \u0130li\u015fkiler ve Tan\u0131t\u0131m B\u00f6l\u00fcm\u00fc\u2019nden \u00d6\u011fr. G\u00f6r. Fatih \u00d6zkoyuncu moderat\u00f6rl\u00fc\u011f\u00fcnde ger\u00e7ekle\u015fen \u201cYurtd\u0131\u015f\u0131nda Muhabir Olmak\u201d ba\u015fl\u0131kl\u0131 etkinlikte gazetecilik ve muhabirli\u011fe dair \u00f6nemli detaylar konu\u015fuldu.<\/strong><\/p>\n\n\n\n<p>\u0130stanbul \u00dcniversitesi \u0130leti\u015fim Fak\u00fcltesi\u2019nin \u00f6\u011frencilerin mesleki geli\u015fimine odaklanan vizyonunun bir yans\u0131mas\u0131 olan \u0130stanbul \u0130leti\u015fim Konu\u015fmalar\u0131 sekt\u00f6r\u00fcn g\u00fcncel durumunu ve \u00f6nemli temsilcilerini \u00f6\u011frencilere ula\u015ft\u0131rmay\u0131 s\u00fcrd\u00fcr\u00fcyor. Etkinli\u011fe bu hafta TRT Haber Washington Muhabiri Ali Artmaz konuk oldu.<\/p>\n\n\n\n<p>Moderat\u00f6rl\u00fc\u011f\u00fcn\u00fc<strong> <\/strong>Halkla \u0130li\u015fkiler ve Tan\u0131t\u0131m B\u00f6l\u00fcm\u00fc\u2019nden \u00d6\u011fr. G\u00f6r. Fatih\u00d6zkoyuncu\u2019nun \u00fcstlendi\u011fi etkinlikte Ali Artmaz muhabirli\u011fe dair kendi deneyimleri ba\u015fta olmak \u00fczere alana dair \u00f6nemli bilgiler payla\u015ft\u0131.<\/p>\n\n\n\n<figure class=\"wp-block-image size-large\"><img decoding=\"async\" width=\"1024\" height=\"704\" src=\"https:\/\/iletim.istanbul.edu.tr\/wp-content\/uploads\/1-22-1024x704.jpg\" alt=\"\" class=\"wp-image-15034\" srcset=\"https:\/\/iletim.istanbul.edu.tr\/wp-content\/uploads\/1-22-1024x704.jpg 1024w, https:\/\/iletim.istanbul.edu.tr\/wp-content\/uploads\/1-22-300x206.jpg 300w, https:\/\/iletim.istanbul.edu.tr\/wp-content\/uploads\/1-22.jpg 1397w\" sizes=\"(max-width: 1024px) 100vw, 1024px\" \/><\/figure>\n\n\n\n<p><strong>\u201cGazetecilik, tarihe tan\u0131kl\u0131k etmektir\u201d<\/strong><\/p>\n\n\n\n<p>Muhabirli\u011fin g\u00fcn\u00fcm\u00fcz geli\u015fmelerine ba\u011fl\u0131 olarak \u00f6nemli bir de\u011fi\u015fim s\u00fcrecinden ge\u00e7ti\u011fini belirten Artmaz , \u201cMuhabirlik sadece bir alandan ibaret de\u011fildir. Ana \u00e7at\u0131m\u0131z gazetecilik. Gazetecilik tarihe tan\u0131kl\u0131k etmektir. Bir\u00e7ok alanda yer al\u0131nmas\u0131 gerekmektedir\u201d ifadeleriyle gen\u00e7 ileti\u015fimcilerin t\u00fcm geli\u015fmeleri takip ve tecr\u00fcbe etmesi gerekti\u011fini belirtti.<\/p>\n\n\n\n<p><strong>\u201cMuhabirin ana ba\u015fl\u0131klar\u0131 bilgi ve genel k\u00fclt\u00fcrd\u00fcr\u201d<\/strong><\/p>\n\n\n\n<p>Gazetecili\u011fin zor bir meslek oldu\u011funu belirten deneyimli muhabir \u201cBilgi ve genel k\u00fclt\u00fcr bir muhabirde bulunmas\u0131 gereken temel \u00f6zellikler. Bilgi bizim mesle\u011fimizde en b\u00fcy\u00fck g\u00fc\u00e7. Bilgiyle ilgili ne kadar done varsa o g\u00fcc\u00fcn\u00fcz\u00fc g\u00f6sterir.&nbsp; Hangi konuyla ilgili yay\u0131na \u00e7\u0131kaca\u011f\u0131n\u0131z\u0131 bilemeyebilirsiniz. Her an haz\u0131rl\u0131kl\u0131 olmak laz\u0131m. Di\u011fer \u00f6nemli ba\u015fl\u0131k merak. Bilgiye ula\u015fmayla ilgili. Her haber \u00f6nerisi merakla ba\u015fl\u0131yor. Okurken se\u00e7ti\u011finiz alana yat\u0131r\u0131mlar yapmaya ba\u015flay\u0131n. \u201d diyerek sekt\u00f6r\u00fcn &nbsp;dinamiklerinden s\u00f6z etti.<\/p>\n\n\n\n<p>\u0130stanbul \u0130leti\u015fim Konu\u015fmalar\u0131 her \u00c7ar\u015famba sekt\u00f6r temsilcilerini \u0130leti\u015fim Fak\u00fcltesi \u00f6\u011frencileri ile bulu\u015fturmaya devam edecek. Zoom \u00fczerinden ger\u00e7ekle\u015fecek etkinlikler ayn\u0131 zamanda \u0130\u00dcWEBTV \u00fczerinden de canl\u0131 olarak yay\u0131nlanacak.<\/p>\n\n\n\n<p>Etkinli\u011fin tamam\u0131n\u0131 a\u015fa\u011f\u0131dan izleyebilirsiniz:<\/p>\n\n\n\n<figure class=\"wp-block-embed-youtube wp-block-embed is-type-video is-provider-youtube wp-embed-aspect-16-9 wp-has-aspect-ratio\"><div class=\"wp-block-embed__wrapper\">\nhttps:\/\/youtu.be\/fJ1IXMh3hbU\n<\/div><\/figure>\n","protected":false},"excerpt":{"rendered":"<p>\u0130leti\u015fim Fak\u00fcltesi \u00f6\u011frencilerinin sekt\u00f6r\u00fcn tecr\u00fcbeli isimleri ile bulu\u015ftu\u011fu \u0130stanbul \u0130leti\u015fim Konu\u015fmalar\u0131 devam ediyor. Halkla \u0130li\u015fkiler ve Tan\u0131t\u0131m B\u00f6l\u00fcm\u00fc\u2019nden \u00d6\u011fr. G\u00f6r. Fatih \u00d6zkoyuncu moderat\u00f6rl\u00fc\u011f\u00fcnde ger\u00e7ekle\u015fen \u201cYurtd\u0131\u015f\u0131nda Muhabir Olmak\u201d ba\u015fl\u0131kl\u0131 etkinlikte gazetecilik ve muhabirli\u011fe dair \u00f6nemli detaylar konu\u015fuldu. \u0130stanbul \u00dcniversitesi \u0130leti\u015fim Fak\u00fcltesi\u2019nin \u00f6\u011frencilerin mesleki geli\u015fimine odaklanan vizyonunun bir yans\u0131mas\u0131 olan \u0130stanbul \u0130leti\u015fim Konu\u015fmalar\u0131 sekt\u00f6r\u00fcn g\u00fcncel durumunu ve [&hellip;]<\/p>\n","protected":false},"author":14,"featured_media":15033,"comment_status":"open","ping_status":"open","sticky":false,"template":"","format":"standard","meta":{"jnews-multi-image_gallery":[],"jnews_single_post":[],"jnews_primary_category":[],"jnews_social_meta":[],"jnews_override_counter":[],"footnotes":""},"categories":[178],"tags":[],"class_list":["post-15032","post","type-post","status-publish","format-standard","has-post-thumbnail","hentry","category-fakultemizden"],"_links":{"self":[{"href":"https:\/\/iletim.istanbul.edu.tr\/index.php\/wp-json\/wp\/v2\/posts\/15032","targetHints":{"allow":["GET"]}}],"collection":[{"href":"https:\/\/iletim.istanbul.edu.tr\/index.php\/wp-json\/wp\/v2\/posts"}],"about":[{"href":"https:\/\/iletim.istanbul.edu.tr\/index.php\/wp-json\/wp\/v2\/types\/post"}],"author":[{"embeddable":true,"href":"https:\/\/iletim.istanbul.edu.tr\/index.php\/wp-json\/wp\/v2\/users\/14"}],"replies":[{"embeddable":true,"href":"https:\/\/iletim.istanbul.edu.tr\/index.php\/wp-json\/wp\/v2\/comments?post=15032"}],"version-history":[{"count":0,"href":"https:\/\/iletim.istanbul.edu.tr\/index.php\/wp-json\/wp\/v2\/posts\/15032\/revisions"}],"wp:featuredmedia":[{"embeddable":true,"href":"https:\/\/iletim.istanbul.edu.tr\/index.php\/wp-json\/wp\/v2\/media\/15033"}],"wp:attachment":[{"href":"https:\/\/iletim.istanbul.edu.tr\/index.php\/wp-json\/wp\/v2\/media?parent=15032"}],"wp:term":[{"taxonomy":"category","embeddable":true,"href":"https:\/\/iletim.istanbul.edu.tr\/index.php\/wp-json\/wp\/v2\/categories?post=15032"},{"taxonomy":"post_tag","embeddable":true,"href":"https:\/\/iletim.istanbul.edu.tr\/index.php\/wp-json\/wp\/v2\/tags?post=15032"}],"curies":[{"name":"wp","href":"https:\/\/api.w.org\/{rel}","templated":true}]}}