{"id":15039,"date":"2021-05-27T18:13:11","date_gmt":"2021-05-27T15:13:11","guid":{"rendered":"https:\/\/iletim.istanbul.edu.tr\/?p=15039"},"modified":"2021-05-27T18:14:06","modified_gmt":"2021-05-27T15:14:06","slug":"fakultemizin-emektarlari-yildiz-orenliler-ve-erbay-pehlivana-emeklilik-toreni","status":"publish","type":"post","link":"https:\/\/iletim.istanbul.edu.tr\/index.php\/2021\/05\/27\/fakultemizin-emektarlari-yildiz-orenliler-ve-erbay-pehlivana-emeklilik-toreni\/","title":{"rendered":"Fak\u00fcltemizin Emektarlar\u0131 Y\u0131ld\u0131z \u00d6renliler ve Erbay Pehlivan\u2019a Emeklilik T\u00f6reni"},"content":{"rendered":"\n<p><strong>\u0130stanbul \u00dcniversitesi \u0130leti\u015fim Fak\u00fcltesi\u2019nin idari personelleri Y\u0131ld\u0131z \u00d6renliler ve Erbay Pehlivan\u2019\u0131n emeklilik t\u00f6reni ger\u00e7ekle\u015ftirildi. \u0130leti\u015fim Fak\u00fcltesi\u2019ne uzun y\u0131llard\u0131r emek veren \u00d6renliler ve Pehlivan i\u00e7in d\u00fczenlenen t\u00f6rene, \u0130leti\u015fim Fak\u00fcltesi Dekan\u0131 Prof. Dr. Abdullah \u00d6zkan, Fak\u00fclte Sekreteri Selim Eker ve \u0130leti\u015fim Fak\u00fcltesi\u2019nin idari ve akademik personeli kat\u0131l\u0131m sa\u011flad\u0131.<\/strong><\/p>\n\n\n\n<p>\u0130leti\u015fim Fak\u00fcltesi\u2019nin iki de\u011ferli \u00e7al\u0131\u015fan\u0131 daha emeklilik hayat\u0131na ad\u0131m att\u0131. Fak\u00fcltemizin idari personelleri Y\u0131ld\u0131z \u00d6renliler ve Erbay Pehlivan i\u00e7in d\u00fczenlenen emeklilik t\u00f6reninin ilk konu\u015fmas\u0131n\u0131 \u0130leti\u015fim Fak\u00fcltesi Dekan\u0131 Prof. Dr. Abdullah \u00d6zkan ger\u00e7ekle\u015ftirdi.<\/p>\n\n\n\n<p><strong>\u201c\u0130dari Personelimiz Kurumumuz \u0130\u00e7in \u00c7ok K\u0131ymetli\u201d<\/strong><\/p>\n\n\n\n<p>Y\u0131ld\u0131z \u00d6renliler ve Erbay Pehlivan\u2019\u0131n \u0130leti\u015fim Fak\u00fcltesi\u2019ne \u00e7ok \u00f6nemli katk\u0131lar\u0131n\u0131n oldu\u011funu vurgulayan Prof. Dr. \u00d6zkan, \u201cK\u0131ymetli \u00e7al\u0131\u015fanlar\u0131m\u0131z, \u00e7al\u0131\u015fma hayatlar\u0131na nokta koymu\u015f olsalar da onlarla olan ba\u011f\u0131m\u0131z\u0131n her zaman devam etmesini istiyoruz. \u0130dari personelimiz kurumumuz i\u00e7in \u00e7ok k\u0131ymetli. Onlar i\u015fi yapan, y\u00fcr\u00fcten; i\u015fe sahip \u00e7\u0131kan insanlar. \u00c7ok \u00f6nemli bir bilgi birikimine ve deneyime sahipler. Ekibimize her zaman sahip \u00e7\u0131kan Fak\u00fclte Sekreterimiz Selim Bey\u2019e de \u00e7ok te\u015fekk\u00fcr ediyoruz. Arkada\u015flar\u0131m\u0131z her zaman ellerinden gelenin en iyisini yapmaya \u00e7al\u0131\u015f\u0131yor. Bizim g\u00f6revimiz ise onlara sahip \u00e7\u0131kmak ve \u00f6nlerini a\u00e7mak. Kendilerine bundan sonras\u0131 i\u00e7in de mutluluklar diliyorum. Allah yollar\u0131n\u0131 a\u00e7\u0131k etsin\u201d dedi.<\/p>\n\n\n\n<p><strong>\u201cArkada\u015flar\u0131m\u0131z\u0131n, Kurumumuza Hep Ko\u015farak ve G\u00fclerek Gelmelerini \u0130stedik\u201d<\/strong><\/p>\n\n\n\n<p>Prof. Dr. \u00d6zkan\u2019\u0131n ifadelerini tamamlamas\u0131n\u0131n ard\u0131ndan Fak\u00fclte Sekreteri Selim Eker s\u00f6z ald\u0131. Emeklili\u011fin \u00e7ok farkl\u0131 bir duygu oldu\u011funu ve yakla\u015f\u0131k bir bu\u00e7uk ay sonra kendisinin de bu duyguyu ya\u015fayaca\u011f\u0131n\u0131 belirten Eker, 40 y\u0131l\u0131n\u0131 \u0130stanbul \u00dcniversitesi\u2019ne veren bir \u00e7al\u0131\u015fan olarak idari personeli kazanman\u0131n ne kadar \u00f6nemli oldu\u011funun alt\u0131n\u0131 \u00e7izdi. \u201cArkada\u015flar\u0131m\u0131z\u0131n gelebilecekleri en \u00fcst noktaya gelmeleri i\u00e7in e\u011fitimler d\u00fczenledik, kendilerine yard\u0131mc\u0131 olmaya \u00e7al\u0131\u015ft\u0131k. Onlar\u0131n buraya hep ko\u015farak, g\u00fclerek gelmelerini istedik. Ve bunun sonucunda \u00e7ok g\u00fczel bir \u00e7al\u0131\u015fma ortam\u0131m\u0131z oldu. Umuyorum ki bundan sonra da hep mutlu olurlar\u201d \u015feklinde konu\u015fan Eker, \u00d6renliler ve Pehlivan\u2019a emeklilik hayatlar\u0131nda ba\u015far\u0131lar diledi.<\/p>\n\n\n\n<p><strong>\u201cKarde\u015flik \u0130\u00e7erisinde \u00c7al\u0131\u015ft\u0131k\u201d<\/strong><\/p>\n\n\n\n<p>Eker\u2019in s\u00f6zlerinin ard\u0131ndan idari personelimiz Erbay Pehlivan konu\u015fmas\u0131n\u0131 ger\u00e7ekle\u015ftirdi. \u0130stanbul \u00dcniversitesi\u2019nde 31 y\u0131l ge\u00e7irdi\u011fini ve bu s\u00fcre i\u00e7erisinde ekip arkada\u015flar\u0131yla karde\u015flik i\u00e7erisinde \u00e7al\u0131\u015ft\u0131klar\u0131n\u0131 belirten Pehlivan, \u201cFak\u00fcltemiz bize \u00e7ok \u015fey katt\u0131. \u00d6zellikle Selim Bey geldikten sonra \u00e7ok \u00f6nemli \u00e7al\u0131\u015fmalar ger\u00e7ekle\u015ftirdik. Kendisi bize neler yapabilece\u011fimizi g\u00f6sterdi, her konuda yard\u0131mc\u0131 oldu. Biz de elimizden geldi\u011fi kadar\u0131yla okulumuza sahip \u00e7\u0131kmaya \u00e7al\u0131\u015ft\u0131k\u201d ifadelerini kulland\u0131.<\/p>\n\n\n\n<p><strong>\u201cArkada\u015flar\u0131m\u0131n Sevgi ve Sayg\u0131lar\u0131n\u0131 Her Zaman Hissettim\u201d<\/strong><\/p>\n\n\n\n<p>Erbay\u2019\u0131n ifadelerinin ard\u0131ndan idari personelimiz Y\u0131ld\u0131z \u00d6renliler s\u00f6z ald\u0131. \u0130leti\u015fim Fak\u00fcltesi\u2019nde \u00e7al\u0131\u015fm\u0131\u015f olmaktan b\u00fcy\u00fck bir mutluluk duydu\u011funu belirten \u00d6renliler, \u201c\u0130yi ki bu kuruma gelmi\u015fim, iyi ki arkada\u015flar\u0131m\u0131 tan\u0131m\u0131\u015f\u0131m. Onlar\u0131n bana olan sevgi ve sayg\u0131lar\u0131n\u0131 her zaman hissettim. Hi\u00e7bir zaman kalbimi k\u0131rmad\u0131lar. \u0130yi ki varlar. Ba\u015fta Selim Bey olmak \u00fczere \u00f6n\u00fcm\u00fcz\u00fc a\u00e7an b\u00fct\u00fcn arkada\u015flar\u0131m\u0131za \u00e7ok te\u015fekk\u00fcr ederim. Herkes hakk\u0131n\u0131 helal etsin\u201d \u015feklinde konu\u015ftu.<\/p>\n\n\n\n<p>\u00d6renliler ve Pehlivan i\u00e7in d\u00fczenlenen emeklilik t\u00f6reni, plaket ve \u00e7i\u00e7ek takdiminin ard\u0131ndan foto\u011fraf \u00e7ekimiyle sona erdi.<\/p>\n\n\n\n<figure class=\"wp-block-gallery columns-3 is-cropped wp-block-gallery-1 is-layout-flex wp-block-gallery-is-layout-flex\"><ul class=\"blocks-gallery-grid\"><li class=\"blocks-gallery-item\"><figure><a href=\"https:\/\/iletim.istanbul.edu.tr\/wp-content\/uploads\/DSC_9995.jpg\"><img decoding=\"async\" width=\"1024\" height=\"680\" src=\"https:\/\/iletim.istanbul.edu.tr\/wp-content\/uploads\/DSC_9995-1024x680.jpg\" alt=\"\" data-id=\"15044\" data-full-url=\"https:\/\/iletim.istanbul.edu.tr\/wp-content\/uploads\/DSC_9995.jpg\" data-link=\"https:\/\/iletim.istanbul.edu.tr\/?attachment_id=15044\" class=\"wp-image-15044\" srcset=\"https:\/\/iletim.istanbul.edu.tr\/wp-content\/uploads\/DSC_9995-1024x680.jpg 1024w, https:\/\/iletim.istanbul.edu.tr\/wp-content\/uploads\/DSC_9995-300x199.jpg 300w, https:\/\/iletim.istanbul.edu.tr\/wp-content\/uploads\/DSC_9995.jpg 1287w\" sizes=\"(max-width: 1024px) 100vw, 1024px\" \/><\/a><\/figure><\/li><li class=\"blocks-gallery-item\"><figure><a href=\"https:\/\/iletim.istanbul.edu.tr\/wp-content\/uploads\/DSC_0003-1.jpg\"><img decoding=\"async\" width=\"1024\" height=\"680\" src=\"https:\/\/iletim.istanbul.edu.tr\/wp-content\/uploads\/DSC_0003-1-1024x680.jpg\" alt=\"\" data-id=\"15042\" data-full-url=\"https:\/\/iletim.istanbul.edu.tr\/wp-content\/uploads\/DSC_0003-1.jpg\" data-link=\"https:\/\/iletim.istanbul.edu.tr\/?attachment_id=15042\" class=\"wp-image-15042\" srcset=\"https:\/\/iletim.istanbul.edu.tr\/wp-content\/uploads\/DSC_0003-1-1024x680.jpg 1024w, https:\/\/iletim.istanbul.edu.tr\/wp-content\/uploads\/DSC_0003-1-300x199.jpg 300w, https:\/\/iletim.istanbul.edu.tr\/wp-content\/uploads\/DSC_0003-1.jpg 1287w\" sizes=\"(max-width: 1024px) 100vw, 1024px\" \/><\/a><\/figure><\/li><li class=\"blocks-gallery-item\"><figure><a href=\"https:\/\/iletim.istanbul.edu.tr\/wp-content\/uploads\/DSC_9985.jpg\"><img decoding=\"async\" width=\"1024\" height=\"592\" src=\"https:\/\/iletim.istanbul.edu.tr\/wp-content\/uploads\/DSC_9985-1024x592.jpg\" alt=\"\" data-id=\"15043\" data-full-url=\"https:\/\/iletim.istanbul.edu.tr\/wp-content\/uploads\/DSC_9985.jpg\" data-link=\"https:\/\/iletim.istanbul.edu.tr\/?attachment_id=15043\" class=\"wp-image-15043\" srcset=\"https:\/\/iletim.istanbul.edu.tr\/wp-content\/uploads\/DSC_9985-1024x592.jpg 1024w, https:\/\/iletim.istanbul.edu.tr\/wp-content\/uploads\/DSC_9985-300x173.jpg 300w, https:\/\/iletim.istanbul.edu.tr\/wp-content\/uploads\/DSC_9985.jpg 1213w\" sizes=\"(max-width: 1024px) 100vw, 1024px\" \/><\/a><\/figure><\/li><\/ul><\/figure>\n\n\n\n<p><\/p>\n\n\n\n<p><strong>Haber: Tu\u011f\u00e7e AY\u00c7\u0130N<\/strong><\/p>\n","protected":false},"excerpt":{"rendered":"<p>\u0130stanbul \u00dcniversitesi \u0130leti\u015fim Fak\u00fcltesi\u2019nin idari personelleri Y\u0131ld\u0131z \u00d6renliler ve Erbay Pehlivan\u2019\u0131n emeklilik t\u00f6reni ger\u00e7ekle\u015ftirildi. \u0130leti\u015fim Fak\u00fcltesi\u2019ne uzun y\u0131llard\u0131r emek veren \u00d6renliler ve Pehlivan i\u00e7in d\u00fczenlenen t\u00f6rene, \u0130leti\u015fim Fak\u00fcltesi Dekan\u0131 Prof. Dr. Abdullah \u00d6zkan, Fak\u00fclte Sekreteri Selim Eker ve \u0130leti\u015fim Fak\u00fcltesi\u2019nin idari ve akademik personeli kat\u0131l\u0131m sa\u011flad\u0131. \u0130leti\u015fim Fak\u00fcltesi\u2019nin iki de\u011ferli \u00e7al\u0131\u015fan\u0131 daha emeklilik hayat\u0131na ad\u0131m [&hellip;]<\/p>\n","protected":false},"author":14,"featured_media":15040,"comment_status":"open","ping_status":"open","sticky":false,"template":"","format":"standard","meta":{"jnews-multi-image_gallery":[],"jnews_single_post":[],"jnews_primary_category":[],"jnews_social_meta":[],"jnews_override_counter":[],"footnotes":""},"categories":[178],"tags":[],"class_list":["post-15039","post","type-post","status-publish","format-standard","has-post-thumbnail","hentry","category-fakultemizden"],"_links":{"self":[{"href":"https:\/\/iletim.istanbul.edu.tr\/index.php\/wp-json\/wp\/v2\/posts\/15039","targetHints":{"allow":["GET"]}}],"collection":[{"href":"https:\/\/iletim.istanbul.edu.tr\/index.php\/wp-json\/wp\/v2\/posts"}],"about":[{"href":"https:\/\/iletim.istanbul.edu.tr\/index.php\/wp-json\/wp\/v2\/types\/post"}],"author":[{"embeddable":true,"href":"https:\/\/iletim.istanbul.edu.tr\/index.php\/wp-json\/wp\/v2\/users\/14"}],"replies":[{"embeddable":true,"href":"https:\/\/iletim.istanbul.edu.tr\/index.php\/wp-json\/wp\/v2\/comments?post=15039"}],"version-history":[{"count":0,"href":"https:\/\/iletim.istanbul.edu.tr\/index.php\/wp-json\/wp\/v2\/posts\/15039\/revisions"}],"wp:featuredmedia":[{"embeddable":true,"href":"https:\/\/iletim.istanbul.edu.tr\/index.php\/wp-json\/wp\/v2\/media\/15040"}],"wp:attachment":[{"href":"https:\/\/iletim.istanbul.edu.tr\/index.php\/wp-json\/wp\/v2\/media?parent=15039"}],"wp:term":[{"taxonomy":"category","embeddable":true,"href":"https:\/\/iletim.istanbul.edu.tr\/index.php\/wp-json\/wp\/v2\/categories?post=15039"},{"taxonomy":"post_tag","embeddable":true,"href":"https:\/\/iletim.istanbul.edu.tr\/index.php\/wp-json\/wp\/v2\/tags?post=15039"}],"curies":[{"name":"wp","href":"https:\/\/api.w.org\/{rel}","templated":true}]}}