{"id":15046,"date":"2021-05-27T18:16:12","date_gmt":"2021-05-27T15:16:12","guid":{"rendered":"https:\/\/iletim.istanbul.edu.tr\/?p=15046"},"modified":"2021-05-27T18:16:15","modified_gmt":"2021-05-27T15:16:15","slug":"ic-guvenlik-ve-dijital-iletisim-sistemleri-iliskisi-istanbul-iletisimde-konusuldu","status":"publish","type":"post","link":"https:\/\/iletim.istanbul.edu.tr\/index.php\/2021\/05\/27\/ic-guvenlik-ve-dijital-iletisim-sistemleri-iliskisi-istanbul-iletisimde-konusuldu\/","title":{"rendered":"\u0130\u00e7 G\u00fcvenlik ve Dijital \u0130leti\u015fim Sistemleri \u0130li\u015fkisi \u0130stanbul \u0130leti\u015fim\u2019de Konu\u015fuldu"},"content":{"rendered":"\n<p><strong>T\u00fcrkiye\u2019nin ilk \u0130leti\u015fim Fak\u00fcltesi olarak 70 y\u0131ll\u0131k bilimsel birikimimizi kamuoyu ile payla\u015fmay\u0131 s\u00fcrd\u00fcr\u00fcyoruz. Bilimsel \u00c7al\u0131\u015fmalar Dizisi sunumlar\u0131nda bu hafta Prof. Dr. Burcu Kaya Erdem\u2019in y\u00fcr\u00fct\u00fcc\u00fcl\u00fc\u011f\u00fcn\u00fc yapt\u0131\u011f\u0131 \u201cT\u00fcrkiye\u2019de \u0130\u00e7 G\u00fcvenli\u011fin Sa\u011flanmas\u0131 S\u00fcrecinde Dijital \u0130leti\u015fim Sistemlerinin Etkin Kullan\u0131m\u0131na \u0130li\u015fkin Fark\u0131ndal\u0131\u011f\u0131n Belirlenmesi\u201d ba\u015fl\u0131kl\u0131 projenin detaylar\u0131 anlat\u0131ld\u0131.<\/strong><\/p>\n\n\n\n<p>Bilimsel bilginin \u00fcretimi kadar payla\u015f\u0131m\u0131na da \u00f6nem veren \u0130stanbul \u00dcniversitesi \u0130leti\u015fim Fak\u00fcltesi, bir s\u00fcre \u00f6nce Bilimsel \u00c7al\u0131\u015fmalar Dizisi etkinlik serisini ba\u015flatt\u0131. Yeni nesil ara\u015ft\u0131rmac\u0131lara ilham vermek ve g\u00fcncel bilim d\u00fcnyas\u0131n\u0131 daha iyi okuyabilmelerini sa\u011flama amac\u0131yla y\u00fcr\u00fct\u00fclen etkinlik serisinin g\u00fcndemi bu hafta i\u00e7 g\u00fcvenlik ve dijital ileti\u015fim sistemleri aras\u0131ndaki ili\u015fki ve fark\u0131ndal\u0131k oldu.<\/p>\n\n\n\n<p>Etkinlikte \u0130stanbul \u00dcniversitesi \u0130leti\u015fim Fak\u00fcltesi \u00d6\u011fretim \u00dcyesi Prof. Dr. Burcu Kaya Erdem\u2019in y\u00fcr\u00fct\u00fcc\u00fcl\u00fc\u011f\u00fcn\u00fc yapt\u0131\u011f\u0131 \u201cT\u00fcrkiye\u2019de \u0130\u00e7 G\u00fcvenli\u011fin Sa\u011flanmas\u0131 S\u00fcrecinde Dijital \u0130leti\u015fim Sistemlerinin Etkin Kullan\u0131m\u0131na \u0130li\u015fkin Fark\u0131ndal\u0131\u011f\u0131n Belirlenmesi\u201d ba\u015fl\u0131kl\u0131 proje \u00e7e\u015fitli y\u00f6nleriyle ele al\u0131nd\u0131.<\/p>\n\n\n\n<p>&nbsp;\u201cProjede emniyet te\u015fkilat\u0131n\u0131n dijital ileti\u015fim sistem ve uygulamalar\u0131na y\u00f6nelik hedef kitle fark\u0131ndal\u0131\u011f\u0131n\u0131n ve kullan\u0131m yeterliliklerinin \u00f6l\u00e7\u00fclmesini sa\u011flamak ama\u00e7land\u0131\u201d ifadelerini kullanan proje y\u00fcr\u00fct\u00fcc\u00fcs\u00fc Prof. Dr. Burcu Kaya Erdem, \u201c\u0130stanbul \u00dcniversitesi\u2019nin ara\u015ft\u0131rma \u00fcniversitesi belirlenmesi ekseninde ba\u015fta makro \u00f6l\u00e7ekte \u00fcniversitemiz mikro \u00f6l\u00e7ekte fak\u00fcltemiz misyon ve vizyonunu \u00f6nemli \u00f6l\u00e7\u00fcde revize etti\u201d diyerek y\u00fcr\u00fctt\u00fckleri ara\u015ft\u0131rman\u0131n \u00e7\u0131k\u0131\u015f noktalar\u0131na dikkat \u00e7ekti.<\/p>\n\n\n\n<p>Projede ara\u015ft\u0131rmac\u0131 olarak yer alan Dr. \u00d6\u011fr. \u00dcyesi Derya G\u00fcl \u00dcnl\u00fc ile Ar\u015f. G\u00f6r. Dr. O\u011fuz Ku\u015f projenin \u00fc\u00e7 temel nokta \u00fczerine in\u015fa edildi\u011fini belirtti. Emniyet M\u00fcd\u00fcrl\u00fc\u011f\u00fc\u2019n\u00fcn sosyal medya hesaplar\u0131, mobil uygulama hizmetleri ve web sayfas\u0131 verilerinin incelenerek analizler yap\u0131ld\u0131\u011f\u0131n\u0131 belirten akademisyenler bu yol ile fark\u0131ndal\u0131\u011f\u0131n \u00f6l\u00e7\u00fclmesinde g\u00fcvenilirli\u011fi de sa\u011fland\u0131\u011f\u0131n\u0131 vurgulad\u0131lar.<\/p>\n\n\n\n<p>Proje ara\u015ft\u0131rmac\u0131lar\u0131ndan Do\u00e7. Dr. \u00d6zlem Arda bir\u00e7ok ara\u015ft\u0131rmac\u0131y\u0131 kurumun temsiliyetinde bir araya getirdiklerini belirtti.<\/p>\n\n\n\n<p>\u0130stanbul \u00dcniversitesi \u0130leti\u015fim Fak\u00fcltesi Dekan Yard\u0131mc\u0131s\u0131 Do\u00e7. Dr. \u00dcmit Sar\u0131 \u00fcniversite ve fak\u00fclte vizyonu \u00e7er\u00e7evesinde \u00fcniversite-kamu kurumlar\u0131-vatanda\u015flar \u00fc\u00e7geninde projeler geli\u015ftirmeyi s\u00fcrd\u00fcreceklerini ifade etti.<\/p>\n\n\n\n<p>Bilimsel \u00c7al\u0131\u015fmalar Dizisi kapsam\u0131nda iki haftal\u0131k aral\u0131klarla akademisyen ve \u00f6\u011frencilerin kat\u0131l\u0131m\u0131nda projelere dair detaylar ve \u00e7\u0131kt\u0131lar \u00fczerinde duruluyor, sorular ve gelecek projeler i\u00e7in \u00f6neriler al\u0131n\u0131yor.<\/p>\n\n\n\n<p>Etkinli\u011fin tamam\u0131n\u0131 a\u015fa\u011f\u0131dan izleyebilirsiniz:<\/p>\n\n\n\n<figure class=\"wp-block-embed-youtube wp-block-embed is-type-video is-provider-youtube wp-embed-aspect-16-9 wp-has-aspect-ratio\"><div class=\"wp-block-embed__wrapper\">\nhttps:\/\/www.youtube.com\/watch?v=S_nJ33eJomk\n<\/div><\/figure>\n","protected":false},"excerpt":{"rendered":"<p>T\u00fcrkiye\u2019nin ilk \u0130leti\u015fim Fak\u00fcltesi olarak 70 y\u0131ll\u0131k bilimsel birikimimizi kamuoyu ile payla\u015fmay\u0131 s\u00fcrd\u00fcr\u00fcyoruz. Bilimsel \u00c7al\u0131\u015fmalar Dizisi sunumlar\u0131nda bu hafta Prof. Dr. Burcu Kaya Erdem\u2019in y\u00fcr\u00fct\u00fcc\u00fcl\u00fc\u011f\u00fcn\u00fc yapt\u0131\u011f\u0131 \u201cT\u00fcrkiye\u2019de \u0130\u00e7 G\u00fcvenli\u011fin Sa\u011flanmas\u0131 S\u00fcrecinde Dijital \u0130leti\u015fim Sistemlerinin Etkin Kullan\u0131m\u0131na \u0130li\u015fkin Fark\u0131ndal\u0131\u011f\u0131n Belirlenmesi\u201d ba\u015fl\u0131kl\u0131 projenin detaylar\u0131 anlat\u0131ld\u0131. Bilimsel bilginin \u00fcretimi kadar payla\u015f\u0131m\u0131na da \u00f6nem veren \u0130stanbul \u00dcniversitesi \u0130leti\u015fim Fak\u00fcltesi, [&hellip;]<\/p>\n","protected":false},"author":14,"featured_media":15041,"comment_status":"open","ping_status":"open","sticky":false,"template":"","format":"standard","meta":{"jnews-multi-image_gallery":[],"jnews_single_post":[],"jnews_primary_category":[],"jnews_social_meta":[],"jnews_override_counter":[],"footnotes":""},"categories":[24,178],"tags":[],"class_list":["post-15046","post","type-post","status-publish","format-standard","has-post-thumbnail","hentry","category-bilim","category-fakultemizden"],"_links":{"self":[{"href":"https:\/\/iletim.istanbul.edu.tr\/index.php\/wp-json\/wp\/v2\/posts\/15046","targetHints":{"allow":["GET"]}}],"collection":[{"href":"https:\/\/iletim.istanbul.edu.tr\/index.php\/wp-json\/wp\/v2\/posts"}],"about":[{"href":"https:\/\/iletim.istanbul.edu.tr\/index.php\/wp-json\/wp\/v2\/types\/post"}],"author":[{"embeddable":true,"href":"https:\/\/iletim.istanbul.edu.tr\/index.php\/wp-json\/wp\/v2\/users\/14"}],"replies":[{"embeddable":true,"href":"https:\/\/iletim.istanbul.edu.tr\/index.php\/wp-json\/wp\/v2\/comments?post=15046"}],"version-history":[{"count":0,"href":"https:\/\/iletim.istanbul.edu.tr\/index.php\/wp-json\/wp\/v2\/posts\/15046\/revisions"}],"wp:featuredmedia":[{"embeddable":true,"href":"https:\/\/iletim.istanbul.edu.tr\/index.php\/wp-json\/wp\/v2\/media\/15041"}],"wp:attachment":[{"href":"https:\/\/iletim.istanbul.edu.tr\/index.php\/wp-json\/wp\/v2\/media?parent=15046"}],"wp:term":[{"taxonomy":"category","embeddable":true,"href":"https:\/\/iletim.istanbul.edu.tr\/index.php\/wp-json\/wp\/v2\/categories?post=15046"},{"taxonomy":"post_tag","embeddable":true,"href":"https:\/\/iletim.istanbul.edu.tr\/index.php\/wp-json\/wp\/v2\/tags?post=15046"}],"curies":[{"name":"wp","href":"https:\/\/api.w.org\/{rel}","templated":true}]}}