{"id":15217,"date":"2021-09-29T13:47:06","date_gmt":"2021-09-29T10:47:06","guid":{"rendered":"https:\/\/iletim.istanbul.edu.tr\/?p=15217"},"modified":"2021-09-29T13:47:08","modified_gmt":"2021-09-29T10:47:08","slug":"akilli-telefonlarda-tek-tip-sarj-donemine-gecilecek","status":"publish","type":"post","link":"https:\/\/iletim.istanbul.edu.tr\/index.php\/2021\/09\/29\/akilli-telefonlarda-tek-tip-sarj-donemine-gecilecek\/","title":{"rendered":"Ak\u0131ll\u0131 Telefonlarda \u2018Tek Tip \u015earj\u2019 D\u00f6nemine Ge\u00e7ilecek"},"content":{"rendered":"\n<p><strong>Mutlu Bilge<\/strong><\/p>\n\n\n\n<p>AB Komisyonu, \u00e7e\u015fitli elektronik cihazlar\u0131n USB-C, Micro USB ve Lightning gibi farkl\u0131 \u015farj giri\u015flerini standart hale getirmeye y\u00f6nelik yasa teklifi haz\u0131rlad\u0131.<\/p>\n\n\n\n<p>Avrupa Birli\u011fi (AB) Komisyonu, birlik \u00fclkelerinde sat\u0131lan ak\u0131ll\u0131 telefon, tablet ve kulakl\u0131k gibi elektronik cihazlarda ortak \u015farj giri\u015fi kullan\u0131lmas\u0131n\u0131 zorunlu hale getirecek yasal d\u00fczenleme teklif etti. Yeni \u015farj giri\u015fi \u00f6zellikle Apple gibi firmalar\u0131 etkileyecek.<\/p>\n\n\n\n<p>Buna g\u00f6re, AB \u00fclkelerinde sat\u0131lan t\u00fcm telefon, tablet ve kulakl\u0131klar\u0131n ortak bir \u015farj ba\u011flant\u0131 noktas\u0131na sahip olmas\u0131 gerekecek.<\/p>\n\n\n\n<p><strong>USB-C tip \u015farj giri\u015fi zorunlulu\u011fu<\/strong><\/p>\n\n\n\n<p>\u00dcreticiler, elektronik cihazlara USB-C tip \u015farj giri\u015fi koymak zorunda olacak. Ayr\u0131ca, cihazlar\u0131n h\u0131zl\u0131 \u015farj edilmesine y\u00f6nelik teknolojiler de uyumlu hale getirilecek.<\/p>\n\n\n\n<p>Her yeni sat\u0131n al\u0131nan cihazla birlikte yeni bir \u015farj aleti sa\u011flanmayacak. Elektronik cihazlar\u0131n \u015farj aletleri ayr\u0131 bi\u00e7imde sat\u0131\u015fa sunulacak.<\/p>\n\n\n\n<p>S\u00f6z konusu d\u00fczenleme, ak\u0131ll\u0131 telefon, tablet, dijital kamera, kulakl\u0131k, ta\u015f\u0131nabilir hoparl\u00f6r, ta\u015f\u0131nabilir oyun konsolu gibi cihazlar\u0131 kapsayacak.<\/p>\n","protected":false},"excerpt":{"rendered":"<p>Mutlu Bilge AB Komisyonu, \u00e7e\u015fitli elektronik cihazlar\u0131n USB-C, Micro USB ve Lightning gibi farkl\u0131 \u015farj giri\u015flerini standart hale getirmeye y\u00f6nelik yasa teklifi haz\u0131rlad\u0131. Avrupa Birli\u011fi (AB) Komisyonu, birlik \u00fclkelerinde sat\u0131lan ak\u0131ll\u0131 telefon, tablet ve kulakl\u0131k gibi elektronik cihazlarda ortak \u015farj giri\u015fi kullan\u0131lmas\u0131n\u0131 zorunlu hale getirecek yasal d\u00fczenleme teklif etti. Yeni \u015farj giri\u015fi \u00f6zellikle Apple gibi [&hellip;]<\/p>\n","protected":false},"author":14,"featured_media":15218,"comment_status":"open","ping_status":"open","sticky":false,"template":"","format":"standard","meta":{"jnews-multi-image_gallery":[],"jnews_single_post":[],"jnews_primary_category":[],"jnews_social_meta":[],"jnews_override_counter":[],"footnotes":""},"categories":[1,31],"tags":[1585,1588,1586,389,1587],"class_list":["post-15217","post","type-post","status-publish","format-standard","has-post-thumbnail","hentry","category-genel","category-teknoloji","tag-ab-komisyonu","tag-lightning","tag-tek-tip-sarj","tag-teknoloji","tag-usb-c"],"_links":{"self":[{"href":"https:\/\/iletim.istanbul.edu.tr\/index.php\/wp-json\/wp\/v2\/posts\/15217","targetHints":{"allow":["GET"]}}],"collection":[{"href":"https:\/\/iletim.istanbul.edu.tr\/index.php\/wp-json\/wp\/v2\/posts"}],"about":[{"href":"https:\/\/iletim.istanbul.edu.tr\/index.php\/wp-json\/wp\/v2\/types\/post"}],"author":[{"embeddable":true,"href":"https:\/\/iletim.istanbul.edu.tr\/index.php\/wp-json\/wp\/v2\/users\/14"}],"replies":[{"embeddable":true,"href":"https:\/\/iletim.istanbul.edu.tr\/index.php\/wp-json\/wp\/v2\/comments?post=15217"}],"version-history":[{"count":0,"href":"https:\/\/iletim.istanbul.edu.tr\/index.php\/wp-json\/wp\/v2\/posts\/15217\/revisions"}],"wp:featuredmedia":[{"embeddable":true,"href":"https:\/\/iletim.istanbul.edu.tr\/index.php\/wp-json\/wp\/v2\/media\/15218"}],"wp:attachment":[{"href":"https:\/\/iletim.istanbul.edu.tr\/index.php\/wp-json\/wp\/v2\/media?parent=15217"}],"wp:term":[{"taxonomy":"category","embeddable":true,"href":"https:\/\/iletim.istanbul.edu.tr\/index.php\/wp-json\/wp\/v2\/categories?post=15217"},{"taxonomy":"post_tag","embeddable":true,"href":"https:\/\/iletim.istanbul.edu.tr\/index.php\/wp-json\/wp\/v2\/tags?post=15217"}],"curies":[{"name":"wp","href":"https:\/\/api.w.org\/{rel}","templated":true}]}}