{"id":15276,"date":"2021-10-13T23:46:41","date_gmt":"2021-10-13T20:46:41","guid":{"rendered":"https:\/\/iletim.istanbul.edu.tr\/?p=15276"},"modified":"2021-10-18T13:18:52","modified_gmt":"2021-10-18T10:18:52","slug":"istanbul-iletisimin-odullu-mezunlarina-biri-daha-eklendi","status":"publish","type":"post","link":"https:\/\/iletim.istanbul.edu.tr\/index.php\/2021\/10\/13\/istanbul-iletisimin-odullu-mezunlarina-biri-daha-eklendi\/","title":{"rendered":"\u0130stanbul \u0130leti\u015fimin \u00d6d\u00fcll\u00fc Mezunlar\u0131na Biri Daha Eklendi"},"content":{"rendered":"\n<p><strong>Aleyna Ulusoy<\/strong><\/p>\n\n\n\n<p>\u0130stanbul \u0130leti\u015fim\u2019in 2019 mezunlar\u0131ndan olan Mehmet Akif Sipahio\u011flu TRT\u2019nin d\u00fczenledi\u011fi Gelece\u011fin \u0130leti\u015fimcileri Yar\u0131\u015fmas\u0131\u2019nda ikincilik \u00f6d\u00fcl\u00fcn\u00fc kazand\u0131.<\/p>\n\n\n\n<p>K\u00f6kl\u00fc tarihi boyunca Nobel Edebiyat \u00d6d\u00fcl\u00fc ba\u015fta olmak \u00fczere gerek uluslararas\u0131 gerekse ulusal \u00e7apta say\u0131s\u0131z \u00f6d\u00fcl sahibi ismi yeti\u015ftiren \u0130stanbul \u00dcniversitesi \u0130leti\u015fim Fak\u00fcltesi bu kez de yeni mezunlar\u0131ndan Mehmet Akif Sipahio\u011flu ile ad\u0131ndan s\u00f6z ettirdi. Hen\u00fcz birka\u00e7 g\u00fcn \u00f6nce 28. Adana Alt\u0131n Koza Film Festivali\u2019nde \u00f6d\u00fcl alan \u00f6\u011frencileri taraf\u0131ndan ziyaret edilen \u0130stanbul \u0130leti\u015fimin bu seferki konu\u011fu da Sipahio\u011flu oldu.<\/p>\n\n\n\n<p>TRT\u2019nin 7.sini d\u00fczenledi\u011fi Gelece\u011fin \u0130leti\u015fimcileri Yar\u0131\u015fmas\u0131\u2019na \u201cLaztronot\u201d isimli videosu ile kat\u0131lan Mehmet Akif Sipahio\u011flu Dijital Yay\u0131nc\u0131l\u0131k Dal\u0131nda ikinci olduktan sonra \u0130letim Gazetesi\u2019ni ziyaret etti ve arkada\u015f\u0131m\u0131z Aleyna Ulusoy\u2019un sorular\u0131n\u0131 yan\u0131tlad\u0131.<\/p>\n\n\n\n<p><strong>Aleyna Ulusoy<\/strong> <em>-Bize k\u0131saca kendini tan\u0131t\u0131r m\u0131s\u0131n?<\/em><\/p>\n\n\n\n<p><strong>Mehmet Akif Sipahio\u011flu<\/strong> -Ben Mehmet Akif Sipahio\u011flu. \u0130stanbul \u00dcniversitesi Gazetecilik b\u00f6l\u00fcm\u00fc mezunuyum \u015fu anda Sanat Tarihi b\u00f6l\u00fcm\u00fcn\u00fc okuyorum.<\/p>\n\n\n\n<p><strong>Aleyna Ulusoy<\/strong> \u2013<em>TRT Gelece\u011fin \u0130leti\u015fimcileri Yar\u0131\u015fmas\u0131\u2019ndan nas\u0131l haberin oldu?<\/em><\/p>\n\n\n\n<p><strong>Mehmet Akif Sipahio\u011flu<\/strong> -Bir yaz g\u00fcn\u00fc arkada\u015flarla otururken sosyal medyada reklam\u0131 \u00f6n\u00fcm\u00fcze \u00e7\u0131kt\u0131. Bu \u015fekilde ba\u015fvurduk.<\/p>\n\n\n\n<p><strong>Aleyna Ulusoy<\/strong> \u2013<em>Seni yar\u0131\u015fmaya kat\u0131lmak i\u00e7in motive eden unsurlar nelerdi?<\/em><\/p>\n\n\n\n<p><strong>Mehmet Akif Sipahio\u011flu<\/strong> -\u00c7ekti\u011fimiz videolara g\u00fcveniyorduk bir de \u015fans\u0131m\u0131z\u0131 denemek istedik. Asl\u0131nda bizim be\u011fenmemiz \u00f6nemli de\u011fil sekt\u00f6rdekiler acaba bizim projemiz i\u00e7in ne d\u00fc\u015f\u00fcn\u00fcrler diye ba\u015fvurduk.<\/p>\n\n\n\n<p><strong>Aleyna Ulusoy<\/strong> &#8211;<em>Yar\u0131\u015fmadan derece almay\u0131 bekliyor muydun?<\/em><\/p>\n\n\n\n<p><strong>Mehmet Akif Sipahio\u011flu<\/strong> -Yar\u0131\u015fmada ya birinci olal\u0131m ya da hi\u00e7 derece almayal\u0131m diye d\u00fc\u015f\u00fcnd\u00fck ama ikinci olduk.<\/p>\n\n\n\n<p><strong>Aleyna Ulusoy<\/strong> \u2013<em>Derece almak sana ne hissettirdi?<\/em><\/p>\n\n\n\n<p><strong>Mehmet Akif Sipahio\u011flu<\/strong> -Daha \u00f6nce biz haber kanallar\u0131na \u00e7\u0131kt\u0131\u011f\u0131m\u0131z zaman \u015funu g\u00f6rd\u00fck ekrana \u00e7\u0131kmak, \u00f6d\u00fcl almak bunlar\u0131n hepsinin bir g\u00f6steri\u015f oldu\u011funu biliyorduk. Daha \u00f6nce haber kanallar\u0131yla ya\u015fad\u0131\u011f\u0131m\u0131z hayal k\u0131r\u0131kl\u0131klar\u0131 nedeniyle bu \u00f6d\u00fcl bize birka\u00e7 g\u00fcnl\u00fck motivasyon kayna\u011f\u0131 oldu.<\/p>\n\n\n\n<figure class=\"wp-block-image size-large\"><img decoding=\"async\" width=\"683\" height=\"1024\" src=\"https:\/\/iletim.istanbul.edu.tr\/wp-content\/uploads\/WhatsApp-Image-2021-10-13-at-21.45.39-3-683x1024.jpeg\" alt=\"\" class=\"wp-image-15287\" srcset=\"https:\/\/iletim.istanbul.edu.tr\/wp-content\/uploads\/WhatsApp-Image-2021-10-13-at-21.45.39-3-683x1024.jpeg 683w, https:\/\/iletim.istanbul.edu.tr\/wp-content\/uploads\/WhatsApp-Image-2021-10-13-at-21.45.39-3-200x300.jpeg 200w, https:\/\/iletim.istanbul.edu.tr\/wp-content\/uploads\/WhatsApp-Image-2021-10-13-at-21.45.39-3.jpeg 750w\" sizes=\"(max-width: 683px) 100vw, 683px\" \/><\/figure>\n\n\n\n<p><strong>Aleyna Ulusoy<\/strong> \u2013<em>Bize Laztronot\u2019un hikayesini anlat\u0131r m\u0131s\u0131n?<\/em><\/p>\n\n\n\n<p>Mehmet Akif Sipahio\u011flu -Ben mezun olduktan sonra Rize\u2019de k\u00fclt\u00fcr sanatla ilgili i\u015fler yapmaya ba\u015flad\u0131m bunlar kitap tahlilleri, sinema okumalar\u0131, resim ve tablo okumalar\u0131, \u015fiir okumalar\u0131yd\u0131. Arkada\u015flar\u0131mla toplant\u0131lar\u0131m\u0131z kafelerde olurdu ancak pandemi nedeniyle toplant\u0131lar\u0131m\u0131z\u0131 ger\u00e7ekle\u015ftiremedik. Biz de hat\u0131ra olarak bir dergi \u00e7\u0131karmaya karar verdik. Filika Dergisi bu \u015fekilde \u00e7\u0131km\u0131\u015ft\u0131. Derginin kapa\u011f\u0131n\u0131 d\u00fcnyadan uzaya bakan bir astronot olarak hayal etmi\u015ftim ama bu astronot ayn\u0131 zamanda bizi yans\u0131tmal\u0131yd\u0131 kolunda bir atmacayla d\u00fc\u015f\u00fcnd\u00fck. Sonra arkada\u015flara bu astronotun canland\u0131ral\u0131m dedim tabii ki arkada\u015flar\u0131m bana g\u00fcld\u00fcler hatta onlara biz bu astronotu yaparsak televizyona \u00e7\u0131kar\u0131z demi\u015ftim \u00f6yle oldu da zaten. Elimizdeki imkanlara bakt\u0131k ar\u0131c\u0131 k\u0131yafetini ve motor kask\u0131n\u0131 d\u00fc\u015f\u00fcnd\u00fck. T\u00fcm bu a\u015famalarda k\u00f6ydeki akrabalar da yard\u0131mc\u0131 oldu. Motor kask\u0131n\u0131 halam kendi elleriyle beyaz bir kuma\u015fla kaplad\u0131. Ay y\u0131ld\u0131z i\u015flemesi gibi hepsi tamamen halam ve k\u00f6ydeki kad\u0131nlar\u0131n eme\u011fi. Biz astronotu tasarlarken hep bizden biri olmal\u0131, bizi yans\u0131tmal\u0131 diye d\u00fc\u015f\u00fcnd\u00fc\u011f\u00fcm\u00fcz i\u00e7in y\u00f6remize ait par\u00e7alar kullanmak istedik k\u0131l \u00e7orap ve kara lastik de astronotumuzun birer par\u00e7as\u0131 oldu.<\/p>\n\n\n\n<p><strong>Aleyna Ulusoy<\/strong> \u2013<em>Projende bir ekip \u00e7al\u0131\u015fmas\u0131 var m\u0131? Varsa nas\u0131l bir \u00e7al\u0131\u015fma politikas\u0131 uygulad\u0131n\u0131z?<\/em><\/p>\n\n\n\n<p><strong>Mehmet Akif Sipahio\u011flu<\/strong> -Biz asl\u0131nda bir ekibiz ancak astronot \u00fczerinden konu\u015facak olursak astronotu ben yapt\u0131m diyebilirim \u00e7\u00fcnk\u00fc \u00e7ekim, senaryo hatta giyimine kadar ben yap\u0131yordum arkada\u015flar\u0131ma bazen giydirip \u00e7ekimini yap\u0131yordum. Dergide bir ekibiz tabii ki.<\/p>\n\n\n\n<p><strong>Aleyna Ulusoy<\/strong> \u2013<em>Bize derginden de bahsedebilir misin?<\/em><\/p>\n\n\n\n<p><strong>Mehmet Akif Sipahio\u011flu<\/strong> -Filika dergisini \u015f\u00f6yle anlatabilirim. \u0130sim konusunda biz \u00e7ok ince eleyip s\u0131k dokuduk \u00e7\u00fcnk\u00fc biz d\u00fcnyan\u0131n bir gemi oldu\u011funu, bu geminin k\u00fclt\u00fcr sanat ve insanl\u0131k a\u00e7\u0131s\u0131ndan batt\u0131\u011f\u0131na \u015fahitlik ediyoruz asl\u0131nda. \u015eu an bakt\u0131\u011f\u0131n\u0131zda sava\u015flar gibi \u00e7ok b\u00fcy\u00fck insanl\u0131k dram\u0131 var. Filika kelime anlam\u0131 olarak gemi batt\u0131\u011f\u0131nda yolcular\u0131 tahliye eden bir ara\u00e7, sandal. Sandal da diyebiliriz ama bir misyonu var. Biz de \u015funu demek istedik bu gemi bat\u0131yor kimse fark etmese de biz de bu Filika\u2019ya binip kendimizi kurtaraca\u011f\u0131z.<\/p>\n\n\n\n<p><strong>Aleyna Ulusoy<\/strong> \u2013<em>Laztronot bu yar\u0131\u015fma i\u00e7in \u00f6zel olarak m\u0131 haz\u0131rland\u0131 yoksa \u00f6ncesinde b\u00f6yle bir fikir ya da \u00e7al\u0131\u015fman var m\u0131yd\u0131?<\/em><\/p>\n\n\n\n<p><strong>Mehmet Akif Sipahio\u011flu<\/strong> -\u00d6zel olarak haz\u0131rlanmad\u0131k hatta elimde mevcut olan iki videoyu att\u0131m hatta videoda Filika dahi yazar \u00e7al\u0131nmas\u0131n diye yapm\u0131\u015ft\u0131m.<\/p>\n\n\n\n<p><strong>Aleyna Ulusoy <\/strong>&#8211;<em>Gelece\u011fin \u0130leti\u015fimcileri Yar\u0131\u015fmas\u0131\u2019na ve buna benzer \u00f6\u011frencilere y\u00f6nelik yar\u0131\u015fmalara kat\u0131lmak isteyen arkada\u015flara ne tavsiye edersin?<\/em><\/p>\n\n\n\n<p><strong>Mehmet Akif Sipahio\u011flu<\/strong> -Bu konu \u00e7ok \u00f6nemli. Biz \u00f6\u011frenciyken bu t\u00fcr yar\u0131\u015fmalardan hi\u00e7 haberimiz olmam\u0131\u015ft\u0131, te\u015fvik edilmemi\u015ftik. Buradan da s\u00f6ylemek istiyorum yar\u0131\u015fmada herhangi bir proje dereceye giremez diye bir \u015fey yok \u00f6zellikle bu tarz yar\u0131\u015fmalarda t\u00fcm projelerin \u0130stanbul \u00dcniversitesi\u2019ne ait olmas\u0131 laz\u0131m. \u00d6\u011frencilik d\u00f6neminde evet daha rahat davran\u0131rd\u0131k olay\u0131n ciddiyetinde de\u011fildik ama bu \u00f6d\u00fcl s\u00fcrecin ya\u015fad\u0131\u011f\u0131m\u0131zda daha bir kam\u00e7\u0131lanma ya\u015fad\u0131k o y\u00fczden daha kaliteli projelerin bizim \u00fcniversitemizden \u00e7\u0131kaca\u011f\u0131na eminim.<\/p>\n\n\n\n<figure class=\"wp-block-image size-large\"><img decoding=\"async\" width=\"768\" height=\"1024\" src=\"https:\/\/iletim.istanbul.edu.tr\/wp-content\/uploads\/WhatsApp-Image-2021-10-13-at-21.45.39-1-768x1024.jpeg\" alt=\"\" class=\"wp-image-15278\" srcset=\"https:\/\/iletim.istanbul.edu.tr\/wp-content\/uploads\/WhatsApp-Image-2021-10-13-at-21.45.39-1-768x1024.jpeg 768w, https:\/\/iletim.istanbul.edu.tr\/wp-content\/uploads\/WhatsApp-Image-2021-10-13-at-21.45.39-1-225x300.jpeg 225w, https:\/\/iletim.istanbul.edu.tr\/wp-content\/uploads\/WhatsApp-Image-2021-10-13-at-21.45.39-1-1152x1536.jpeg 1152w, https:\/\/iletim.istanbul.edu.tr\/wp-content\/uploads\/WhatsApp-Image-2021-10-13-at-21.45.39-1.jpeg 1536w\" sizes=\"(max-width: 768px) 100vw, 768px\" \/><\/figure>\n","protected":false},"excerpt":{"rendered":"<p>Aleyna Ulusoy \u0130stanbul \u0130leti\u015fim\u2019in 2019 mezunlar\u0131ndan olan Mehmet Akif Sipahio\u011flu TRT\u2019nin d\u00fczenledi\u011fi Gelece\u011fin \u0130leti\u015fimcileri Yar\u0131\u015fmas\u0131\u2019nda ikincilik \u00f6d\u00fcl\u00fcn\u00fc kazand\u0131. K\u00f6kl\u00fc tarihi boyunca Nobel Edebiyat \u00d6d\u00fcl\u00fc ba\u015fta olmak \u00fczere gerek uluslararas\u0131 gerekse ulusal \u00e7apta say\u0131s\u0131z \u00f6d\u00fcl sahibi ismi yeti\u015ftiren \u0130stanbul \u00dcniversitesi \u0130leti\u015fim Fak\u00fcltesi bu kez de yeni mezunlar\u0131ndan Mehmet Akif Sipahio\u011flu ile ad\u0131ndan s\u00f6z ettirdi. Hen\u00fcz birka\u00e7 [&hellip;]<\/p>\n","protected":false},"author":14,"featured_media":15286,"comment_status":"open","ping_status":"open","sticky":false,"template":"","format":"standard","meta":{"jnews-multi-image_gallery":[],"jnews_single_post":[],"jnews_primary_category":[],"jnews_social_meta":[],"jnews_override_counter":[],"footnotes":""},"categories":[1,178],"tags":[1472,519],"class_list":["post-15276","post","type-post","status-publish","format-standard","has-post-thumbnail","hentry","category-genel","category-fakultemizden","tag-istanbul-iletisim","tag-trt-gelecegin-iletisimcileri-yarismasi"],"_links":{"self":[{"href":"https:\/\/iletim.istanbul.edu.tr\/index.php\/wp-json\/wp\/v2\/posts\/15276","targetHints":{"allow":["GET"]}}],"collection":[{"href":"https:\/\/iletim.istanbul.edu.tr\/index.php\/wp-json\/wp\/v2\/posts"}],"about":[{"href":"https:\/\/iletim.istanbul.edu.tr\/index.php\/wp-json\/wp\/v2\/types\/post"}],"author":[{"embeddable":true,"href":"https:\/\/iletim.istanbul.edu.tr\/index.php\/wp-json\/wp\/v2\/users\/14"}],"replies":[{"embeddable":true,"href":"https:\/\/iletim.istanbul.edu.tr\/index.php\/wp-json\/wp\/v2\/comments?post=15276"}],"version-history":[{"count":0,"href":"https:\/\/iletim.istanbul.edu.tr\/index.php\/wp-json\/wp\/v2\/posts\/15276\/revisions"}],"wp:featuredmedia":[{"embeddable":true,"href":"https:\/\/iletim.istanbul.edu.tr\/index.php\/wp-json\/wp\/v2\/media\/15286"}],"wp:attachment":[{"href":"https:\/\/iletim.istanbul.edu.tr\/index.php\/wp-json\/wp\/v2\/media?parent=15276"}],"wp:term":[{"taxonomy":"category","embeddable":true,"href":"https:\/\/iletim.istanbul.edu.tr\/index.php\/wp-json\/wp\/v2\/categories?post=15276"},{"taxonomy":"post_tag","embeddable":true,"href":"https:\/\/iletim.istanbul.edu.tr\/index.php\/wp-json\/wp\/v2\/tags?post=15276"}],"curies":[{"name":"wp","href":"https:\/\/api.w.org\/{rel}","templated":true}]}}