{"id":15361,"date":"2021-10-20T01:52:35","date_gmt":"2021-10-19T22:52:35","guid":{"rendered":"https:\/\/iletim.istanbul.edu.tr\/?p=15361"},"modified":"2021-10-20T16:26:58","modified_gmt":"2021-10-20T13:26:58","slug":"didier-drogbaya-dunya-saglik-orgutunden-gorev","status":"publish","type":"post","link":"https:\/\/iletim.istanbul.edu.tr\/index.php\/2021\/10\/20\/didier-drogbaya-dunya-saglik-orgutunden-gorev\/","title":{"rendered":"Didier Drogba\u2019ya D\u00fcnya Sa\u011fl\u0131k \u00d6rg\u00fct\u00fc\u2019nden g\u00f6rev"},"content":{"rendered":"\n<p><strong>Mutlu Bilge<\/strong><\/p>\n\n\n\n<p>D\u00fcnya futbolunun \u00f6nemli isimlerinden olan, bir d\u00f6nem Galatasaray formas\u0131n\u0131 da giyen Didier Drogba\u2019ya D\u00fcnya Sa\u011fl\u0131k \u00d6rg\u00fct\u00fc\u2019nden b\u00fcy\u00fck g\u00f6rev.<\/p>\n\n\n\n<p>Fransa\u2019da Marsilya, \u0130ngiltere\u2019de Chelsea ve T\u00fcrkiye\u2019de Galatasaray formalar\u0131n\u0131 giyen d\u00fcnyaca \u00fcnl\u00fc Fildi\u015fi Sahilli eski futbolcu Didier Drogba, D\u00fcnya Sa\u011fl\u0131k \u00d6rg\u00fct\u00fc (WHO) taraf\u0131ndan Spor ve Sa\u011fl\u0131k \u0130yi Niyet El\u00e7isi olarak atand\u0131.<\/p>\n\n\n\n<p>D\u00fcnya Sa\u011fl\u0131k \u00d6rg\u00fct\u00fc konu hakk\u0131nda yapt\u0131\u011f\u0131 a\u00e7\u0131klamada,&#8221;Fildi\u015fi Sahili&#8217;nden Drogba, DS\u00d6&#8217;n\u00fcn fiziksel aktivitelerinin ve di\u011fer sa\u011fl\u0131kl\u0131 ya\u015fam tarzlar\u0131n\u0131n yararlar\u0131 konusundaki rehberli\u011fini te\u015fvik etmesi i\u00e7in DS\u00d6&#8217;y\u00fc destekleyecek ve \u00f6zellikle gen\u00e7ler i\u00e7in sporun de\u011ferini vurgulayacakt\u0131r.&#8221; denildi.<\/p>\n\n\n\n<p>Efsane ismin g\u00f6revi, \u00f6zellikle \u00e7ocuklar i\u00e7in fiziksel aktivitenin, sa\u011fl\u0131kl\u0131 ya\u015fam tarzlar\u0131n\u0131n ve sporun faydalar\u0131n\u0131 te\u015fvik etmek olacak.<\/p>\n\n\n\n<p>2018 y\u0131l\u0131nda futbola veda eden 43 ya\u015f\u0131ndaki Drogba, 2006 ve 2009&#8217;da Afrika&#8217;da y\u0131l\u0131n futbolcusu se\u00e7ilmi\u015fti.<\/p>\n\n\n\n<p>Drogba, 2013-2014 y\u0131llar\u0131nda Galatasaray formas\u0131n\u0131 da giymi\u015fti. 53 ma\u00e7ta 20 gol atm\u0131\u015f ve Galatasaray&#8217;\u0131n 2013 y\u0131l\u0131nda lig \u015fampiyonu olmas\u0131 ve UEFA \u015eampiyonlar Ligi&#8217;nde \u00e7eyrek finale \u00e7\u0131kmas\u0131nda da b\u00fcy\u00fck katk\u0131s\u0131 olmu\u015ftu.<\/p>\n","protected":false},"excerpt":{"rendered":"<p>Mutlu Bilge D\u00fcnya futbolunun \u00f6nemli isimlerinden olan, bir d\u00f6nem Galatasaray formas\u0131n\u0131 da giyen Didier Drogba\u2019ya D\u00fcnya Sa\u011fl\u0131k \u00d6rg\u00fct\u00fc\u2019nden b\u00fcy\u00fck g\u00f6rev. Fransa\u2019da Marsilya, \u0130ngiltere\u2019de Chelsea ve T\u00fcrkiye\u2019de Galatasaray formalar\u0131n\u0131 giyen d\u00fcnyaca \u00fcnl\u00fc Fildi\u015fi Sahilli eski futbolcu Didier Drogba, D\u00fcnya Sa\u011fl\u0131k \u00d6rg\u00fct\u00fc (WHO) taraf\u0131ndan Spor ve Sa\u011fl\u0131k \u0130yi Niyet El\u00e7isi olarak atand\u0131. D\u00fcnya Sa\u011fl\u0131k \u00d6rg\u00fct\u00fc konu hakk\u0131nda [&hellip;]<\/p>\n","protected":false},"author":14,"featured_media":15411,"comment_status":"open","ping_status":"open","sticky":false,"template":"","format":"standard","meta":{"jnews-multi-image_gallery":[],"jnews_single_post":[],"jnews_primary_category":[],"jnews_social_meta":[],"jnews_override_counter":[],"footnotes":""},"categories":[1,32],"tags":[1626,1627],"class_list":["post-15361","post","type-post","status-publish","format-standard","has-post-thumbnail","hentry","category-genel","category-saglik","tag-didier-drogba","tag-dunya-saglik-orgutu"],"_links":{"self":[{"href":"https:\/\/iletim.istanbul.edu.tr\/index.php\/wp-json\/wp\/v2\/posts\/15361","targetHints":{"allow":["GET"]}}],"collection":[{"href":"https:\/\/iletim.istanbul.edu.tr\/index.php\/wp-json\/wp\/v2\/posts"}],"about":[{"href":"https:\/\/iletim.istanbul.edu.tr\/index.php\/wp-json\/wp\/v2\/types\/post"}],"author":[{"embeddable":true,"href":"https:\/\/iletim.istanbul.edu.tr\/index.php\/wp-json\/wp\/v2\/users\/14"}],"replies":[{"embeddable":true,"href":"https:\/\/iletim.istanbul.edu.tr\/index.php\/wp-json\/wp\/v2\/comments?post=15361"}],"version-history":[{"count":0,"href":"https:\/\/iletim.istanbul.edu.tr\/index.php\/wp-json\/wp\/v2\/posts\/15361\/revisions"}],"wp:featuredmedia":[{"embeddable":true,"href":"https:\/\/iletim.istanbul.edu.tr\/index.php\/wp-json\/wp\/v2\/media\/15411"}],"wp:attachment":[{"href":"https:\/\/iletim.istanbul.edu.tr\/index.php\/wp-json\/wp\/v2\/media?parent=15361"}],"wp:term":[{"taxonomy":"category","embeddable":true,"href":"https:\/\/iletim.istanbul.edu.tr\/index.php\/wp-json\/wp\/v2\/categories?post=15361"},{"taxonomy":"post_tag","embeddable":true,"href":"https:\/\/iletim.istanbul.edu.tr\/index.php\/wp-json\/wp\/v2\/tags?post=15361"}],"curies":[{"name":"wp","href":"https:\/\/api.w.org\/{rel}","templated":true}]}}