{"id":15547,"date":"2021-10-26T11:42:13","date_gmt":"2021-10-26T08:42:13","guid":{"rendered":"https:\/\/iletim.istanbul.edu.tr\/?p=15547"},"modified":"2021-10-26T14:14:29","modified_gmt":"2021-10-26T11:14:29","slug":"bir-baska-otomobil-citroen-ami","status":"publish","type":"post","link":"https:\/\/iletim.istanbul.edu.tr\/index.php\/2021\/10\/26\/bir-baska-otomobil-citroen-ami\/","title":{"rendered":"Bir ba\u015fka otomobil; Citroen AMI"},"content":{"rendered":"\n<p><strong>Haber: Furkan Albayrak<\/strong><\/p>\n\n\n\n<p>Avrupa elektrikli otomobil sekt\u00f6r\u00fcn\u00fcn yeni g\u00f6zdesi olan Citroen AMI, d\u00fcnyadaki en ucuz ara\u00e7lar kategorisinde yer al\u0131yor. Fiyat performans a\u00e7\u0131s\u0131ndan ucuz olmas\u0131n\u0131n yan\u0131 s\u0131ra, 16 ya\u015f\u0131ndan b\u00fcy\u00fcklerin kullanabilmesi ve y\u00fczde 100 elektrikli olmas\u0131 arac\u0131n en dikkat \u00e7ekici \u00f6zelliklerinden.<\/p>\n\n\n\n<p><strong>Kendisi K\u00fc\u00e7\u00fck G\u00fcc\u00fc B\u00fcy\u00fck<\/strong><\/p>\n\n\n\n<p>Citroen AMI 2.50 metre boyu 1.50 metre geni\u015fli\u011fiyle d\u00fcnyan\u0131n en k\u00fc\u00e7\u00fck ara\u00e7lar\u0131ndan biri olmas\u0131na ra\u011fmen 3 saatlik \u015farj dolulu\u011funda 75 km yol al\u0131yor. Saatte 45 km. h\u0131za ula\u015fan AMI, \u015fehir i\u00e7i kullan\u0131mda s\u00fcr\u00fcc\u00fclere g\u00fcven vermekte ve kolay bir s\u00fcr\u00fc\u015f keyfi sunmakta. D\u0131\u015f g\u00f6r\u00fcn\u00fcm i\u00e7in 4 jant kapa\u011f\u0131 kullan\u0131lan AMI, cam k\u0131tas\u0131 kaplamalar\u0131 ve kaps\u00fcl kaplamalar\u0131yla s\u00fcr\u00fcc\u00fclere ki\u015file\u015ftirme se\u00e7enekleri sunuyor. Kap\u0131 filesi, bozuk para kutusu gibi i\u00e7 mekan dizaynlar\u0131yla da dikkat \u00e7eken otomobil, \u015f\u0131k bir g\u00f6r\u00fcn\u00fcm ortaya koyuyor.<\/p>\n\n\n\n<figure class=\"wp-block-image size-large\"><img decoding=\"async\" width=\"1024\" height=\"679\" src=\"https:\/\/iletim.istanbul.edu.tr\/wp-content\/uploads\/616161-1-1024x679.jpg\" alt=\"\" class=\"wp-image-15552\" srcset=\"https:\/\/iletim.istanbul.edu.tr\/wp-content\/uploads\/616161-1-1024x679.jpg 1024w, https:\/\/iletim.istanbul.edu.tr\/wp-content\/uploads\/616161-1-300x199.jpg 300w, https:\/\/iletim.istanbul.edu.tr\/wp-content\/uploads\/616161-1.jpg 1200w\" sizes=\"(max-width: 1024px) 100vw, 1024px\" \/><\/figure>\n\n\n\n<p><strong>16 Ya\u015f\u0131ndan B\u00fcy\u00fckler Kullanabiliyor<\/strong><\/p>\n\n\n\n<p>Citroen AMI, 16 ya\u015f\u0131ndan b\u00fcy\u00fck ve B1 ehliyetine sahip ki\u015filer taraf\u0131ndan kullan\u0131labilmekte. Maksimum 2 ki\u015fi alabilen ve gen\u00e7lerin e\u011flenceli etkinlikleri ve k\u0131sa gezintileri i\u00e7in olmazsa olmaz bir ara\u00e7 olan AMI&#8217;nin, vites kolu ve debriyaj olmamas\u0131 kolay ve pratik kullan\u0131lmas\u0131n\u0131 sa\u011fl\u0131yor. S\u00fcr\u00fc\u015f modu se\u00e7icisinde, s\u0131ras\u0131yla s\u00fcr\u00fc\u015f, bo\u015fa almak ve geri d\u00f6n\u00fc\u015f i\u00e7in D, N ve R olmak \u00fczere 3 d\u00fc\u011fme mevcut.<\/p>\n\n\n\n<p><strong>Ne Kadara Sat\u0131laca\u011f\u0131 Merak Konusu<\/strong><\/p>\n\n\n\n<p>Frans\u0131z otomobil \u00fcreticisi Citroen\u2019in piyasaya s\u00fcrd\u00fc\u011f\u00fc AMI, Fransa\u2019da 6.999 Euro\u2019luk fiyat\u0131yla sat\u0131\u015fa sunuldu. Avrupa\u2019n\u0131n di\u011fer \u00fclkelerinde tavan fiyat\u0131 6.999 Euro olan AMI\u2019nin T\u00fcrkiye fiyat\u0131n\u0131n hen\u00fcz a\u00e7\u0131klanmam\u0131\u015f olmas\u0131na ra\u011fmen 61 bin TL\u2019ye sat\u0131\u015fa \u00e7\u0131kaca\u011f\u0131 tahmin ediliyor. Ucuz fiyat\u0131yla da insanlar\u0131n ilgiyle bekledi\u011fi AMI, yak\u0131nda T\u00fcrkiye\u2019nin de yollar\u0131nda yerini alacak.<\/p>\n\n\n\n<figure class=\"wp-block-image size-large\"><img decoding=\"async\" width=\"1024\" height=\"555\" src=\"https:\/\/iletim.istanbul.edu.tr\/wp-content\/uploads\/999999-1024x555.jpg\" alt=\"\" class=\"wp-image-15555\" srcset=\"https:\/\/iletim.istanbul.edu.tr\/wp-content\/uploads\/999999-1024x555.jpg 1024w, https:\/\/iletim.istanbul.edu.tr\/wp-content\/uploads\/999999-300x163.jpg 300w, https:\/\/iletim.istanbul.edu.tr\/wp-content\/uploads\/999999-1536x832.jpg 1536w, https:\/\/iletim.istanbul.edu.tr\/wp-content\/uploads\/999999.jpg 1920w\" sizes=\"(max-width: 1024px) 100vw, 1024px\" \/><\/figure>\n\n\n\n<p><\/p>\n","protected":false},"excerpt":{"rendered":"<p>Haber: Furkan Albayrak Avrupa elektrikli otomobil sekt\u00f6r\u00fcn\u00fcn yeni g\u00f6zdesi olan Citroen AMI, d\u00fcnyadaki en ucuz ara\u00e7lar kategorisinde yer al\u0131yor. Fiyat performans a\u00e7\u0131s\u0131ndan ucuz olmas\u0131n\u0131n yan\u0131 s\u0131ra, 16 ya\u015f\u0131ndan b\u00fcy\u00fcklerin kullanabilmesi ve y\u00fczde 100 elektrikli olmas\u0131 arac\u0131n en dikkat \u00e7ekici \u00f6zelliklerinden. Kendisi K\u00fc\u00e7\u00fck G\u00fcc\u00fc B\u00fcy\u00fck Citroen AMI 2.50 metre boyu 1.50 metre geni\u015fli\u011fiyle d\u00fcnyan\u0131n en k\u00fc\u00e7\u00fck [&hellip;]<\/p>\n","protected":false},"author":14,"featured_media":15571,"comment_status":"open","ping_status":"open","sticky":false,"template":"","format":"standard","meta":{"jnews-multi-image_gallery":[],"jnews_single_post":[],"jnews_primary_category":[],"jnews_social_meta":[],"jnews_override_counter":[],"footnotes":""},"categories":[1,31],"tags":[1695,1694,1693,1692,807,1697],"class_list":["post-15547","post","type-post","status-publish","format-standard","has-post-thumbnail","hentry","category-genel","category-teknoloji","tag-ami","tag-avrupa","tag-citroen","tag-citroen-ami","tag-fransa","tag-turkiye"],"_links":{"self":[{"href":"https:\/\/iletim.istanbul.edu.tr\/index.php\/wp-json\/wp\/v2\/posts\/15547","targetHints":{"allow":["GET"]}}],"collection":[{"href":"https:\/\/iletim.istanbul.edu.tr\/index.php\/wp-json\/wp\/v2\/posts"}],"about":[{"href":"https:\/\/iletim.istanbul.edu.tr\/index.php\/wp-json\/wp\/v2\/types\/post"}],"author":[{"embeddable":true,"href":"https:\/\/iletim.istanbul.edu.tr\/index.php\/wp-json\/wp\/v2\/users\/14"}],"replies":[{"embeddable":true,"href":"https:\/\/iletim.istanbul.edu.tr\/index.php\/wp-json\/wp\/v2\/comments?post=15547"}],"version-history":[{"count":0,"href":"https:\/\/iletim.istanbul.edu.tr\/index.php\/wp-json\/wp\/v2\/posts\/15547\/revisions"}],"wp:featuredmedia":[{"embeddable":true,"href":"https:\/\/iletim.istanbul.edu.tr\/index.php\/wp-json\/wp\/v2\/media\/15571"}],"wp:attachment":[{"href":"https:\/\/iletim.istanbul.edu.tr\/index.php\/wp-json\/wp\/v2\/media?parent=15547"}],"wp:term":[{"taxonomy":"category","embeddable":true,"href":"https:\/\/iletim.istanbul.edu.tr\/index.php\/wp-json\/wp\/v2\/categories?post=15547"},{"taxonomy":"post_tag","embeddable":true,"href":"https:\/\/iletim.istanbul.edu.tr\/index.php\/wp-json\/wp\/v2\/tags?post=15547"}],"curies":[{"name":"wp","href":"https:\/\/api.w.org\/{rel}","templated":true}]}}