{"id":15721,"date":"2021-11-03T14:18:47","date_gmt":"2021-11-03T11:18:47","guid":{"rendered":"https:\/\/iletim.istanbul.edu.tr\/?p=15721"},"modified":"2021-11-03T15:50:43","modified_gmt":"2021-11-03T12:50:43","slug":"pandemi-surecinde-multeci-ve-gocmenlerin-ihtiyaclarina-cevap-vermek","status":"publish","type":"post","link":"https:\/\/iletim.istanbul.edu.tr\/index.php\/2021\/11\/03\/pandemi-surecinde-multeci-ve-gocmenlerin-ihtiyaclarina-cevap-vermek\/","title":{"rendered":"Pandemi s\u00fcrecinde m\u00fclteci ve g\u00f6\u00e7menlerin ihtiya\u00e7lar\u0131na cevap vermek"},"content":{"rendered":"\n<p><strong>\u00c7eviri Haber:<\/strong> Mithat \u00c7opur<\/p>\n\n\n\n<p>T\u00fcrkiye\u2019nin pandemi s\u00fcrecindeki m\u00fclteci ve g\u00f6\u00e7men deneyimlerinin konu\u015fulaca\u011f\u0131 etkinlikte, \u0130stanbul \u00dcniversitesi T\u0131p Fak\u00fcltesi Halk Sa\u011fl\u0131\u011f\u0131 Anabilim Dal\u0131&#8217;ndan Prof. Selma Karabey konuk konu\u015fmac\u0131 olarak yer alacak.<\/p>\n\n\n\n<p>Columbia K\u00fcresel Merkezleri ve \u0130stanbul ve S\u00fcrd\u00fcr\u00fclebilir Kalk\u0131nma Merkezi&#8217;nin d\u00fczenledi\u011fi etkinlik, ABD&#8217;nin New York eyaletinde, 10 Kas\u0131m \u00c7ar\u015famba g\u00fcn\u00fc Columbia \u00dcniversitesi SD Toplant\u0131 Odas\u0131&#8217;nda, saat 13:00&#8217;te y\u00fcz y\u00fcze ger\u00e7ekle\u015ftirilecek.<\/p>\n\n\n\n<p>Columbia kamp\u00fcs\u00fcnde EDT. Karabey, T\u00fcrkiye&#8217;de ya\u015fayan m\u00fclteci ve d\u00fczensiz g\u00f6\u00e7menlerin ihtiya\u00e7lar\u0131 ve \u00fclkenin Kovid-19 pandemisine verdi\u011fi yan\u0131tlar hakk\u0131nda bir konu\u015fma yapacak. Moderat\u00f6rl\u00fc\u011f\u00fcn\u00fc Halk Sa\u011fl\u0131\u011f\u0131 Ara\u015ft\u0131rmac\u0131s\u0131 Dr. \u00d6zge Karada\u011f&#8217;\u0131n yapaca\u011f\u0131 konu\u015fman\u0131n a\u00e7\u0131l\u0131\u015f konu\u015fmas\u0131n\u0131 Columbia \u00dcniversitesi S\u00fcrd\u00fcr\u00fclebilir Kalk\u0131nma Merkezi Genel M\u00fcd\u00fcr\u00fc Dr. Yanis Ben Amor yapacak.<\/p>\n\n\n\n<p>D\u00fczensiz g\u00f6\u00e7menler, s\u0131\u011f\u0131nmac\u0131lar ve m\u00fclteciler Kovid-19 pandemisinden en \u00e7ok etkilenen gruplar aras\u0131nda yer al\u0131yor. T\u00fcrkiye&nbsp; ise yakla\u015f\u0131k 5 milyon m\u00fclteci ve d\u00fczensiz g\u00f6\u00e7mene ev sahipli\u011fi yap\u0131yor ve \u00fclke pandemi s\u00fcrecinde b\u00fcy\u00fck zorluklarla kar\u015f\u0131 kar\u015f\u0131ya kald\u0131. Bu oturumda T\u00fcrkiye&#8217;de ya\u015fayan m\u00fclteci ve d\u00fczensiz g\u00f6\u00e7menlerin ihtiya\u00e7lar\u0131 ve \u00fclkenin salg\u0131na kar\u015f\u0131 tepkileri tart\u0131\u015f\u0131lacak.<\/p>\n\n\n\n<p><strong>Selma Karabey kimdir?<\/strong><\/p>\n\n\n\n<p>\u0130stanbul T\u0131p Fak\u00fcltesi mezunu ve Halk Sa\u011fl\u0131\u011f\u0131 Uzman\u0131 olan Prof. Selma Karabey, 1986 y\u0131l\u0131ndan beri \u0130stanbul T\u0131p Fak\u00fcltesi Halk Sa\u011fl\u0131\u011f\u0131 Anabilim Dal\u0131&#8217;nda g\u00f6rev yapmaktad\u0131r. Ayr\u0131ca Sa\u011fl\u0131k Bakanl\u0131\u011f\u0131&#8217;n\u0131n \u00e7e\u015fitli kurullar\u0131nda dan\u0131\u015fman, Halk Sa\u011fl\u0131\u011f\u0131 Uzmanlar\u0131 Derne\u011fi (HASUDER) Uzmanl\u0131k Yetkinlik Kurulu \u00fcyesi, &#8220;Halk Ruh Sa\u011fl\u0131\u011f\u0131 \u00c7al\u0131\u015fma Grubu&#8221; y\u00f6neticisi ve Ulusal T\u0131p E\u011fitimi Akreditasyon Kurulu Ziyaret Ekibi \u00fcyesidir. 1992-2005 y\u0131llar\u0131 aras\u0131nda AIDS \u00d6nleme Derne\u011fi kurucu \u00fcyesi ve y\u00f6netim kurulu \u00fcyesi, 2004-2008 y\u0131llar\u0131 aras\u0131nda T\u00fcrkiye Hastane Enfeksiyonlar\u0131 ve Kontrol Derne\u011fi ba\u015fkan\u0131 olarak g\u00f6rev yapt\u0131. 2016 y\u0131l\u0131ndan bu yana toplum ruh sa\u011fl\u0131\u011f\u0131 alan\u0131nda \u00e7al\u0131\u015fan Bir\u0130Z Derne\u011fi&#8217;nin Y\u00f6netim Kurulunda ve Ekim 2020&#8217;den bu yana Lancet Kovid-19 Komisyonu \u0130nsani Yard\u0131m, Sosyal Koruma ve Savunmas\u0131z Gruplar G\u00f6rev G\u00fcc\u00fc \u00dcyesi olarak g\u00f6rev yapmaktad\u0131r. Selma Karabey&#8217;in mesleki ilgi alanlar\u0131 sa\u011fl\u0131\u011f\u0131n te\u015fviki ve geli\u015ftirilmesi, sa\u011fl\u0131kta e\u015fitsizlikler ve halk sa\u011fl\u0131\u011f\u0131 savunuculu\u011fudur.<\/p>\n","protected":false},"excerpt":{"rendered":"<p>\u00c7eviri Haber: Mithat \u00c7opur T\u00fcrkiye\u2019nin pandemi s\u00fcrecindeki m\u00fclteci ve g\u00f6\u00e7men deneyimlerinin konu\u015fulaca\u011f\u0131 etkinlikte, \u0130stanbul \u00dcniversitesi T\u0131p Fak\u00fcltesi Halk Sa\u011fl\u0131\u011f\u0131 Anabilim Dal\u0131&#8217;ndan Prof. Selma Karabey konuk konu\u015fmac\u0131 olarak yer alacak. Columbia K\u00fcresel Merkezleri ve \u0130stanbul ve S\u00fcrd\u00fcr\u00fclebilir Kalk\u0131nma Merkezi&#8217;nin d\u00fczenledi\u011fi etkinlik, ABD&#8217;nin New York eyaletinde, 10 Kas\u0131m \u00c7ar\u015famba g\u00fcn\u00fc Columbia \u00dcniversitesi SD Toplant\u0131 Odas\u0131&#8217;nda, saat 13:00&#8217;te [&hellip;]<\/p>\n","protected":false},"author":14,"featured_media":15722,"comment_status":"open","ping_status":"open","sticky":false,"template":"","format":"standard","meta":{"jnews-multi-image_gallery":[],"jnews_single_post":[],"jnews_primary_category":[],"jnews_social_meta":[],"jnews_override_counter":[],"footnotes":""},"categories":[34,32],"tags":[1771,1772,139,43,705,1491,1697],"class_list":["post-15721","post","type-post","status-publish","format-standard","has-post-thumbnail","hentry","category-universite","category-saglik","tag-columbia-universitesi","tag-gocmen","tag-istanbul-tip-fakultesi","tag-istanbul-universitesi","tag-multeci","tag-pandemi","tag-turkiye"],"_links":{"self":[{"href":"https:\/\/iletim.istanbul.edu.tr\/index.php\/wp-json\/wp\/v2\/posts\/15721","targetHints":{"allow":["GET"]}}],"collection":[{"href":"https:\/\/iletim.istanbul.edu.tr\/index.php\/wp-json\/wp\/v2\/posts"}],"about":[{"href":"https:\/\/iletim.istanbul.edu.tr\/index.php\/wp-json\/wp\/v2\/types\/post"}],"author":[{"embeddable":true,"href":"https:\/\/iletim.istanbul.edu.tr\/index.php\/wp-json\/wp\/v2\/users\/14"}],"replies":[{"embeddable":true,"href":"https:\/\/iletim.istanbul.edu.tr\/index.php\/wp-json\/wp\/v2\/comments?post=15721"}],"version-history":[{"count":0,"href":"https:\/\/iletim.istanbul.edu.tr\/index.php\/wp-json\/wp\/v2\/posts\/15721\/revisions"}],"wp:featuredmedia":[{"embeddable":true,"href":"https:\/\/iletim.istanbul.edu.tr\/index.php\/wp-json\/wp\/v2\/media\/15722"}],"wp:attachment":[{"href":"https:\/\/iletim.istanbul.edu.tr\/index.php\/wp-json\/wp\/v2\/media?parent=15721"}],"wp:term":[{"taxonomy":"category","embeddable":true,"href":"https:\/\/iletim.istanbul.edu.tr\/index.php\/wp-json\/wp\/v2\/categories?post=15721"},{"taxonomy":"post_tag","embeddable":true,"href":"https:\/\/iletim.istanbul.edu.tr\/index.php\/wp-json\/wp\/v2\/tags?post=15721"}],"curies":[{"name":"wp","href":"https:\/\/api.w.org\/{rel}","templated":true}]}}