{"id":15725,"date":"2021-11-03T14:16:38","date_gmt":"2021-11-03T11:16:38","guid":{"rendered":"https:\/\/iletim.istanbul.edu.tr\/?p=15725"},"modified":"2021-11-03T14:16:40","modified_gmt":"2021-11-03T11:16:40","slug":"uluslararasi-frankfurt-turk-film-festivali-odullerinin-kazananlari-aciklandi","status":"publish","type":"post","link":"https:\/\/iletim.istanbul.edu.tr\/index.php\/2021\/11\/03\/uluslararasi-frankfurt-turk-film-festivali-odullerinin-kazananlari-aciklandi\/","title":{"rendered":"Uluslararas\u0131 Frankfurt T\u00fcrk Film Festivali \u00d6d\u00fcllerinin kazananlar\u0131 a\u00e7\u0131kland\u0131"},"content":{"rendered":"\n<p><strong>Haber:<\/strong> Teoman S\u00fcalp<\/p>\n\n\n\n<p>K\u00fclt\u00fcrler Aras\u0131 Transfer Derne\u011fi taraf\u0131ndan d\u00fczenlenen Frankfurt Film Festivali&#8217;nde 2021 \u00f6d\u00fclleri sahiplerini buldu.<\/p>\n\n\n\n<h2 class=\"wp-block-heading\">Ya\u015fam Boyu Ba\u015far\u0131 \u00d6d\u00fcl\u00fc:<\/h2>\n\n\n\n<p>Halil Erg\u00fcn<\/p>\n\n\n\n<figure class=\"wp-block-image size-large\"><img decoding=\"async\" width=\"730\" height=\"410\" src=\"https:\/\/iletim.istanbul.edu.tr\/wp-content\/uploads\/halilergun-730x410-1.jpg\" alt=\"\" class=\"wp-image-15729\" srcset=\"https:\/\/iletim.istanbul.edu.tr\/wp-content\/uploads\/halilergun-730x410-1.jpg 730w, https:\/\/iletim.istanbul.edu.tr\/wp-content\/uploads\/halilergun-730x410-1-300x168.jpg 300w\" sizes=\"(max-width: 730px) 100vw, 730px\" \/><figcaption>Halil \u0130brahim Erg\u00fcn 8 Eyl\u00fcl 1946 do\u011fumlu, T\u00fcrk tiyatro &nbsp;ve dizi oyuncusu.<br>1946 y\u0131l\u0131nda, Bursa&#8217;n\u0131n \u0130znik il\u00e7esine ba\u011fl\u0131 M\u00fc\u015fk\u00fcle K\u00f6y\u00fc&#8217;nde do\u011fdu. \u0130lk ve ortaokulu \u0130znik&#8217;te okudu. Pertevniyal Lisesi&#8217;nden mezun olduktan sonra Ankara \u00dcniversitesi Siyasal Bilgiler Fak\u00fcltesi&#8217;nde okudu. Halk Oyuncular\u0131&#8217;nda Teneke adl\u0131 oyunla profesyonel oldu. Vas\u0131f \u00d6ng\u00f6ren, Mustafa Alabora ve Erdo\u011fan Akduman ile Ankara Birlik Sahnesi&#8217;ni kurdu. Son olarak 2006 y\u0131l\u0131ndan 2010&#8217;a kadar Kanal D&#8217;de yay\u0131nlanan Yaprak D\u00f6k\u00fcm\u00fc adl\u0131 dizide Ali R\u0131za Tekin karakterini canland\u0131rm\u0131\u015ft\u0131r. \u0130stanbul&#8217;da ya\u015famaktad\u0131r.<\/figcaption><\/figure>\n\n\n\n<p>Suna Y\u0131ld\u0131zo\u011flu<\/p>\n\n\n\n<figure class=\"wp-block-image size-large\"><img decoding=\"async\" src=\"https:\/\/i2.milimaj.com\/i\/milliyet\/75\/0x0\/5fb683bcadcdeb151cdb6de4.jpg\" alt=\"\" \/><figcaption>Y\u0131ld\u0131zo\u011flu, Sonja Eady ad\u0131yla 26 \u015eubat 1955 tarihinde \u0130ngiltere&#8217;de d\u00fcnyaya gelen \u0130ngiliz as\u0131ll\u0131 T\u00fcrk sinema ve dizi oyuncusudur. 1974&#8217;te T\u00fcrkiye&#8217;ye yerle\u015fen oyuncunun Yasemin Kay Allen ve Dyon Kaan Allen adlar\u0131nda iki \u00e7ocu\u011fu vard\u0131r.<br>Suna Y\u0131ld\u0131zo\u011flu, 2000 senesinde sahne ve sinemadan ayr\u0131l\u0131p \u00e7ocuklar\u0131n\u0131n e\u011fitimi i\u00e7in gitti\u011fi Avustralya&#8217;ya yerle\u015ferek i\u015f hayat\u0131nda kendini var etmi\u015ftir. 1981&#8217;de girdi\u011fi 17. Alt\u0131n Orfe yar\u0131\u015fmas\u0131nda \u00d6zel Burgaz \u00d6d\u00fcl\u00fc ve Gazeteciler \u00d6d\u00fcl\u00fcn\u00fc kazanm\u0131\u015ft\u0131r. 1978-2000 aras\u0131nda\u00a0<a rel=\"noreferrer noopener\" href=\"https:\/\/www.milliyet.com.tr\/film-izle\/\" target=\"_blank\">filmler<\/a>, foto romanlar, TV dizilerinde ve reklamlarda oyunculuk, foto modellik ve \u015fark\u0131c\u0131l\u0131k yapm\u0131\u015ft\u0131r. 1996&#8217;da 18. Siyad T\u00fcrk Sinemas\u0131 \u00d6d\u00fclleri&#8217;nde En \u0130yi Kad\u0131n Oyuncu \u00f6d\u00fcl\u00fcne lay\u0131k g\u00f6r\u00fcld\u00fc.<\/figcaption><\/figure>\n\n\n\n<h2 class=\"wp-block-heading\">Vefa \u00d6d\u00fcl\u00fc:<\/h2>\n\n\n\n<p>Bilge Olga\u00e7<\/p>\n\n\n\n<figure class=\"wp-block-image size-large\"><img decoding=\"async\" width=\"1024\" height=\"681\" src=\"https:\/\/iletim.istanbul.edu.tr\/wp-content\/uploads\/icerik-1024x681.jpg\" alt=\"\" class=\"wp-image-15742\" srcset=\"https:\/\/iletim.istanbul.edu.tr\/wp-content\/uploads\/icerik-1024x681.jpg 1024w, https:\/\/iletim.istanbul.edu.tr\/wp-content\/uploads\/icerik-300x200.jpg 300w, https:\/\/iletim.istanbul.edu.tr\/wp-content\/uploads\/icerik.jpg 1200w\" sizes=\"(max-width: 1024px) 100vw, 1024px\" \/><figcaption>Bilge Olga\u00e7 1940 y\u0131l\u0131nda K\u0131rklareli\u2019nin Vize il\u00e7esinde do\u011fdu. 1962 y\u0131l\u0131nda Memduh \u00dcn\u2019\u00fcn y\u00f6netmenli\u011fini yapt\u0131\u011f\u0131\u00a0 \u201cK\u0131smetin En G\u00fczeli\u201d filminin senaryosunu yazarak sinemaya ilk ad\u0131m\u0131n\u0131 att\u0131. Y\u00f6netmenlik s\u00fcrecine \u201c\u00dc\u00e7\u00fcn\u00fcz\u00fc de M\u0131hlar\u0131m\u201d filmiyle ba\u015flayan \u00fcretken y\u00f6netmen daha sonra \u201cLin\u00e7\u201d ve senaryosunu Y\u0131lmaz G\u00fcney\u2019in yazd\u0131\u011f\u0131 \u201cBir G\u00fcn Mutlaka\u201d filmlerini y\u00f6netti. 1984 y\u0131l\u0131nda \u00e7ekti\u011fi \u201cKa\u015f\u0131k D\u00fc\u015fman\u0131\u201dyla \u00fcn\u00fcn\u00fcn zirvesine ula\u015ft\u0131. Bu filmiyle Uluslararas\u0131 Kad\u0131n Filmleri \u015eenli\u011finde birincilik \u00f6d\u00fcl\u00fc kazanan y\u00f6netmen, \u201c\u00dc\u00e7 Halka Yirmibe\u015f\u201d ve \u201c\u0130pek\u00e7e\u201d filleriyle kad\u0131n sorunlar\u0131n\u0131 beyaz perdeye yans\u0131tan y\u00f6netmenler aras\u0131nda ilk s\u0131rada yer ald\u0131.<\/figcaption><\/figure>\n\n\n\n<h2 class=\"wp-block-heading\">En \u0130yi Film:<\/h2>\n\n\n\n<p>9.75<\/p>\n\n\n\n<figure class=\"wp-block-embed-youtube wp-block-embed is-type-video is-provider-youtube wp-embed-aspect-16-9 wp-has-aspect-ratio\"><div class=\"wp-block-embed__wrapper\">\n<div class=\"jeg_video_container jeg_video_content\"><iframe loading=\"lazy\" title=\"9,75 | Fragman\" width=\"500\" height=\"281\" src=\"https:\/\/www.youtube.com\/embed\/-URheltMiUM?feature=oembed\" frameborder=\"0\" allow=\"accelerometer; autoplay; clipboard-write; encrypted-media; gyroscope; picture-in-picture; web-share\" referrerpolicy=\"strict-origin-when-cross-origin\" allowfullscreen><\/iframe><\/div>\n<\/div><\/figure>\n\n\n\n<p>9,75 Santimetrekare Filmi, Mehmet Ero\u011flu\u2019nun \u201c9,75 Santimetrekare\u201d adl\u0131 roman\u0131nda uyarlanan, y\u00f6netmen koltu\u011funda Ulu\u00e7 Bayraktar\u2019\u0131n oturdu\u011fu yan\u0131 zamanda y\u00f6netmenin ilk uzun metrajl\u0131 filmi 9,75 Santimetrekare\u2019nin ilk fragman\u0131 yay\u0131nland\u0131. Ba\u015frolde Nejat \u0130\u015fler\u2019in oldu\u011fu filmin oyuncu kadrosunda Funda Eryi\u011fit, Berkay Ate\u015f, Menderes Samanc\u0131lar ve Ercan Kesal gibi deneyimli isimlerde yer al\u0131yor.<\/p>\n\n\n\n<h2 class=\"wp-block-heading\">En \u0130yi Y\u00f6netmen:<\/h2>\n\n\n\n<p>Erdem Tepeg\u00f6z<\/p>\n\n\n\n<figure class=\"wp-block-image size-large\"><img decoding=\"async\" width=\"939\" height=\"1024\" src=\"https:\/\/iletim.istanbul.edu.tr\/wp-content\/uploads\/FADcxj5XEAQbDF8-939x1024.jpg\" alt=\"\" class=\"wp-image-15743\" srcset=\"https:\/\/iletim.istanbul.edu.tr\/wp-content\/uploads\/FADcxj5XEAQbDF8-939x1024.jpg 939w, https:\/\/iletim.istanbul.edu.tr\/wp-content\/uploads\/FADcxj5XEAQbDF8-275x300.jpg 275w, https:\/\/iletim.istanbul.edu.tr\/wp-content\/uploads\/FADcxj5XEAQbDF8.jpg 1100w\" sizes=\"(max-width: 939px) 100vw, 939px\" \/><figcaption>Erdem Tepeg\u00f6z 1982&#8217;de do\u011fdu. Dokuz Eyl\u00fcl \u00dcniversitesi \u0130ktisat b\u00f6l\u00fcm\u00fcnden mezun olduktan sonra\u00a0Prag&#8217;da film at\u00f6lyesini tamamlad\u0131.\u00a0K\u0131sa film\u00a0ve\u00a0belgesel\u00a0ge\u00e7mi\u015fine sahip olan Tepeg\u00f6z,<br>Zerre isimli ilk sinema filmiyle 49. Alt\u0131n Portakal film festivalinde &#8216;En \u0130yi Y\u00f6netmen&#8217;, S\u0130YAD (Sinema Yazarlar\u0131 Derne\u011fi) &#8216;En \u0130yi Film&#8217; ve &#8216;En \u0130yi \u0130lk Film&#8217; \u00f6d\u00fcllerini kazand\u0131.<br>Rusya&#8217;n\u0131n Oscar \u00f6d\u00fcl\u00fc say\u0131lan 35. Moskova Film Festival&#8217;inde B\u00fcy\u00fck \u00d6d\u00fcl, &#8216;Alt\u0131n Aziz George heykeli&#8217;ni kazand\u0131. Daha \u00f6nce Federico Fellini, Akira Kurosawa, Krzysztof Kie\u015blowski gibi \u00f6nemli y\u00f6netmenlerin ald\u0131\u011f\u0131 bu prestijli \u00f6d\u00fcl\u00fc en gen\u00e7 ya\u015fta kazanan y\u00f6netmen olmu\u015ftur.<\/figcaption><\/figure>\n\n\n\n<h2 class=\"wp-block-heading\">En \u0130yi Kad\u0131n Oyuncu:<\/h2>\n\n\n\n<p>Senan Kara<\/p>\n\n\n\n<figure class=\"wp-block-image size-large\"><img decoding=\"async\" width=\"637\" height=\"450\" src=\"https:\/\/iletim.istanbul.edu.tr\/wp-content\/uploads\/sk3.jpg\" alt=\"\" class=\"wp-image-15744\" srcset=\"https:\/\/iletim.istanbul.edu.tr\/wp-content\/uploads\/sk3.jpg 637w, https:\/\/iletim.istanbul.edu.tr\/wp-content\/uploads\/sk3-300x212.jpg 300w\" sizes=\"(max-width: 637px) 100vw, 637px\" \/><figcaption>Senan Kara, 9 A\u011fustos 1978 tarihinde \u0130zmir&#8217;de d\u00fcnyaya gelmi\u015ftir.<br>Yunus Emre Koleji&#8217;nden mezun olduktan sonra 1996 y\u0131l\u0131nda Dokuz Eyl\u00fcl \u00dcniversitesi G\u00fczel Sanatlar Fak\u00fcltesi Tiyatro Oyunculuk B\u00f6l\u00fcm\u00fc&#8217;n\u00fc kazanan sanat\u00e7\u0131, \u00f6\u011frenim ya\u015fam\u0131 boyunca \u00e7e\u015fitli k\u0131sa oyunlar\u0131n yan\u0131 s\u0131ra &#8220;G\u00f6zlerimi Kapar\u0131m Vazifemi Yapar\u0131m&#8221;, &#8220;Mart\u0131&#8221; gibi oyunlarda ba\u015frollerde g\u00f6rev alm\u0131\u015ft\u0131r. 2000 y\u0131l\u0131nda Tennessee Williams&#8217;\u0131n &#8220;Arzu Tramvay\u0131&#8221; ve &#8220;Bir Madonnan\u0131n Portresi&#8221; adl\u0131 tez oyunuyla mezun olmu\u015ftur. E\u011fitiminin ard\u0131ndan \u00e7e\u015fitli televizyon dizilerinde oynayan Kara, \u015eehir Tiyatrolar\u0131 kadrolu oyuncusu olup, sinema ve dizi filmlerde de rol almaktad\u0131r. Ayr\u0131ca 2007\/2008 Sezonunda Duru Tiyatro&#8217;ya Kaset adl\u0131 oyunla konuk oyuncu olarak kat\u0131lm\u0131\u015ft\u0131r. 2016 y\u0131l\u0131n\u0131n Ekim ay\u0131nda Kanal D kanal\u0131nda yay\u0131nlanan Vatan\u0131m Sensin adl\u0131 d\u00f6nem dizisinde Veronika rol\u00fc ile kamera kar\u015f\u0131s\u0131na ge\u00e7mi\u015ftir.<\/figcaption><\/figure>\n\n\n\n<h2 class=\"wp-block-heading\">En \u0130yi Erkek Oyuncu:<\/h2>\n\n\n\n<p>Numan A\u00e7ar<\/p>\n\n\n\n<figure class=\"wp-block-image size-large\"><img decoding=\"async\" width=\"459\" height=\"561\" src=\"https:\/\/iletim.istanbul.edu.tr\/wp-content\/uploads\/numan-acar-kimdir-5B4F56251CC67.jpg\" alt=\"\" class=\"wp-image-15745\" srcset=\"https:\/\/iletim.istanbul.edu.tr\/wp-content\/uploads\/numan-acar-kimdir-5B4F56251CC67.jpg 459w, https:\/\/iletim.istanbul.edu.tr\/wp-content\/uploads\/numan-acar-kimdir-5B4F56251CC67-245x300.jpg 245w\" sizes=\"(max-width: 459px) 100vw, 459px\" \/><figcaption>G\u00fcm\u00fc\u015fhane&#8217;in Kelkit \u0130l\u00e7esinin Kozo\u011flu k\u00f6y\u00fcnde\u00a07 Ekim 1974&#8217;de d\u00fcnyaya gelen Numar Acar, 8 ya\u015f\u0131na kadar ailesi ile birlikte Erzincan&#8217;da ya\u015fad\u0131. Acar 1982&#8217;de ise ailesiyle birlikte Almanya&#8217;ya yerle\u015fti. Burada \u0130n\u015faat M\u00fchendisli\u011fi okuduktan sonra tiyatro e\u011fitimi de alarak Almanya&#8217;da kariyerine ad\u0131m att\u0131.\u00a02002 y\u0131l\u0131nda Fatih Ak\u0131n&#8217;\u0131n Kebab Connection filminde oynayan Numan Acar, o zamandan beri aranan isimlerden biri. 2012 y\u0131l\u0131nda, ba\u015frol\u00fcn\u00fc Ata Demirer&#8217;in oynad\u0131\u011f\u0131 Berlin Kaplan\u0131 adl\u0131 filmde hem oyuncu olarak yer ald\u0131, hem de yap\u0131mc\u0131l\u0131\u011f\u0131n\u0131 \u00fcstlendi. \u00dcn\u00fc ve ba\u015far\u0131s\u0131 yay\u0131lan Acar, 2014 y\u0131l\u0131nda, Amerikan yap\u0131m\u0131 &#8221;Homeland&#8221; dizisinde Pakistandaki Taliban lideri Haissam Hakkani rol\u00fcnde oynad\u0131. Prison Break dizisinde Namal Abu Ramal karakterince hayat veren Acar, Fatih Ak\u0131n&#8217;an Parampar\u00e7a filminde Nuri \u015eekerci&#8217;yi canland\u0131rd\u0131.\u00a0<\/figcaption><\/figure>\n\n\n\n<h2 class=\"wp-block-heading\">En \u0130yi G\u00f6r\u00fcnt\u00fc Y\u00f6netmeni:<\/h2>\n\n\n\n<p>Hayk Kirakosyan<\/p>\n\n\n\n<figure class=\"wp-block-image size-large\"><img decoding=\"async\" width=\"934\" height=\"1024\" src=\"https:\/\/iletim.istanbul.edu.tr\/wp-content\/uploads\/getimage-934x1024.jpg\" alt=\"\" class=\"wp-image-15746\" srcset=\"https:\/\/iletim.istanbul.edu.tr\/wp-content\/uploads\/getimage-934x1024.jpg 934w, https:\/\/iletim.istanbul.edu.tr\/wp-content\/uploads\/getimage-274x300.jpg 274w, https:\/\/iletim.istanbul.edu.tr\/wp-content\/uploads\/getimage.jpg 1095w\" sizes=\"(max-width: 934px) 100vw, 934px\" \/><figcaption>Hayk Stepanovi\u00e7 Kirakosyan&nbsp;31 Ocak 1962de Ermenistan&#8217;\u0131n Erivan \u015fehrinde do\u011fdu<a href=\"https:\/\/tr.wikipedia.org\/wiki\/Ermeniler\">.<\/a><br>Gerasimov Sinematografi Enstit\u00fcs\u00fc&nbsp;mezunudur.&nbsp;Kadir Has \u00dcniversitesi&nbsp;Sinema Televizyon B\u00f6l\u00fcm\u00fc ve&nbsp;Plato Meslek Y\u00fcksekokulu&nbsp;Radyo ve Televizyon Programc\u0131l\u0131\u011f\u0131 ve \u0130stanbul Bilgi \u00dcniversitesi Sinema-TV b\u00f6l\u00fcm\u00fcnde \u00f6\u011fretim \u00fcyesidir.<\/figcaption><\/figure>\n\n\n\n<h2 class=\"wp-block-heading\">En \u0130yi Senaryo:<\/h2>\n\n\n\n<p>9.75<\/p>\n\n\n\n<figure class=\"wp-block-embed-youtube wp-block-embed is-type-video is-provider-youtube wp-embed-aspect-16-9 wp-has-aspect-ratio\"><div class=\"wp-block-embed__wrapper\">\n<div class=\"jeg_video_container jeg_video_content\"><iframe loading=\"lazy\" title=\"9,75 (Fragman)\" width=\"500\" height=\"281\" src=\"https:\/\/www.youtube.com\/embed\/6SnWShTa6o4?feature=oembed\" frameborder=\"0\" allow=\"accelerometer; autoplay; clipboard-write; encrypted-media; gyroscope; picture-in-picture; web-share\" referrerpolicy=\"strict-origin-when-cross-origin\" allowfullscreen><\/iframe><\/div>\n<\/div><\/figure>\n\n\n\n<h2 class=\"wp-block-heading\">En \u0130yi M\u00fczik:<\/h2>\n\n\n\n<p>\u00d6l\u00fc Ekme\u011fi ile Reis \u00c7elik<\/p>\n\n\n\n<figure class=\"wp-block-embed-youtube wp-block-embed is-type-video is-provider-youtube wp-embed-aspect-16-9 wp-has-aspect-ratio\"><div class=\"wp-block-embed__wrapper\">\n<div class=\"jeg_video_container jeg_video_content\"><iframe loading=\"lazy\" title=\"FOOD FOR A FUNERAL \/ \u00d6L\u00dc EKME\u011e\u0130 - Reis \u00c7elik (Trailer)\" width=\"500\" height=\"281\" src=\"https:\/\/www.youtube.com\/embed\/I4AZiqBMLtA?feature=oembed\" frameborder=\"0\" allow=\"accelerometer; autoplay; clipboard-write; encrypted-media; gyroscope; picture-in-picture; web-share\" referrerpolicy=\"strict-origin-when-cross-origin\" allowfullscreen><\/iframe><\/div>\n<\/div><\/figure>\n\n\n\n<h2 class=\"wp-block-heading\">J\u00fcri \u00d6zel \u00d6d\u00fcl\u00fc:<\/h2>\n\n\n\n<p>Bilmemek Filmi &#8211; Emir \u00d6zden<\/p>\n\n\n\n<figure class=\"wp-block-embed-youtube wp-block-embed is-type-video is-provider-youtube wp-embed-aspect-16-9 wp-has-aspect-ratio\"><div class=\"wp-block-embed__wrapper\">\n<div class=\"jeg_video_container jeg_video_content\"><iframe loading=\"lazy\" title=\"Bilmemek | Fragman\" width=\"500\" height=\"281\" src=\"https:\/\/www.youtube.com\/embed\/i7Ez_sp__lM?feature=oembed\" frameborder=\"0\" allow=\"accelerometer; autoplay; clipboard-write; encrypted-media; gyroscope; picture-in-picture; web-share\" referrerpolicy=\"strict-origin-when-cross-origin\" allowfullscreen><\/iframe><\/div>\n<\/div><\/figure>\n\n\n\n<h2 class=\"wp-block-heading\">13. \u00dcniversiteleraras\u0131 K\u0131sa Film Yar\u0131\u015fmas\u0131 -T\u00fcrkiye birincisi:<\/h2>\n\n\n\n<p>&#8220;Majid&#8217;den Sevgilerle&#8221;, Yi\u011fit Armuto\u011flu<\/p>\n\n\n\n<figure class=\"wp-block-embed-youtube wp-block-embed is-type-video is-provider-youtube wp-embed-aspect-16-9 wp-has-aspect-ratio\"><div class=\"wp-block-embed__wrapper\">\n<div class=\"jeg_video_container jeg_video_content\"><iframe loading=\"lazy\" title=\"Majid&#039;den Sevgilerle - Yi\u011fit Armuto\u011flu\" width=\"500\" height=\"281\" src=\"https:\/\/www.youtube.com\/embed\/gEh2vd3TC-g?feature=oembed\" frameborder=\"0\" allow=\"accelerometer; autoplay; clipboard-write; encrypted-media; gyroscope; picture-in-picture; web-share\" referrerpolicy=\"strict-origin-when-cross-origin\" allowfullscreen><\/iframe><\/div>\n<\/div><\/figure>\n\n\n\n<h2 class=\"wp-block-heading\">2. Belgesel Yar\u0131\u015fmas\u0131 Birincisi:<\/h2>\n\n\n\n<p>&nbsp;&#8220;Tanr\u0131 G\u00f6\u00e7men \u00c7ocuklar\u0131 Sever mi Anne&#8221; ile Rena Lusin Bitmez<\/p>\n\n\n\n<figure class=\"wp-block-embed-youtube wp-block-embed is-type-video is-provider-youtube wp-embed-aspect-16-9 wp-has-aspect-ratio\"><div class=\"wp-block-embed__wrapper\">\nhttps:\/\/youtu.be\/32V1UhUAhM4\n<\/div><\/figure>\n\n\n\n<h2 class=\"wp-block-heading\">2. Belgesel Yar\u0131\u015fmas\u0131 \u00d6zel \u00d6d\u00fcl\u00fc:<\/h2>\n\n\n\n<p>&#8220;Fatma Kayac\u0131&#8217;n\u0131n Bilinmeyen Hikayesi&#8221; ile Orhan Tekeo\u011flu<\/p>\n\n\n\n<figure class=\"wp-block-embed-youtube wp-block-embed is-type-video is-provider-youtube wp-embed-aspect-16-9 wp-has-aspect-ratio\"><div class=\"wp-block-embed__wrapper\">\n<div class=\"jeg_video_container jeg_video_content\"><iframe loading=\"lazy\" title=\"Yaylada tek ba\u015f\u0131na ya\u015fayan &#039;Robinson Nine&#039; belgeseline \u0130talya&#039;dan \u00f6d\u00fcl\" width=\"500\" height=\"281\" src=\"https:\/\/www.youtube.com\/embed\/Ebs09NocDzE?feature=oembed\" frameborder=\"0\" allow=\"accelerometer; autoplay; clipboard-write; encrypted-media; gyroscope; picture-in-picture; web-share\" referrerpolicy=\"strict-origin-when-cross-origin\" allowfullscreen><\/iframe><\/div>\n<\/div><\/figure>\n","protected":false},"excerpt":{"rendered":"<p>Haber: Teoman S\u00fcalp K\u00fclt\u00fcrler Aras\u0131 Transfer Derne\u011fi taraf\u0131ndan d\u00fczenlenen Frankfurt Film Festivali&#8217;nde 2021 \u00f6d\u00fclleri sahiplerini buldu. Ya\u015fam Boyu Ba\u015far\u0131 \u00d6d\u00fcl\u00fc: Halil Erg\u00fcn Suna Y\u0131ld\u0131zo\u011flu Vefa \u00d6d\u00fcl\u00fc: Bilge Olga\u00e7 En \u0130yi Film: 9.75 9,75 Santimetrekare Filmi, Mehmet Ero\u011flu\u2019nun \u201c9,75 Santimetrekare\u201d adl\u0131 roman\u0131nda uyarlanan, y\u00f6netmen koltu\u011funda Ulu\u00e7 Bayraktar\u2019\u0131n oturdu\u011fu yan\u0131 zamanda y\u00f6netmenin ilk uzun metrajl\u0131 filmi 9,75 [&hellip;]<\/p>\n","protected":false},"author":14,"featured_media":15748,"comment_status":"open","ping_status":"open","sticky":false,"template":"","format":"standard","meta":{"jnews-multi-image_gallery":[],"jnews_single_post":[],"jnews_primary_category":[],"jnews_social_meta":[],"jnews_override_counter":[],"footnotes":""},"categories":[30],"tags":[],"class_list":["post-15725","post","type-post","status-publish","format-standard","has-post-thumbnail","hentry","category-kultur-sanat"],"_links":{"self":[{"href":"https:\/\/iletim.istanbul.edu.tr\/index.php\/wp-json\/wp\/v2\/posts\/15725","targetHints":{"allow":["GET"]}}],"collection":[{"href":"https:\/\/iletim.istanbul.edu.tr\/index.php\/wp-json\/wp\/v2\/posts"}],"about":[{"href":"https:\/\/iletim.istanbul.edu.tr\/index.php\/wp-json\/wp\/v2\/types\/post"}],"author":[{"embeddable":true,"href":"https:\/\/iletim.istanbul.edu.tr\/index.php\/wp-json\/wp\/v2\/users\/14"}],"replies":[{"embeddable":true,"href":"https:\/\/iletim.istanbul.edu.tr\/index.php\/wp-json\/wp\/v2\/comments?post=15725"}],"version-history":[{"count":0,"href":"https:\/\/iletim.istanbul.edu.tr\/index.php\/wp-json\/wp\/v2\/posts\/15725\/revisions"}],"wp:featuredmedia":[{"embeddable":true,"href":"https:\/\/iletim.istanbul.edu.tr\/index.php\/wp-json\/wp\/v2\/media\/15748"}],"wp:attachment":[{"href":"https:\/\/iletim.istanbul.edu.tr\/index.php\/wp-json\/wp\/v2\/media?parent=15725"}],"wp:term":[{"taxonomy":"category","embeddable":true,"href":"https:\/\/iletim.istanbul.edu.tr\/index.php\/wp-json\/wp\/v2\/categories?post=15725"},{"taxonomy":"post_tag","embeddable":true,"href":"https:\/\/iletim.istanbul.edu.tr\/index.php\/wp-json\/wp\/v2\/tags?post=15725"}],"curies":[{"name":"wp","href":"https:\/\/api.w.org\/{rel}","templated":true}]}}