{"id":15755,"date":"2021-11-03T12:32:28","date_gmt":"2021-11-03T09:32:28","guid":{"rendered":"https:\/\/iletim.istanbul.edu.tr\/?p=15755"},"modified":"2021-11-03T14:09:43","modified_gmt":"2021-11-03T11:09:43","slug":"ugur-cobanoglu-sahadaki-fotografcilik-deneyimlerini-ogrencilerle-paylasti","status":"publish","type":"post","link":"https:\/\/iletim.istanbul.edu.tr\/index.php\/2021\/11\/03\/ugur-cobanoglu-sahadaki-fotografcilik-deneyimlerini-ogrencilerle-paylasti\/","title":{"rendered":"U\u011fur \u00c7obano\u011flu sahadaki foto\u011fraf\u00e7\u0131l\u0131k deneyimlerini \u00f6\u011frencilerle payla\u015ft\u0131"},"content":{"rendered":"\n<p><strong>Haber:<\/strong> Kas\u0131m Sars\u0131lmaz<\/p>\n\n\n\n<p>\u0130stanbul \u00dcniversitesi Kurumsal \u0130leti\u015fim Koordinat\u00f6rl\u00fc\u011f\u00fc Foto\u011fraf Birimi\u2019nin d\u00fczenledi\u011fi Foto\u011fraf At\u00f6lyesi&#8217;ne, 2 Kas\u0131m Sal\u0131 g\u00fcn\u00fc, Medipol \u00dcniversitesi&#8217;nden \u00d6\u011fr. G\u00f6r. U\u011fur \u00c7obano\u011flu konuk oldu.<\/p>\n\n\n\n<p>\u0130\u00dc \u0130leti\u015fim Fak\u00fcltesi Cep Sinemas\u0131&#8217;nda ger\u00e7ekle\u015fen etkinli\u011fe Medipol \u00dcniversitesi&#8217;nden gelen \u00c7obano\u011flu&#8217;nun \u00f6\u011frencileri de kat\u0131l\u0131m sa\u011flad\u0131.<\/p>\n\n\n\n<figure class=\"wp-block-image size-large\"><img decoding=\"async\" width=\"1024\" height=\"682\" src=\"https:\/\/iletim.istanbul.edu.tr\/wp-content\/uploads\/Ugur-2-1024x682.jpg\" alt=\"\" class=\"wp-image-15758\" srcset=\"https:\/\/iletim.istanbul.edu.tr\/wp-content\/uploads\/Ugur-2-1024x682.jpg 1024w, https:\/\/iletim.istanbul.edu.tr\/wp-content\/uploads\/Ugur-2-300x200.jpg 300w, https:\/\/iletim.istanbul.edu.tr\/wp-content\/uploads\/Ugur-2-1536x1023.jpg 1536w, https:\/\/iletim.istanbul.edu.tr\/wp-content\/uploads\/Ugur-2.jpg 2048w\" sizes=\"(max-width: 1024px) 100vw, 1024px\" \/><\/figure>\n\n\n\n<p><strong>\u00c7obano\u011flu;<\/strong> <strong>&#8220;Buraya gelmemizin amac\u0131 g\u00f6z\u00fcn\u00fcz\u00fc e\u011fitmek&#8221;<\/strong><\/p>\n\n\n\n<p>Kurumsal foto\u011fraf \u00e7ekimleri ve PR ajanslar\u0131 ile ili\u015fkiler \u00fczerine bilgi ve tecr\u00fcbelerini payla\u015fan \u00c7obano\u011flu, etkinlik boyunca bir \u00e7ekim esnas\u0131nda foto\u011fraf\u00e7\u0131n\u0131n neler yapmas\u0131 gerekti\u011finden bahsetti.<\/p>\n\n\n\n<p>Foto\u011fraf \u00e7ekiminde, \u00e7ekilen ki\u015fiyle g\u00f6z hizas\u0131nda olman\u0131n \u00f6neminden s\u00f6z eden \u00c7obano\u011flu, foto\u011fraf \u00e7ekiminde teknik k\u0131s\u0131mlar kadar foto\u011fraf\u00e7\u0131n\u0131n \u00e7ekilen ki\u015fi ile ileti\u015fiminin de olduk\u00e7a \u00f6nemli oldu\u011funu vurgulad\u0131.<\/p>\n\n\n\n<figure class=\"wp-block-image size-large\"><img decoding=\"async\" width=\"1024\" height=\"682\" src=\"https:\/\/iletim.istanbul.edu.tr\/wp-content\/uploads\/Ugur-4-1024x682.jpg\" alt=\"\" class=\"wp-image-15759\" srcset=\"https:\/\/iletim.istanbul.edu.tr\/wp-content\/uploads\/Ugur-4-1024x682.jpg 1024w, https:\/\/iletim.istanbul.edu.tr\/wp-content\/uploads\/Ugur-4-300x200.jpg 300w, https:\/\/iletim.istanbul.edu.tr\/wp-content\/uploads\/Ugur-4-1536x1023.jpg 1536w, https:\/\/iletim.istanbul.edu.tr\/wp-content\/uploads\/Ugur-4.jpg 2048w\" sizes=\"(max-width: 1024px) 100vw, 1024px\" \/><\/figure>\n\n\n\n<p>Etkinli\u011fin soru-cevap k\u0131sm\u0131n\u0131n tamamlanmas\u0131n\u0131n ard\u0131ndan  \u0130\u00dc Kurumsal \u0130leti\u015fim Koordinat\u00f6rl\u00fc\u011f\u00fc ad\u0131na \u0130leti\u015fim Fak\u00fcltesi Ar\u015f. G\u00f6r. Hakan K\u00fcrk\u00e7\u00fco\u011flu, kat\u0131l\u0131m\u0131ndan dolay\u0131 \u00d6\u011fr. G\u00f6r. U\u011fur \u00c7obano\u011flu&#8217;na te\u015fekk\u00fcr belgesi takdim etti.<\/p>\n\n\n\n<figure class=\"wp-block-image size-large\"><img decoding=\"async\" width=\"1024\" height=\"683\" src=\"https:\/\/iletim.istanbul.edu.tr\/wp-content\/uploads\/Ugur-3-1024x683.jpg\" alt=\"\" class=\"wp-image-15760\" srcset=\"https:\/\/iletim.istanbul.edu.tr\/wp-content\/uploads\/Ugur-3-1024x683.jpg 1024w, https:\/\/iletim.istanbul.edu.tr\/wp-content\/uploads\/Ugur-3-300x200.jpg 300w, https:\/\/iletim.istanbul.edu.tr\/wp-content\/uploads\/Ugur-3.jpg 1500w\" sizes=\"(max-width: 1024px) 100vw, 1024px\" \/><\/figure>\n\n\n\n<p><\/p>\n","protected":false},"excerpt":{"rendered":"<p>Haber: Kas\u0131m Sars\u0131lmaz \u0130stanbul \u00dcniversitesi Kurumsal \u0130leti\u015fim Koordinat\u00f6rl\u00fc\u011f\u00fc Foto\u011fraf Birimi\u2019nin d\u00fczenledi\u011fi Foto\u011fraf At\u00f6lyesi&#8217;ne, 2 Kas\u0131m Sal\u0131 g\u00fcn\u00fc, Medipol \u00dcniversitesi&#8217;nden \u00d6\u011fr. G\u00f6r. U\u011fur \u00c7obano\u011flu konuk oldu. \u0130\u00dc \u0130leti\u015fim Fak\u00fcltesi Cep Sinemas\u0131&#8217;nda ger\u00e7ekle\u015fen etkinli\u011fe Medipol \u00dcniversitesi&#8217;nden gelen \u00c7obano\u011flu&#8217;nun \u00f6\u011frencileri de kat\u0131l\u0131m sa\u011flad\u0131. \u00c7obano\u011flu; &#8220;Buraya gelmemizin amac\u0131 g\u00f6z\u00fcn\u00fcz\u00fc e\u011fitmek&#8221; Kurumsal foto\u011fraf \u00e7ekimleri ve PR ajanslar\u0131 ile ili\u015fkiler \u00fczerine [&hellip;]<\/p>\n","protected":false},"author":14,"featured_media":15757,"comment_status":"open","ping_status":"open","sticky":false,"template":"","format":"standard","meta":{"jnews-multi-image_gallery":[],"jnews_single_post":[],"jnews_primary_category":[],"jnews_social_meta":[],"jnews_override_counter":[],"footnotes":""},"categories":[1,178],"tags":[1375,1373,1775],"class_list":["post-15755","post","type-post","status-publish","format-standard","has-post-thumbnail","hentry","category-genel","category-fakultemizden","tag-istanbul-universitesi-2","tag-iu-iletisim-fakultesi-2","tag-ugur-cobanoglu"],"_links":{"self":[{"href":"https:\/\/iletim.istanbul.edu.tr\/index.php\/wp-json\/wp\/v2\/posts\/15755","targetHints":{"allow":["GET"]}}],"collection":[{"href":"https:\/\/iletim.istanbul.edu.tr\/index.php\/wp-json\/wp\/v2\/posts"}],"about":[{"href":"https:\/\/iletim.istanbul.edu.tr\/index.php\/wp-json\/wp\/v2\/types\/post"}],"author":[{"embeddable":true,"href":"https:\/\/iletim.istanbul.edu.tr\/index.php\/wp-json\/wp\/v2\/users\/14"}],"replies":[{"embeddable":true,"href":"https:\/\/iletim.istanbul.edu.tr\/index.php\/wp-json\/wp\/v2\/comments?post=15755"}],"version-history":[{"count":0,"href":"https:\/\/iletim.istanbul.edu.tr\/index.php\/wp-json\/wp\/v2\/posts\/15755\/revisions"}],"wp:featuredmedia":[{"embeddable":true,"href":"https:\/\/iletim.istanbul.edu.tr\/index.php\/wp-json\/wp\/v2\/media\/15757"}],"wp:attachment":[{"href":"https:\/\/iletim.istanbul.edu.tr\/index.php\/wp-json\/wp\/v2\/media?parent=15755"}],"wp:term":[{"taxonomy":"category","embeddable":true,"href":"https:\/\/iletim.istanbul.edu.tr\/index.php\/wp-json\/wp\/v2\/categories?post=15755"},{"taxonomy":"post_tag","embeddable":true,"href":"https:\/\/iletim.istanbul.edu.tr\/index.php\/wp-json\/wp\/v2\/tags?post=15755"}],"curies":[{"name":"wp","href":"https:\/\/api.w.org\/{rel}","templated":true}]}}