{"id":15951,"date":"2021-11-09T18:16:16","date_gmt":"2021-11-09T15:16:16","guid":{"rendered":"https:\/\/iletim.istanbul.edu.tr\/?p=15951"},"modified":"2021-11-09T18:17:23","modified_gmt":"2021-11-09T15:17:23","slug":"beyne-uzaktan-sok-veren-kask","status":"publish","type":"post","link":"https:\/\/iletim.istanbul.edu.tr\/index.php\/2021\/11\/09\/beyne-uzaktan-sok-veren-kask\/","title":{"rendered":"Beyne uzaktan \u015fok veren kask"},"content":{"rendered":"\n<p><strong>Haber<\/strong>: Mutlu Bilge<\/p>\n\n\n\n<p>Pandemi sonras\u0131 \u201cuzaktan sa\u011fl\u0131k\u201d d\u00f6nemi tart\u0131\u015f\u0131l\u0131yor. Uzmanlara g\u00f6re, \u00f6zel kasklarla hastalar\u0131n beynine \u015fok uygulanarak tedavi yap\u0131labilecek.<\/p>\n\n\n\n<p>KORONA&nbsp;salg\u0131n\u0131 nedeniyle ge\u00e7en y\u0131l verilen aran\u0131n ard\u0131ndan teknoloji d\u00fcnyas\u0131n\u0131 1-4 Kas\u0131m tarihlerinde Portekiz\u2019in ba\u015fkenti Lizbon\u2019da bir araya getiren \u201cWeb Summit\u201d etkinli\u011finin odak noktas\u0131 yeni sa\u011fl\u0131k \u00e7\u00f6z\u00fcmleri oldu. Bunlardan biri \u0130spanya merkezli Neuroelectrics \u015firketinin kask\u0131\u2026 Cihaz, sens\u00f6rler arac\u0131l\u0131\u011f\u0131yla hastalar\u0131n beyin aktivitelerini evde bulunduklar\u0131 s\u0131rada izlerken \u015firketin kurucu orta\u011f\u0131 Ana Maiques\u2019e g\u00f6re beyinde hedeflenen b\u00f6lgelere kask yard\u0131m\u0131yla elektrik ak\u0131m\u0131 g\u00f6ndererek epilepsi gibi durumlar\u0131n uzaktan tedavisi m\u00fcmk\u00fcn. Ancak bu uygulamalar\u0131 kullan\u0131rken dikkatli olmakta yarar var.<\/p>\n\n\n\n<p>Di\u011fer bir geli\u015fme ise&nbsp;Pandemi&nbsp;sonras\u0131 \u2018uzaktan sa\u011fl\u0131k\u2019 d\u00f6neminin ba\u015flayacak olmas\u0131. \u201c\u0130nsanlar telefonlar\u0131n\u0131 g\u00fcnl\u00fck ihtiya\u00e7lar\u0131 i\u00e7in kullan\u0131yor. Sa\u011fl\u0131k hizmetleri neden bunun bir par\u00e7as\u0131 olmas\u0131n\u201d diye soran Johannes Schildt, sa\u011fl\u0131kta sanal y\u00f6ntemlere ge\u00e7i\u015fin pandemi sayesinde h\u0131zland\u0131\u011f\u0131n\u0131 anlatt\u0131.<\/p>\n\n\n\n<p>Schildt, be\u015f Avrupa \u00fclkesinde faaliyet g\u00f6steren, hastalarla doktorlar\u0131 online olarak bulu\u015fturan \u201cKry\u201d adl\u0131 \u015firketin sahibi.<\/p>\n\n\n\n<p><strong>SEKT\u00d6R\u00dcN GELECE\u011e\u0130<\/strong><\/p>\n\n\n\n<p>Daha \u00f6nce \u0130ngiltere sa\u011fl\u0131k otoritesi, uzaktan sa\u011fl\u0131k uygulamas\u0131 Babylon\u2019un baz\u0131 ciddi vakalar\u0131 tespit etmekte ba\u015far\u0131s\u0131z oldu\u011funu bildirmi\u015fti. Uzmanlar, sanal y\u00f6ntemler ile geleneksel uygulamalar\u0131n e\u015f zamanl\u0131 kullan\u0131m\u0131n\u0131 sa\u011fl\u0131k sekt\u00f6r\u00fcn\u00fcn gelece\u011fi olarak g\u00f6r\u00fcyor.<\/p>\n","protected":false},"excerpt":{"rendered":"<p>Haber: Mutlu Bilge Pandemi sonras\u0131 \u201cuzaktan sa\u011fl\u0131k\u201d d\u00f6nemi tart\u0131\u015f\u0131l\u0131yor. Uzmanlara g\u00f6re, \u00f6zel kasklarla hastalar\u0131n beynine \u015fok uygulanarak tedavi yap\u0131labilecek. KORONA&nbsp;salg\u0131n\u0131 nedeniyle ge\u00e7en y\u0131l verilen aran\u0131n ard\u0131ndan teknoloji d\u00fcnyas\u0131n\u0131 1-4 Kas\u0131m tarihlerinde Portekiz\u2019in ba\u015fkenti Lizbon\u2019da bir araya getiren \u201cWeb Summit\u201d etkinli\u011finin odak noktas\u0131 yeni sa\u011fl\u0131k \u00e7\u00f6z\u00fcmleri oldu. Bunlardan biri \u0130spanya merkezli Neuroelectrics \u015firketinin kask\u0131\u2026 Cihaz, sens\u00f6rler [&hellip;]<\/p>\n","protected":false},"author":14,"featured_media":15952,"comment_status":"open","ping_status":"open","sticky":false,"template":"","format":"standard","meta":{"jnews-multi-image_gallery":[],"jnews_single_post":[],"jnews_primary_category":[],"jnews_social_meta":[],"jnews_override_counter":[],"footnotes":""},"categories":[24,32],"tags":[],"class_list":["post-15951","post","type-post","status-publish","format-standard","has-post-thumbnail","hentry","category-bilim","category-saglik"],"_links":{"self":[{"href":"https:\/\/iletim.istanbul.edu.tr\/index.php\/wp-json\/wp\/v2\/posts\/15951","targetHints":{"allow":["GET"]}}],"collection":[{"href":"https:\/\/iletim.istanbul.edu.tr\/index.php\/wp-json\/wp\/v2\/posts"}],"about":[{"href":"https:\/\/iletim.istanbul.edu.tr\/index.php\/wp-json\/wp\/v2\/types\/post"}],"author":[{"embeddable":true,"href":"https:\/\/iletim.istanbul.edu.tr\/index.php\/wp-json\/wp\/v2\/users\/14"}],"replies":[{"embeddable":true,"href":"https:\/\/iletim.istanbul.edu.tr\/index.php\/wp-json\/wp\/v2\/comments?post=15951"}],"version-history":[{"count":0,"href":"https:\/\/iletim.istanbul.edu.tr\/index.php\/wp-json\/wp\/v2\/posts\/15951\/revisions"}],"wp:featuredmedia":[{"embeddable":true,"href":"https:\/\/iletim.istanbul.edu.tr\/index.php\/wp-json\/wp\/v2\/media\/15952"}],"wp:attachment":[{"href":"https:\/\/iletim.istanbul.edu.tr\/index.php\/wp-json\/wp\/v2\/media?parent=15951"}],"wp:term":[{"taxonomy":"category","embeddable":true,"href":"https:\/\/iletim.istanbul.edu.tr\/index.php\/wp-json\/wp\/v2\/categories?post=15951"},{"taxonomy":"post_tag","embeddable":true,"href":"https:\/\/iletim.istanbul.edu.tr\/index.php\/wp-json\/wp\/v2\/tags?post=15951"}],"curies":[{"name":"wp","href":"https:\/\/api.w.org\/{rel}","templated":true}]}}