{"id":15977,"date":"2021-11-13T09:45:24","date_gmt":"2021-11-13T06:45:24","guid":{"rendered":"https:\/\/iletim.istanbul.edu.tr\/?p=15977"},"modified":"2021-11-13T12:11:40","modified_gmt":"2021-11-13T09:11:40","slug":"ara-sinav-donemi-basladi","status":"publish","type":"post","link":"https:\/\/iletim.istanbul.edu.tr\/index.php\/2021\/11\/13\/ara-sinav-donemi-basladi\/","title":{"rendered":"Ara s\u0131nav d\u00f6nemi ba\u015flad\u0131"},"content":{"rendered":"\n<p><strong>Haber<\/strong>: Mutlu Bilge<\/p>\n\n\n\n<p><strong>Foto\u011fraflar<\/strong>: Teoman S\u00fcalp, Kas\u0131m Sars\u0131lmaz<\/p>\n\n\n\n<p>\u0130stanbul \u00dcniversitesi\u2019nde 2021 &#8211; 2022 g\u00fcz d\u00f6nemi ara s\u0131navlar\u0131 ba\u015flad\u0131.<\/p>\n\n\n\n<p>Ara s\u0131navlar\u0131n ba\u015flamas\u0131yla birlikte \u00f6\u011frencileri de tatl\u0131 bir tela\u015f sard\u0131. K\u00fct\u00fcphaneleri dolduran \u00f6\u011frenciler, kamp\u00fcsteki banklarda ve dersliklerde s\u0131nav \u00f6ncesi son haz\u0131rl\u0131klar\u0131n\u0131 yap\u0131yorlar.<\/p>\n\n\n\n<p>S\u0131nav \u00e7\u0131k\u0131\u015flar\u0131nda da kamp\u00fcste toplanan \u00f6\u011frenciler ayak \u00fczeri s\u0131navda \u00e7\u0131kan sorular\u0131n de\u011ferlendirmesini yap\u0131yorlar.<\/p>\n\n\n\n<p>8 Kas\u0131m\u2019da ba\u015flayan ara s\u0131navlar, 20 Kas\u0131m\u2019da sona erecek.<\/p>\n\n\n\n<figure class=\"wp-block-image size-large\"><img decoding=\"async\" width=\"1024\" height=\"1024\" src=\"https:\/\/iletim.istanbul.edu.tr\/wp-content\/uploads\/1381DAF3-C134-4E45-8F0D-277A67465A82-1024x1024.jpeg\" alt=\"\" class=\"wp-image-15980\" srcset=\"https:\/\/iletim.istanbul.edu.tr\/wp-content\/uploads\/1381DAF3-C134-4E45-8F0D-277A67465A82-1024x1024.jpeg 1024w, https:\/\/iletim.istanbul.edu.tr\/wp-content\/uploads\/1381DAF3-C134-4E45-8F0D-277A67465A82-300x300.jpeg 300w, https:\/\/iletim.istanbul.edu.tr\/wp-content\/uploads\/1381DAF3-C134-4E45-8F0D-277A67465A82-150x150.jpeg 150w, https:\/\/iletim.istanbul.edu.tr\/wp-content\/uploads\/1381DAF3-C134-4E45-8F0D-277A67465A82-1536x1536.jpeg 1536w, https:\/\/iletim.istanbul.edu.tr\/wp-content\/uploads\/1381DAF3-C134-4E45-8F0D-277A67465A82.jpeg 2048w\" sizes=\"(max-width: 1024px) 100vw, 1024px\" \/><\/figure>\n","protected":false},"excerpt":{"rendered":"<p>Haber: Mutlu Bilge Foto\u011fraflar: Teoman S\u00fcalp, Kas\u0131m Sars\u0131lmaz \u0130stanbul \u00dcniversitesi\u2019nde 2021 &#8211; 2022 g\u00fcz d\u00f6nemi ara s\u0131navlar\u0131 ba\u015flad\u0131. Ara s\u0131navlar\u0131n ba\u015flamas\u0131yla birlikte \u00f6\u011frencileri de tatl\u0131 bir tela\u015f sard\u0131. K\u00fct\u00fcphaneleri dolduran \u00f6\u011frenciler, kamp\u00fcsteki banklarda ve dersliklerde s\u0131nav \u00f6ncesi son haz\u0131rl\u0131klar\u0131n\u0131 yap\u0131yorlar. S\u0131nav \u00e7\u0131k\u0131\u015flar\u0131nda da kamp\u00fcste toplanan \u00f6\u011frenciler ayak \u00fczeri s\u0131navda \u00e7\u0131kan sorular\u0131n de\u011ferlendirmesini yap\u0131yorlar. 8 Kas\u0131m\u2019da [&hellip;]<\/p>\n","protected":false},"author":14,"featured_media":15979,"comment_status":"open","ping_status":"open","sticky":false,"template":"","format":"standard","meta":{"jnews-multi-image_gallery":[],"jnews_single_post":[],"jnews_primary_category":[],"jnews_social_meta":[],"jnews_override_counter":[],"footnotes":""},"categories":[25,1,34],"tags":[],"class_list":["post-15977","post","type-post","status-publish","format-standard","has-post-thumbnail","hentry","category-egitim","category-genel","category-universite"],"_links":{"self":[{"href":"https:\/\/iletim.istanbul.edu.tr\/index.php\/wp-json\/wp\/v2\/posts\/15977","targetHints":{"allow":["GET"]}}],"collection":[{"href":"https:\/\/iletim.istanbul.edu.tr\/index.php\/wp-json\/wp\/v2\/posts"}],"about":[{"href":"https:\/\/iletim.istanbul.edu.tr\/index.php\/wp-json\/wp\/v2\/types\/post"}],"author":[{"embeddable":true,"href":"https:\/\/iletim.istanbul.edu.tr\/index.php\/wp-json\/wp\/v2\/users\/14"}],"replies":[{"embeddable":true,"href":"https:\/\/iletim.istanbul.edu.tr\/index.php\/wp-json\/wp\/v2\/comments?post=15977"}],"version-history":[{"count":0,"href":"https:\/\/iletim.istanbul.edu.tr\/index.php\/wp-json\/wp\/v2\/posts\/15977\/revisions"}],"wp:featuredmedia":[{"embeddable":true,"href":"https:\/\/iletim.istanbul.edu.tr\/index.php\/wp-json\/wp\/v2\/media\/15979"}],"wp:attachment":[{"href":"https:\/\/iletim.istanbul.edu.tr\/index.php\/wp-json\/wp\/v2\/media?parent=15977"}],"wp:term":[{"taxonomy":"category","embeddable":true,"href":"https:\/\/iletim.istanbul.edu.tr\/index.php\/wp-json\/wp\/v2\/categories?post=15977"},{"taxonomy":"post_tag","embeddable":true,"href":"https:\/\/iletim.istanbul.edu.tr\/index.php\/wp-json\/wp\/v2\/tags?post=15977"}],"curies":[{"name":"wp","href":"https:\/\/api.w.org\/{rel}","templated":true}]}}