{"id":15996,"date":"2021-11-16T16:10:38","date_gmt":"2021-11-16T13:10:38","guid":{"rendered":"https:\/\/iletim.istanbul.edu.tr\/?p=15996"},"modified":"2021-11-16T16:10:40","modified_gmt":"2021-11-16T13:10:40","slug":"istanbulun-otobusleri","status":"publish","type":"post","link":"https:\/\/iletim.istanbul.edu.tr\/index.php\/2021\/11\/16\/istanbulun-otobusleri\/","title":{"rendered":"\u0130stanbul\u2019un otob\u00fcsleri"},"content":{"rendered":"\n<p><strong>Mutlu Bilge<\/strong><\/p>\n\n\n\n<p>\u0130stanbul\u2019un g\u00f6zde mekanlar\u0131ndan biri olan Taksim \u0130stiklal Caddesi\u2019nde gezerken, caddenin giri\u015finde s\u0131ralanm\u0131\u015f eski otob\u00fcsler beni kendilerine \u00e7ektiler. \u0130stanbul B\u00fcy\u00fck\u015fehir Belediyesi (\u0130BB), ge\u00e7mi\u015fte toplu ta\u015f\u0131mada kullan\u0131lan ve \u015fimdilerde emekliye ay\u0131rd\u0131\u011f\u0131 otob\u00fcsleri s\u0131ralam\u0131\u015f ve halk\u0131n ziyaretine a\u00e7m\u0131\u015f. Yolu oradan ge\u00e7enler, bu otob\u00fcslerin b\u00fcy\u00fcs\u00fcnden kurtulam\u0131yorlar.<\/p>\n\n\n\n<p>Ben de herkes gibi foto\u011fraf \u00e7ekmek i\u00e7in telefonuma sar\u0131ld\u0131m. Bir taraftan foto\u011fraf \u00e7ekerken bir taraftan da ge\u00e7mi\u015fe \u015f\u00f6yle bir yolculuk yapt\u0131m.<\/p>\n\n\n\n<p><strong>\u00c7ocuklu\u011fumun Otob\u00fcsleri Leyland ve MAN<\/strong><\/p>\n\n\n\n<p>1980\u2019li y\u0131llarda Ata Koleji\u2019nde ortaokul \u00f6\u011frencisiyken servisi ka\u00e7\u0131rd\u0131\u011f\u0131m zamanlar, \u00f6zellikle eve d\u00f6n\u00fc\u015fte Etiler Dura\u011f\u0131\u2019nda Leyland\u2019a binerdim. Di\u011ferlerine g\u00f6re farkl\u0131 olan bu otob\u00fcs\u00fc nedense \u015fof\u00f6r\u00fcn zor kulland\u0131\u011f\u0131n\u0131 d\u00fc\u015f\u00fcn\u00fcrd\u00fcm. O zamanlar, otomatik vites ve hidrolik direksiyon teknolojisi var m\u0131yd\u0131 yok muydu bilmem ama en az\u0131ndan bu kavramlardan haberim yoktu. Yine de bu uzun ve iri otob\u00fcs bana \u00e7ekici gelir, yolculuk yapmaktan b\u00fcy\u00fck keyif al\u0131rd\u0131m.<\/p>\n\n\n\n<figure class=\"wp-block-image size-large\"><img decoding=\"async\" width=\"1024\" height=\"505\" src=\"https:\/\/iletim.istanbul.edu.tr\/wp-content\/uploads\/9025FF3D-C9B0-4DFB-8885-8D81A5757364-1024x505.jpeg\" alt=\"\" class=\"wp-image-15997\" srcset=\"https:\/\/iletim.istanbul.edu.tr\/wp-content\/uploads\/9025FF3D-C9B0-4DFB-8885-8D81A5757364-1024x505.jpeg 1024w, https:\/\/iletim.istanbul.edu.tr\/wp-content\/uploads\/9025FF3D-C9B0-4DFB-8885-8D81A5757364-300x148.jpeg 300w, https:\/\/iletim.istanbul.edu.tr\/wp-content\/uploads\/9025FF3D-C9B0-4DFB-8885-8D81A5757364-1536x757.jpeg 1536w, https:\/\/iletim.istanbul.edu.tr\/wp-content\/uploads\/9025FF3D-C9B0-4DFB-8885-8D81A5757364-164x82.jpeg 164w, https:\/\/iletim.istanbul.edu.tr\/wp-content\/uploads\/9025FF3D-C9B0-4DFB-8885-8D81A5757364.jpeg 2048w\" sizes=\"(max-width: 1024px) 100vw, 1024px\" \/><figcaption>LEYLAND<\/figcaption><\/figure>\n\n\n\n<p>O g\u00fcnlere g\u00f6re daha yeni ve modern bir otob\u00fcs olan MAN ile genelde Aksaray\u2019da kar\u015f\u0131la\u015f\u0131r, yolculu\u011fun uzun s\u00fcrmesi i\u00e7in dua ederdim.<\/p>\n\n\n\n<figure class=\"wp-block-image size-large\"><img decoding=\"async\" width=\"1024\" height=\"524\" src=\"https:\/\/iletim.istanbul.edu.tr\/wp-content\/uploads\/44989CBC-1E46-430D-9D90-AE6B5CDBB099-1024x524.jpeg\" alt=\"\" class=\"wp-image-15998\" srcset=\"https:\/\/iletim.istanbul.edu.tr\/wp-content\/uploads\/44989CBC-1E46-430D-9D90-AE6B5CDBB099-1024x524.jpeg 1024w, https:\/\/iletim.istanbul.edu.tr\/wp-content\/uploads\/44989CBC-1E46-430D-9D90-AE6B5CDBB099-300x153.jpeg 300w, https:\/\/iletim.istanbul.edu.tr\/wp-content\/uploads\/44989CBC-1E46-430D-9D90-AE6B5CDBB099-1536x785.jpeg 1536w, https:\/\/iletim.istanbul.edu.tr\/wp-content\/uploads\/44989CBC-1E46-430D-9D90-AE6B5CDBB099.jpeg 2048w\" sizes=\"(max-width: 1024px) 100vw, 1024px\" \/><figcaption>MAN<\/figcaption><\/figure>\n\n\n\n<p><strong>Eski \u0130stanbul Plakas\u0131 ile SKODA Ben Buraday\u0131m Diyor<\/strong><\/p>\n\n\n\n<p>Otob\u00fcslerin aras\u0131nda dola\u015f\u0131rken g\u00fcn\u00fcm\u00fczde kullan\u0131lmayan il ad\u0131 ve rakam yazan eski \u0130stanbul plakas\u0131yla SKODA, adeta ben buraday\u0131m diyordu. Dedemin ya\u015fad\u0131\u011f\u0131 ve ticaret yapmak i\u00e7in Anadolu\u2019dan \u0130stanbul\u2019a geldi\u011fi d\u00f6nemleri ve O\u2019nlar\u0131n hikayelerini g\u00f6z\u00fcmde canlad\u0131ran SKODA, an\u0131larda kalan \u0130stanbul\u2019un ya\u015fayan son tan\u0131\u011f\u0131 gibiydi. Dile gelse de bir anlatsa, kim bilir ne h\u00fcz\u00fcnlere ve ne mutluluklara, ka\u00e7 ayr\u0131l\u0131k ve ka\u00e7 kavu\u015fmaya tan\u0131kl\u0131k etmi\u015ftir.<\/p>\n\n\n\n<figure class=\"wp-block-image size-large\"><img decoding=\"async\" width=\"1024\" height=\"492\" src=\"https:\/\/iletim.istanbul.edu.tr\/wp-content\/uploads\/2F0DCDC2-7DAE-4570-8FF2-426CF42755E5-1024x492.jpeg\" alt=\"\" class=\"wp-image-15999\" srcset=\"https:\/\/iletim.istanbul.edu.tr\/wp-content\/uploads\/2F0DCDC2-7DAE-4570-8FF2-426CF42755E5-1024x492.jpeg 1024w, https:\/\/iletim.istanbul.edu.tr\/wp-content\/uploads\/2F0DCDC2-7DAE-4570-8FF2-426CF42755E5-300x144.jpeg 300w, https:\/\/iletim.istanbul.edu.tr\/wp-content\/uploads\/2F0DCDC2-7DAE-4570-8FF2-426CF42755E5-1536x737.jpeg 1536w, https:\/\/iletim.istanbul.edu.tr\/wp-content\/uploads\/2F0DCDC2-7DAE-4570-8FF2-426CF42755E5-702x336.jpeg 702w, https:\/\/iletim.istanbul.edu.tr\/wp-content\/uploads\/2F0DCDC2-7DAE-4570-8FF2-426CF42755E5.jpeg 2048w\" sizes=\"(max-width: 1024px) 100vw, 1024px\" \/><figcaption>SKODA<\/figcaption><\/figure>\n\n\n\n<p><strong>Tosun\u2019un Hikayesi<\/strong><\/p>\n\n\n\n<p>1980\u2019ler troleyb\u00fcslerin son d\u00f6nemleriydi. \u0130lk defa F\u0131nd\u0131kzade\u2019de g\u00f6rd\u00fc\u011f\u00fcm troleyb\u00fcs\u00fcn, elektrik telleriyle temas\u0131n\u0131 kesmeden nas\u0131l y\u00fcr\u00fcd\u00fc\u011f\u00fcn\u00fc merak eder dururdum. Tosun\u2019un g\u00f6r\u00fcnce yine bir an o g\u00fcnlere d\u00f6nd\u00fcm.<\/p>\n\n\n\n<p>T\u00fcrkiye\u2019nin ilk yerli troleyb\u00fcs unvan\u0131na sahip Tosun, 1968\u2019de \u0130stanbul B\u00fcy\u00fck\u015fehir Belediyesinin \u015firketi \u0130stanbul Elektrik Tramvay ve T\u00fcnel \u0130\u015fletmeleri Genel M\u00fcd\u00fcrl\u00fc\u011f\u00fcn\u00fcn (\u0130ETT) \u015ei\u015fli garaj\u0131ndaki at\u00f6lyesinde \u00fcretildi.  Yuvarlak hatlar\u0131ndan dolay\u0131 Tosun ad\u0131 verilmi\u015f. Yani bize has bir isim. Troleyb\u00fcs \u00f6zlemini gidermek isteyenlerin ba\u015f\u0131ndan ayr\u0131lamad\u0131\u011f\u0131 Tosun, adeta maziye yolcu ta\u015f\u0131yor.<\/p>\n\n\n\n<figure class=\"wp-block-image size-large\"><img decoding=\"async\" width=\"1024\" height=\"470\" src=\"https:\/\/iletim.istanbul.edu.tr\/wp-content\/uploads\/FFCA41C3-6B2D-4830-A2EE-7C1A1D40A9B8-1024x470.jpeg\" alt=\"\" class=\"wp-image-16000\" srcset=\"https:\/\/iletim.istanbul.edu.tr\/wp-content\/uploads\/FFCA41C3-6B2D-4830-A2EE-7C1A1D40A9B8-1024x470.jpeg 1024w, https:\/\/iletim.istanbul.edu.tr\/wp-content\/uploads\/FFCA41C3-6B2D-4830-A2EE-7C1A1D40A9B8-300x138.jpeg 300w, https:\/\/iletim.istanbul.edu.tr\/wp-content\/uploads\/FFCA41C3-6B2D-4830-A2EE-7C1A1D40A9B8-1536x705.jpeg 1536w, https:\/\/iletim.istanbul.edu.tr\/wp-content\/uploads\/FFCA41C3-6B2D-4830-A2EE-7C1A1D40A9B8.jpeg 2048w\" sizes=\"(max-width: 1024px) 100vw, 1024px\" \/><figcaption>TOSUN<\/figcaption><\/figure>\n\n\n\n<p><\/p>\n","protected":false},"excerpt":{"rendered":"<p>Mutlu Bilge \u0130stanbul\u2019un g\u00f6zde mekanlar\u0131ndan biri olan Taksim \u0130stiklal Caddesi\u2019nde gezerken, caddenin giri\u015finde s\u0131ralanm\u0131\u015f eski otob\u00fcsler beni kendilerine \u00e7ektiler. \u0130stanbul B\u00fcy\u00fck\u015fehir Belediyesi (\u0130BB), ge\u00e7mi\u015fte toplu ta\u015f\u0131mada kullan\u0131lan ve \u015fimdilerde emekliye ay\u0131rd\u0131\u011f\u0131 otob\u00fcsleri s\u0131ralam\u0131\u015f ve halk\u0131n ziyaretine a\u00e7m\u0131\u015f. Yolu oradan ge\u00e7enler, bu otob\u00fcslerin b\u00fcy\u00fcs\u00fcnden kurtulam\u0131yorlar. Ben de herkes gibi foto\u011fraf \u00e7ekmek i\u00e7in telefonuma sar\u0131ld\u0131m. Bir taraftan [&hellip;]<\/p>\n","protected":false},"author":14,"featured_media":15991,"comment_status":"open","ping_status":"open","sticky":false,"template":"","format":"standard","meta":{"jnews-multi-image_gallery":[],"jnews_single_post":[],"jnews_primary_category":[],"jnews_social_meta":[],"jnews_override_counter":[],"footnotes":""},"categories":[1,28],"tags":[],"class_list":["post-15996","post","type-post","status-publish","format-standard","has-post-thumbnail","hentry","category-genel","category-istanbul"],"_links":{"self":[{"href":"https:\/\/iletim.istanbul.edu.tr\/index.php\/wp-json\/wp\/v2\/posts\/15996","targetHints":{"allow":["GET"]}}],"collection":[{"href":"https:\/\/iletim.istanbul.edu.tr\/index.php\/wp-json\/wp\/v2\/posts"}],"about":[{"href":"https:\/\/iletim.istanbul.edu.tr\/index.php\/wp-json\/wp\/v2\/types\/post"}],"author":[{"embeddable":true,"href":"https:\/\/iletim.istanbul.edu.tr\/index.php\/wp-json\/wp\/v2\/users\/14"}],"replies":[{"embeddable":true,"href":"https:\/\/iletim.istanbul.edu.tr\/index.php\/wp-json\/wp\/v2\/comments?post=15996"}],"version-history":[{"count":0,"href":"https:\/\/iletim.istanbul.edu.tr\/index.php\/wp-json\/wp\/v2\/posts\/15996\/revisions"}],"wp:featuredmedia":[{"embeddable":true,"href":"https:\/\/iletim.istanbul.edu.tr\/index.php\/wp-json\/wp\/v2\/media\/15991"}],"wp:attachment":[{"href":"https:\/\/iletim.istanbul.edu.tr\/index.php\/wp-json\/wp\/v2\/media?parent=15996"}],"wp:term":[{"taxonomy":"category","embeddable":true,"href":"https:\/\/iletim.istanbul.edu.tr\/index.php\/wp-json\/wp\/v2\/categories?post=15996"},{"taxonomy":"post_tag","embeddable":true,"href":"https:\/\/iletim.istanbul.edu.tr\/index.php\/wp-json\/wp\/v2\/tags?post=15996"}],"curies":[{"name":"wp","href":"https:\/\/api.w.org\/{rel}","templated":true}]}}