{"id":16009,"date":"2021-11-18T11:34:27","date_gmt":"2021-11-18T08:34:27","guid":{"rendered":"https:\/\/iletim.istanbul.edu.tr\/?p=16009"},"modified":"2021-11-18T15:09:34","modified_gmt":"2021-11-18T12:09:34","slug":"sezai-karakoc-son-yolculuguna-ugurlandi","status":"publish","type":"post","link":"https:\/\/iletim.istanbul.edu.tr\/index.php\/2021\/11\/18\/sezai-karakoc-son-yolculuguna-ugurlandi\/","title":{"rendered":"Sezai Karako\u00e7 son yolculu\u011funa u\u011furland\u0131"},"content":{"rendered":"\n<p><strong>Haber<\/strong>: Eymen Enes \u00c7al\u0131k, Ece G\u00fcltekin<\/p>\n\n\n\n<p><strong>R\u00f6portaj<\/strong>: Petek Ba\u015fman, Berivan Erku\u015f<\/p>\n\n\n\n<p><strong>Foto\u011fraflar: <\/strong>Mehmet Akif Kaya<\/p>\n\n\n\n<p>\u015eair-d\u00fc\u015f\u00fcn\u00fcr Sezai Karako\u00e7, \u015eehzadeba\u015f\u0131 Camii\u2019nde ikindi namaz\u0131n\u0131n ard\u0131ndan&nbsp;son yolculu\u011funa u\u011furland\u0131.<\/p>\n\n\n\n<p>Sezai Karako\u00e7 i\u00e7in d\u00fczenlenen cenaze t\u00f6renine, okurlar\u0131n\u0131n yan\u0131 s\u0131ra, TBMM Ba\u015fkan\u0131 Mustafa \u015eentop, Cumhurba\u015fkan\u0131 Yard\u0131mc\u0131s\u0131 Fuat Oktay, Cumhurba\u015fkanl\u0131\u011f\u0131 S\u00f6zc\u00fcs\u00fc \u0130brahim Kal\u0131n ve Sa\u011fl\u0131k Bakan\u0131 Fahrettin Koca kat\u0131ld\u0131lar.<\/p>\n\n\n\n<p>Karako\u00e7\u2019un cenaze t\u00f6reni esnas\u0131nda sevenleri duygular\u0131n\u0131 \u0130letim Gazetesi ile payla\u015ft\u0131lar.<\/p>\n\n\n\n<p><strong>Dursunbey Tosun<\/strong>: \u201cSezai Beyin elini \u00f6pm\u00fc\u015f birisiyim, yan\u0131nda \u00e7ok durdum. Dirili\u015f yay\u0131nlar\u0131nda bulundum. Sezai Bey bizleri \u00e7ok seviyordu. Ben bas\u0131n sekt\u00f6r\u00fcnde olmam nedeniyle Sezai Beye \u00e7ok yak\u0131nd\u0131m. \u0130stanbul\u2019a geldi\u011fimde elini \u00f6pmeye giderdim. Bizim i\u00e7in \u00e7ok b\u00fcy\u00fck bir kay\u0131p ama gen\u00e7lik O\u2019nun izinde.\u201d<\/p>\n\n\n\n<figure class=\"wp-block-image size-large\"><img decoding=\"async\" width=\"750\" height=\"410\" src=\"https:\/\/iletim.istanbul.edu.tr\/wp-content\/uploads\/2851F319-4C60-4F6B-BE64-2155EBAF091D.jpeg\" alt=\"\" class=\"wp-image-16012\" srcset=\"https:\/\/iletim.istanbul.edu.tr\/wp-content\/uploads\/2851F319-4C60-4F6B-BE64-2155EBAF091D.jpeg 750w, https:\/\/iletim.istanbul.edu.tr\/wp-content\/uploads\/2851F319-4C60-4F6B-BE64-2155EBAF091D-300x164.jpeg 300w\" sizes=\"(max-width: 750px) 100vw, 750px\" \/><figcaption>Dursunbey Tosun<\/figcaption><\/figure>\n\n\n\n<p><strong>Bilge Han<\/strong>&nbsp;\u201c\u00c7ok b\u00fcy\u00fck bir \u015fair \u00f6ld\u00fc. M\u00fcsl\u00fcmanlara y\u00f6n veren bir adamd\u0131. O\u2019nun ard\u0131ndan gelen gen\u00e7ler, O\u2019nun izinden gidin. B\u00fcy\u00fck \u015eairimiz Sezai Bey \u00f6l\u00fcm diyor ya, bug\u00fcn de \u00f6l\u00fcm g\u00fcn\u00fc. Allah rahmet eylesin, \u00e7ok seviyorduk. Bize hep yolunuzu kaybetmeyin, ne kadar&nbsp;a\u015f\u0131k&nbsp;olursan\u0131z olun, Allah\u2019a a\u015f\u0131k olun derdi.\u201d<\/p>\n\n\n\n<figure class=\"wp-block-image size-large\"><img decoding=\"async\" width=\"750\" height=\"413\" src=\"https:\/\/iletim.istanbul.edu.tr\/wp-content\/uploads\/EC4ECC71-B854-46DF-A2AC-3F0546D930F9.jpeg\" alt=\"\" class=\"wp-image-16013\" srcset=\"https:\/\/iletim.istanbul.edu.tr\/wp-content\/uploads\/EC4ECC71-B854-46DF-A2AC-3F0546D930F9.jpeg 750w, https:\/\/iletim.istanbul.edu.tr\/wp-content\/uploads\/EC4ECC71-B854-46DF-A2AC-3F0546D930F9-300x165.jpeg 300w\" sizes=\"(max-width: 750px) 100vw, 750px\" \/><figcaption>Bilge Han<\/figcaption><\/figure>\n\n\n\n<p><strong>Sezai Karako\u00e7 Kimdir?<\/strong><\/p>\n\n\n\n<p>22 Ocak 1933\u2019te Diyarbak\u0131r\u2019da do\u011fan Sezai Karako\u00e7Gaziantep Lisesinden mezun oldu. Ankara \u00dcniversitesi Siyasal Bilgiler kazanan Karako\u00e7 1955 y\u0131l\u0131nda ayn\u0131 \u00fcniversitenin Maliye b\u00f6l\u00fcm\u00fcnden mezun oldu.&nbsp;<\/p>\n\n\n\n<p>1960 y\u0131l\u0131nda Dirili\u015f Dergisini \u00e7\u0131kartan Sezai Karako\u00e7, 1974 y\u0131l\u0131nda Dirili\u015f Dergisini kurdu. 1990 y\u0131l\u0131nda Dirili\u015f partisini kurdu ancak \u00fcst \u00fcste iki genel se\u00e7ime kat\u0131lmayan parti 1997 y\u0131l\u0131nda kapat\u0131ld\u0131. 2007 y\u0131l\u0131nda Y\u00fcce Dirili\u015f Partisi ad\u0131 alt\u0131nda tekrar faaliyete ge\u00e7ti.&nbsp;<\/p>\n\n\n\n<p>Sezai Karako\u00e7 2006 y\u0131l\u0131nda K\u00fclt\u00fcr ve Turizm Bakanl\u0131\u011f\u0131 K\u00fclt\u00fcr ve Sanat B\u00fcy\u00fck \u00d6d\u00fcl\u00fc ve 2011 y\u0131l\u0131nda Cumhurba\u015fkanl\u0131\u011f\u0131 Edebiyat \u00d6d\u00fcl\u00fcne lay\u0131k g\u00f6r\u00fcld\u00fc.<\/p>\n\n\n\n<p><strong>Sezai Karako\u00e7 ve \u015eehzadeba\u015f\u0131<\/strong><\/p>\n\n\n\n<p>\u201cYerle\u015fecek yer aramak<\/p>\n\n\n\n<p>Camiinin avlusunda<\/p>\n\n\n\n<p>So\u011fuk bir ta\u015fa oturmak<\/p>\n\n\n\n<p>G\u00fcn do\u011fmadan \u015eehzadeba\u015f\u0131nda\u201d<\/p>\n\n\n\n<p>\u201cYerle\u015fecek bir yer aramak\/Camiinin avlusunda\u201d dizelerini yazan Karako\u00e7, \u015fiirinde bahsetti\u011fi \u015eehzadeba\u015f\u0131 Camii\u2019nin avlusundaki \u015eehzadeba\u015f\u0131 Camii haziresine defnedildi.<\/p>\n","protected":false},"excerpt":{"rendered":"<p>Haber: Eymen Enes \u00c7al\u0131k, Ece G\u00fcltekin R\u00f6portaj: Petek Ba\u015fman, Berivan Erku\u015f Foto\u011fraflar: Mehmet Akif Kaya \u015eair-d\u00fc\u015f\u00fcn\u00fcr Sezai Karako\u00e7, \u015eehzadeba\u015f\u0131 Camii\u2019nde ikindi namaz\u0131n\u0131n ard\u0131ndan&nbsp;son yolculu\u011funa u\u011furland\u0131. Sezai Karako\u00e7 i\u00e7in d\u00fczenlenen cenaze t\u00f6renine, okurlar\u0131n\u0131n yan\u0131 s\u0131ra, TBMM Ba\u015fkan\u0131 Mustafa \u015eentop, Cumhurba\u015fkan\u0131 Yard\u0131mc\u0131s\u0131 Fuat Oktay, Cumhurba\u015fkanl\u0131\u011f\u0131 S\u00f6zc\u00fcs\u00fc \u0130brahim Kal\u0131n ve Sa\u011fl\u0131k Bakan\u0131 Fahrettin Koca kat\u0131ld\u0131lar. Karako\u00e7\u2019un cenaze t\u00f6reni [&hellip;]<\/p>\n","protected":false},"author":14,"featured_media":16010,"comment_status":"open","ping_status":"open","sticky":false,"template":"","format":"standard","meta":{"jnews-multi-image_gallery":[],"jnews_single_post":[],"jnews_primary_category":[],"jnews_social_meta":[],"jnews_override_counter":[],"footnotes":""},"categories":[159,35],"tags":[],"class_list":["post-16009","post","type-post","status-publish","format-standard","has-post-thumbnail","hentry","category-sag-manset","category-yasam"],"_links":{"self":[{"href":"https:\/\/iletim.istanbul.edu.tr\/index.php\/wp-json\/wp\/v2\/posts\/16009","targetHints":{"allow":["GET"]}}],"collection":[{"href":"https:\/\/iletim.istanbul.edu.tr\/index.php\/wp-json\/wp\/v2\/posts"}],"about":[{"href":"https:\/\/iletim.istanbul.edu.tr\/index.php\/wp-json\/wp\/v2\/types\/post"}],"author":[{"embeddable":true,"href":"https:\/\/iletim.istanbul.edu.tr\/index.php\/wp-json\/wp\/v2\/users\/14"}],"replies":[{"embeddable":true,"href":"https:\/\/iletim.istanbul.edu.tr\/index.php\/wp-json\/wp\/v2\/comments?post=16009"}],"version-history":[{"count":0,"href":"https:\/\/iletim.istanbul.edu.tr\/index.php\/wp-json\/wp\/v2\/posts\/16009\/revisions"}],"wp:featuredmedia":[{"embeddable":true,"href":"https:\/\/iletim.istanbul.edu.tr\/index.php\/wp-json\/wp\/v2\/media\/16010"}],"wp:attachment":[{"href":"https:\/\/iletim.istanbul.edu.tr\/index.php\/wp-json\/wp\/v2\/media?parent=16009"}],"wp:term":[{"taxonomy":"category","embeddable":true,"href":"https:\/\/iletim.istanbul.edu.tr\/index.php\/wp-json\/wp\/v2\/categories?post=16009"},{"taxonomy":"post_tag","embeddable":true,"href":"https:\/\/iletim.istanbul.edu.tr\/index.php\/wp-json\/wp\/v2\/tags?post=16009"}],"curies":[{"name":"wp","href":"https:\/\/api.w.org\/{rel}","templated":true}]}}