{"id":16246,"date":"2021-12-05T00:44:14","date_gmt":"2021-12-04T21:44:14","guid":{"rendered":"https:\/\/iletim.istanbul.edu.tr\/?p=16246"},"modified":"2021-12-05T00:44:16","modified_gmt":"2021-12-04T21:44:16","slug":"gelenek-bir-hastaliga-yol-acar-mi","status":"publish","type":"post","link":"https:\/\/iletim.istanbul.edu.tr\/index.php\/2021\/12\/05\/gelenek-bir-hastaliga-yol-acar-mi\/","title":{"rendered":"Gelenek bir hastal\u0131\u011fa yol a\u00e7ar m\u0131?"},"content":{"rendered":"\n<p><strong>Haber: Arda Ayan<\/strong><\/p>\n\n\n\n<p>G\u00fcn\u00fcm\u00fcz teknolojisinde bilinmeyen ve tedavisi bulunmayan hastal\u0131klar olduk\u00e7a azald\u0131. Fakat hala tedavisi bulunmayan baz\u0131 hastal\u0131klar mevcut. Bu hastal\u0131klardan biri de en son 2005 y\u0131l\u0131nda g\u00f6r\u00fclen n\u00f6rolojik bir bozukluk olan Kuru hastal\u0131\u011f\u0131.<\/p>\n\n\n\n<p>Papua Yeni Gine\u2019nin kabile b\u00f6lgelerinde g\u00f6r\u00fclen Kuru hastal\u0131\u011f\u0131, endemik bir hastal\u0131k olmakla beraber beslenme al\u0131\u015fkanl\u0131klar\u0131ndan kaynaklanmakta. Bu hastal\u0131k, 1950 ve 1960&#8217;l\u0131 y\u0131llarda Papua Yeni Gine&#8217;nin y\u00fcksek b\u00f6lgelerinde, Fore toplumu i\u00e7inde en y\u00fcksek d\u00fczeyine ula\u015ft\u0131.<\/p>\n\n\n\n<p>Cenaze ayinleri s\u0131ras\u0131nda \u00f6len ki\u015finin etinin yenilmesinden kaynaklanan hastal\u0131k, Fore toplumunda \u00e7ocuk ve ya\u015fl\u0131larda s\u0131kl\u0131kla g\u00f6r\u00fcl\u00fcrd\u00fc. Kuru hastal\u0131\u011f\u0131n\u0131n ana sebebinin, insan etinde bulunan prion ad\u0131 verilen proteinlerin v\u00fccuda girmesi, sinir sistemiyle beyini birlikte etkilemesi oldu\u011fu  tespit edildi.<\/p>\n\n\n\n<figure class=\"wp-block-image size-large\"><img decoding=\"async\" width=\"1000\" height=\"563\" src=\"https:\/\/iletim.istanbul.edu.tr\/wp-content\/uploads\/prion2.jpg\" alt=\"\" class=\"wp-image-16266\" srcset=\"https:\/\/iletim.istanbul.edu.tr\/wp-content\/uploads\/prion2.jpg 1000w, https:\/\/iletim.istanbul.edu.tr\/wp-content\/uploads\/prion2-300x169.jpg 300w\" sizes=\"(max-width: 1000px) 100vw, 1000px\" \/><\/figure>\n\n\n\n<p>Kuru hastal\u0131\u011f\u0131 gibi toplumlara \u00f6zel hastal\u0131klar\u0131n, farkl\u0131 k\u00fclt\u00fcrlere ve bu k\u00fclt\u00fcrleri benimseyen insanlara \u00f6n yarg\u0131yla bak\u0131lmas\u0131na neden oldu\u011fu, bundan dolay\u0131 da k\u00fclt\u00fcrleraras\u0131 \u00e7at\u0131\u015fmay\u0131 t\u0131rmand\u0131rd\u0131\u011f\u0131 s\u00f6ylenebilir.<\/p>\n\n\n\n<p><strong>Peki Bu Hastal\u0131\u011f\u0131n Semptomlar\u0131 Nelerdir?<\/strong><\/p>\n\n\n\n<p>Kuru hastal\u0131\u011f\u0131n\u0131n be\u015f ile yirmi y\u0131l aras\u0131nda kulu\u00e7ka d\u00f6nemi bulunur, ilk semptom g\u00f6r\u00fcld\u00fckten sonra \u00fc\u00e7 ay ile iki y\u0131l aras\u0131nda hasta ya\u015fam\u0131n\u0131 yitirir.<\/p>\n\n\n\n<p>Ba\u015f a\u011fr\u0131lar\u0131, eklem a\u011fr\u0131lar\u0131 ve uzuvlar\u0131n titremesi gibi semptomlar, Kuru hastal\u0131\u011f\u0131n\u0131n semptomlar\u0131 aras\u0131nda yer al\u0131r. Bu semptomlar neredeyse bu hastal\u0131\u011fa yakalanan t\u00fcm hastalarda g\u00f6r\u00fcld\u00fc.<\/p>\n\n\n\n<p><strong>Kuru Hastal\u0131\u011f\u0131n\u0131n \u00dc\u00e7 Evresi<\/strong><\/p>\n\n\n\n<p>\u0130lk evrede, hastan\u0131n duru\u015funda ve y\u00fcr\u00fcy\u00fc\u015f\u00fcnde titreme g\u00f6r\u00fcl\u00fcr; kaslar\u0131n kontrol\u00fc azal\u0131r, konu\u015fmas\u0131 s\u0131ras\u0131nda kekeleme ve s\u00f6zc\u00fckleri gevelemeye ba\u015flar.<\/p>\n\n\n\n<p>\u0130kinci evrede ise hasta destek almadan y\u00fcr\u00fcyemez hale gelir, duygusal olarak dengesizdir, a\u015f\u0131r\u0131 titreme ve kas kayb\u0131 ya\u015far. Hasta ara ara kontrol edemedi\u011fi kahkahalar atar.<\/p>\n\n\n\n<p>\u00dc\u00e7\u00fcnc\u00fc ve son evrede hasta yard\u0131m almadan oturamaz, konu\u015famaz, idrar\u0131n\u0131 tutamaz, yemek yemekte \u00e7ok zorlan\u0131r, tepkisizdir ve v\u00fccudunda iltihapl\u0131 yaralar olu\u015fur.<\/p>\n\n\n\n<figure class=\"wp-block-image size-large\"><img decoding=\"async\" width=\"500\" height=\"300\" src=\"https:\/\/iletim.istanbul.edu.tr\/wp-content\/uploads\/unnamed-2.jpg\" alt=\"\" class=\"wp-image-16248\" srcset=\"https:\/\/iletim.istanbul.edu.tr\/wp-content\/uploads\/unnamed-2.jpg 500w, https:\/\/iletim.istanbul.edu.tr\/wp-content\/uploads\/unnamed-2-300x180.jpg 300w\" sizes=\"(max-width: 500px) 100vw, 500px\" \/><\/figure>\n\n\n\n<p>Nesli t\u00fckenmi\u015f bir hastal\u0131k olan Kuru, son hastan\u0131n 2005 y\u0131l\u0131nda \u00f6lmesiyle son buldu.<\/p>\n","protected":false},"excerpt":{"rendered":"<p>Haber: Arda Ayan G\u00fcn\u00fcm\u00fcz teknolojisinde bilinmeyen ve tedavisi bulunmayan hastal\u0131klar olduk\u00e7a azald\u0131. Fakat hala tedavisi bulunmayan baz\u0131 hastal\u0131klar mevcut. Bu hastal\u0131klardan biri de en son 2005 y\u0131l\u0131nda g\u00f6r\u00fclen n\u00f6rolojik bir bozukluk olan Kuru hastal\u0131\u011f\u0131. Papua Yeni Gine\u2019nin kabile b\u00f6lgelerinde g\u00f6r\u00fclen Kuru hastal\u0131\u011f\u0131, endemik bir hastal\u0131k olmakla beraber beslenme al\u0131\u015fkanl\u0131klar\u0131ndan kaynaklanmakta. Bu hastal\u0131k, 1950 ve 1960&#8217;l\u0131 [&hellip;]<\/p>\n","protected":false},"author":14,"featured_media":16268,"comment_status":"open","ping_status":"open","sticky":false,"template":"","format":"standard","meta":{"jnews-multi-image_gallery":[],"jnews_single_post":[],"jnews_primary_category":[],"jnews_social_meta":[],"jnews_override_counter":[],"footnotes":""},"categories":[1,32],"tags":[1855,1854,1853],"class_list":["post-16246","post","type-post","status-publish","format-standard","has-post-thumbnail","hentry","category-genel","category-saglik","tag-fore-toplumu","tag-kuru-hastaligi","tag-papua-yeni-gine"],"_links":{"self":[{"href":"https:\/\/iletim.istanbul.edu.tr\/index.php\/wp-json\/wp\/v2\/posts\/16246","targetHints":{"allow":["GET"]}}],"collection":[{"href":"https:\/\/iletim.istanbul.edu.tr\/index.php\/wp-json\/wp\/v2\/posts"}],"about":[{"href":"https:\/\/iletim.istanbul.edu.tr\/index.php\/wp-json\/wp\/v2\/types\/post"}],"author":[{"embeddable":true,"href":"https:\/\/iletim.istanbul.edu.tr\/index.php\/wp-json\/wp\/v2\/users\/14"}],"replies":[{"embeddable":true,"href":"https:\/\/iletim.istanbul.edu.tr\/index.php\/wp-json\/wp\/v2\/comments?post=16246"}],"version-history":[{"count":0,"href":"https:\/\/iletim.istanbul.edu.tr\/index.php\/wp-json\/wp\/v2\/posts\/16246\/revisions"}],"wp:featuredmedia":[{"embeddable":true,"href":"https:\/\/iletim.istanbul.edu.tr\/index.php\/wp-json\/wp\/v2\/media\/16268"}],"wp:attachment":[{"href":"https:\/\/iletim.istanbul.edu.tr\/index.php\/wp-json\/wp\/v2\/media?parent=16246"}],"wp:term":[{"taxonomy":"category","embeddable":true,"href":"https:\/\/iletim.istanbul.edu.tr\/index.php\/wp-json\/wp\/v2\/categories?post=16246"},{"taxonomy":"post_tag","embeddable":true,"href":"https:\/\/iletim.istanbul.edu.tr\/index.php\/wp-json\/wp\/v2\/tags?post=16246"}],"curies":[{"name":"wp","href":"https:\/\/api.w.org\/{rel}","templated":true}]}}