{"id":16316,"date":"2021-12-05T10:10:21","date_gmt":"2021-12-05T07:10:21","guid":{"rendered":"https:\/\/iletim.istanbul.edu.tr\/?p=16316"},"modified":"2021-12-06T13:54:32","modified_gmt":"2021-12-06T10:54:32","slug":"omicron-yeni-covid-varyanti-hakkinda-bildiklerimiz","status":"publish","type":"post","link":"https:\/\/iletim.istanbul.edu.tr\/index.php\/2021\/12\/05\/omicron-yeni-covid-varyanti-hakkinda-bildiklerimiz\/","title":{"rendered":"Omicron: Yeni COVID varyant\u0131 hakk\u0131nda bildiklerimiz"},"content":{"rendered":"\n<p> <strong>\u00c7eviri<\/strong> <strong>Haber<\/strong>: Selcan Zeynall\u0131<\/p>\n\n\n\n<p>\u0130lk olarak G\u00fcney Afrika&#8217;da tespit edilen bir koronavir\u00fcs varyant\u0131, \u0130srail, Almanya, Bel\u00e7ika ve Kanada dahil olmak \u00fczere di\u011fer bir\u00e7ok \u00fclkeye yay\u0131ld\u0131. Avrupa, Asya ve Kuzey Amerika&#8217;da bir dizi seyahat k\u0131s\u0131tlamas\u0131 yeniden ba\u015flat\u0131ld\u0131. SARS-CoV-2&#8217;nin Omicron varyant\u0131, ABD Hastal\u0131k Kontrol ve Korunma Merkezleri taraf\u0131ndan koronavir\u00fcs\u00fcn en son ve &#8220;endi\u015fe verici varyant&#8221;\u0131 olarak belirlendi. Her g\u00fcn d\u00fcnya \u00e7ap\u0131nda giderek daha fazla Omicron vakas\u0131 rapor ediliyor. Bu t\u00fcr, ola\u011fand\u0131\u015f\u0131 bir \u015fekilde daha h\u0131zl\u0131 yay\u0131lan ve v\u00fccudun baz\u0131 savunmalar\u0131n\u0131n \u00fcstesinden gelmeyi ba\u015faran mutasyonlar\u0131n kombinasyonu.<\/p>\n\n\n\n<p>Bilim insanlar\u0131 hala mevcut a\u015f\u0131lar\u0131n buna kar\u015f\u0131 ne kadar etkili oldu\u011funu belirlemeye \u00e7al\u0131\u015f\u0131yor. Baz\u0131 erken veriler, hastal\u0131\u011f\u0131 daha \u00f6nce ge\u00e7irmi\u015f ki\u015filerin yeniden enfeksiyon riskinin y\u00fcksek olabilece\u011fini g\u00f6steriyor.<\/p>\n\n\n\n<p><strong>Yeni varyant ne kadar tehlikeli?<\/strong><\/p>\n\n\n\n<p>Afrika d\u0131\u015f\u0131nda tespit edilen son vakalar\u0131n birka\u00e7\u0131 \u015fu ana kadar ciddi olsa da, sa\u011fl\u0131k yetkilileri bula\u015fma oran\u0131, hastaneye yat\u0131\u015f veya \u00f6l\u00fcm riskini de\u011ferlendirmenin haftalar alaca\u011f\u0131 konusunda uyar\u0131yor.<\/p>\n\n\n\n<p>Avrupa&#8217;da yetkililer, erken vakalar\u0131n \u00e7o\u011funlu\u011funu olu\u015fturan gen\u00e7 a\u015f\u0131l\u0131 gezginlerin genel n\u00fcfustan daha sa\u011fl\u0131kl\u0131 olma e\u011filiminde olduklar\u0131n\u0131 ve ciddi hastal\u0131klara kar\u015f\u0131 daha fazla korumaya sahip olabileceklerini s\u00f6yl\u00fcyor. Avrupa&#8217;daki vakalar\u0131n yar\u0131s\u0131 asemptomatikti ve di\u011fer yar\u0131s\u0131nda sadece hafif semptomlar vard\u0131.<\/p>\n\n\n\n<p>Biden y\u00f6netiminin \u00fcst d\u00fczey doktorlar\u0131, ABD&#8217;de daha fazla vakaya haz\u0131rlan\u0131rken vir\u00fcs\u00fcn yurt d\u0131\u015f\u0131na yay\u0131lmas\u0131nda da ipu\u00e7lar\u0131 arad\u0131klar\u0131n\u0131 s\u00f6yl\u00fcyorlar. \u00dclkenin, varyant\u0131n yol a\u00e7t\u0131\u011f\u0131 benzeri g\u00f6r\u00fclmemi\u015f bir enfeksiyon art\u0131\u015f\u0131 bildirdi\u011fi G\u00fcney Afrika&#8217;da yetkililer, \u00f6nceki dalgalarda g\u00f6r\u00fclmeyen, hastaneye kald\u0131r\u0131lan \u00e7ocuk vakalar\u0131nda &#8220;keskin bir art\u0131\u015f&#8221; g\u00f6zlendi\u011fini belirttiler. G\u00fcney Afrika Ulusal Bula\u015f\u0131c\u0131 Hastal\u0131klar Enstit\u00fcs\u00fc\u2019nden yap\u0131lan a\u00e7\u0131klamada yeni varyant\u0131n daha k\u00f6t\u00fc veya farkl\u0131 semptomlara yol a\u00e7mad\u0131\u011f\u0131 bildirildi.<\/p>\n\n\n\n<p><strong>Omicron nereden geldi?<\/strong><\/p>\n\n\n\n<p>\u0130lk Omicron vakas\u0131 G\u00fcney Afrika&#8217;da tespit edildi. Omicron, Delta varyant\u0131ndan ba\u011f\u0131ms\u0131z olarak 2020&#8217;nin ortalar\u0131nda ortaya \u00e7\u0131kan ba\u015fka bir t\u00fcrden evrimle\u015fmi\u015f gibi g\u00f6r\u00fcn\u00fcyor.<br>Avrupal\u0131 bir sa\u011fl\u0131k yetkilisi 26 Kas\u0131m&#8217;da yapt\u0131\u011f\u0131 a\u00e7\u0131klamada, &#8220;Omicron varyant\u0131, pandemi s\u0131ras\u0131nda \u015fimdiye kadar \u00f6nemli say\u0131larda tespit edilen en farkl\u0131 varyant. Bu varyant a\u015f\u0131ya diren\u00e7li ve yeniden enfeksiyon riskinin artmas\u0131yla ili\u015fkili olabilece\u011fine dair ciddi endi\u015feler uyand\u0131rmaktad\u0131r&#8221; dedi.<\/p>\n\n\n\n<p><strong>Mevcut a\u015f\u0131lar de\u011fi\u015ftirilecek mi?<\/strong><\/p>\n\n\n\n<p>Moderna, Johnson &amp; Johnson ve Pfizer ve BioNTech, a\u015f\u0131lar\u0131n\u0131 Omicron&#8217;u hedef alacak \u015fekilde de\u011fi\u015ftirmeleri gerekebilece\u011fi olas\u0131l\u0131\u011f\u0131na \u015fimdiden haz\u0131rland\u0131klar\u0131n\u0131 s\u00f6yl\u00fcyorlar. Omicron&#8217;un bir &#8220;a\u015f\u0131dan ka\u00e7\u0131\u015f varyant\u0131&#8221; oldu\u011fu belirlenirse, Pfizer ve Alman orta\u011f\u0131 BioNTech, yakla\u015f\u0131k 100 g\u00fcn i\u00e7inde &#8220;ki\u015fiye \u00f6zel bir a\u015f\u0131&#8221; \u00fcretebileceklerini ve Amerikan G\u0131da ve \u0130la\u00e7 Dairesi&#8217;nden acil kullan\u0131m izni ba\u015fvurusunda bulunabileceklerini s\u00f6yl\u00fcyorlar. Moderna, Omicron&#8217;a \u00f6zg\u00fc g\u00fc\u00e7lendiricisinin, halihaz\u0131rda geli\u015ftirmekte olduklar\u0131 di\u011fer g\u00fc\u00e7lendirici adaylar\u0131na ek olarak \u00fc\u00e7 ay i\u00e7inde test edilecek \u015fekilde geli\u015ftirilebilece\u011fini s\u00f6yl\u00fcyor.<\/p>\n\n\n\n<p>ABD&#8217;de \u015fu anda kullan\u0131lan a\u015f\u0131lar, vir\u00fcs\u00fcn \u00f6nceki t\u00fcrlerini hedef alacak \u015fekilde tasarlanm\u0131\u015ft\u0131. Ancak sa\u011fl\u0131k yetkilileri, koronavir\u00fcs a\u015f\u0131lar\u0131n\u0131n da y\u0131ll\u0131k grip a\u015f\u0131s\u0131 gibi, yeni varyantlara yan\u0131t vermek i\u00e7in de\u011fi\u015ftirilmesi gerekebilece\u011fini belirttiler. Amerikan G\u0131da ve \u0130la\u00e7 Dairesi&#8217;nin \u00fcst d\u00fczey a\u015f\u0131 yetkilisi Dr. Peter Marks, Kas\u0131m ay\u0131 ortas\u0131nda bir web seminerinde \u015fu ifadeleri kulland\u0131: &#8220;Asl\u0131nda sahip oldu\u011fumuz teknolojilerle ger\u00e7ekten iyi bir yerde oldu\u011fumuzu d\u00fc\u015f\u00fcn\u00fcyorum, \u00e7\u00fcnk\u00fc yeni bir varyant gelirse, bu varyanta kar\u015f\u0131 seri bir a\u015f\u0131 \u00fcretmemiz muhtemelen birka\u00e7 ay meselesi olacakt\u0131r.&#8221;<\/p>\n\n\n\n<p><strong>Kaynak<\/strong>: https:\/\/www.cbsnews.com\/news\/covid-omicron-variant-what-we-know-united-states-world\/<\/p>\n","protected":false},"excerpt":{"rendered":"<p>\u00c7eviri Haber: Selcan Zeynall\u0131 \u0130lk olarak G\u00fcney Afrika&#8217;da tespit edilen bir koronavir\u00fcs varyant\u0131, \u0130srail, Almanya, Bel\u00e7ika ve Kanada dahil olmak \u00fczere di\u011fer bir\u00e7ok \u00fclkeye yay\u0131ld\u0131. Avrupa, Asya ve Kuzey Amerika&#8217;da bir dizi seyahat k\u0131s\u0131tlamas\u0131 yeniden ba\u015flat\u0131ld\u0131. SARS-CoV-2&#8217;nin Omicron varyant\u0131, ABD Hastal\u0131k Kontrol ve Korunma Merkezleri taraf\u0131ndan koronavir\u00fcs\u00fcn en son ve &#8220;endi\u015fe verici varyant&#8221;\u0131 olarak belirlendi. [&hellip;]<\/p>\n","protected":false},"author":14,"featured_media":16318,"comment_status":"open","ping_status":"open","sticky":false,"template":"","format":"standard","meta":{"jnews-multi-image_gallery":[],"jnews_single_post":[],"jnews_primary_category":[],"jnews_social_meta":[],"jnews_override_counter":[],"footnotes":""},"categories":[1,32],"tags":[],"class_list":["post-16316","post","type-post","status-publish","format-standard","has-post-thumbnail","hentry","category-genel","category-saglik"],"_links":{"self":[{"href":"https:\/\/iletim.istanbul.edu.tr\/index.php\/wp-json\/wp\/v2\/posts\/16316","targetHints":{"allow":["GET"]}}],"collection":[{"href":"https:\/\/iletim.istanbul.edu.tr\/index.php\/wp-json\/wp\/v2\/posts"}],"about":[{"href":"https:\/\/iletim.istanbul.edu.tr\/index.php\/wp-json\/wp\/v2\/types\/post"}],"author":[{"embeddable":true,"href":"https:\/\/iletim.istanbul.edu.tr\/index.php\/wp-json\/wp\/v2\/users\/14"}],"replies":[{"embeddable":true,"href":"https:\/\/iletim.istanbul.edu.tr\/index.php\/wp-json\/wp\/v2\/comments?post=16316"}],"version-history":[{"count":0,"href":"https:\/\/iletim.istanbul.edu.tr\/index.php\/wp-json\/wp\/v2\/posts\/16316\/revisions"}],"wp:featuredmedia":[{"embeddable":true,"href":"https:\/\/iletim.istanbul.edu.tr\/index.php\/wp-json\/wp\/v2\/media\/16318"}],"wp:attachment":[{"href":"https:\/\/iletim.istanbul.edu.tr\/index.php\/wp-json\/wp\/v2\/media?parent=16316"}],"wp:term":[{"taxonomy":"category","embeddable":true,"href":"https:\/\/iletim.istanbul.edu.tr\/index.php\/wp-json\/wp\/v2\/categories?post=16316"},{"taxonomy":"post_tag","embeddable":true,"href":"https:\/\/iletim.istanbul.edu.tr\/index.php\/wp-json\/wp\/v2\/tags?post=16316"}],"curies":[{"name":"wp","href":"https:\/\/api.w.org\/{rel}","templated":true}]}}