{"id":16446,"date":"2021-12-14T16:31:31","date_gmt":"2021-12-14T13:31:31","guid":{"rendered":"https:\/\/iletim.istanbul.edu.tr\/?p=16446"},"modified":"2021-12-14T16:31:33","modified_gmt":"2021-12-14T13:31:33","slug":"radyocu-serdar-gokalp-gencler-ozgun-olmayi-hedeflemeli","status":"publish","type":"post","link":"https:\/\/iletim.istanbul.edu.tr\/index.php\/2021\/12\/14\/radyocu-serdar-gokalp-gencler-ozgun-olmayi-hedeflemeli\/","title":{"rendered":"Radyocu Serdar G\u00f6kalp; \u201cGen\u00e7ler, \u00f6zg\u00fcn olmay\u0131 hedeflemeli\u201d"},"content":{"rendered":"\n<p><strong>\u00d6\u011frencilerimizin sekt\u00f6r\u00fcn deneyimli isimleri ile bir araya geldi\u011fi \u0130stanbul \u0130leti\u015fim Konu\u015fmalar\u0131 devam ediyor. Radyolar\u0131n en \u00e7ok dinlenen isimlerinden Serdar G\u00f6kalp, \u0130leti\u015fim Konu\u015fmalar\u0131\u2019nda \u00d6\u011fr. G\u00f6r. Dr. Esma Sancar\u2019\u0131n sorular\u0131n\u0131 yan\u0131tlad\u0131.<\/strong><\/p>\n\n\n\n<p>\u0130leti\u015fim d\u00fcnyas\u0131n\u0131n birbirinden \u00f6nemli isimlerinin a\u011f\u0131rland\u0131\u011f\u0131 \u0130leti\u015fim Konu\u015fmalar\u0131, sekt\u00f6r\u00fcn nabz\u0131n\u0131 tutmay\u0131 s\u00fcrd\u00fcr\u00fcyor. Radyo programc\u0131l\u0131\u011f\u0131nda yirmi y\u0131l\u0131 a\u015fk\u0131n s\u00fcreyi geride b\u0131rakan Serdar G\u00f6kalp, \u0130leti\u015fim Fak\u00fcltesi \u00f6\u011frencileri ile bir araya geldi. T\u00fcrkiye\u2019de radyoculu\u011fun geldi\u011fi noktaya dair ge\u00e7mi\u015ften g\u00fcn\u00fcm\u00fcze kendi tecr\u00fcbesi \u00f6zelinde ve sekt\u00f6r genelinde konu\u015fan G\u00f6kalp, \u00f6\u011frencilere \u00f6nemli mesajlar verdi.<\/p>\n\n\n\n<figure class=\"wp-block-gallery columns-1 is-cropped wp-block-gallery-1 is-layout-flex wp-block-gallery-is-layout-flex\"><ul class=\"blocks-gallery-grid\"><li class=\"blocks-gallery-item\"><figure><img decoding=\"async\" width=\"1024\" height=\"543\" src=\"https:\/\/iletim.istanbul.edu.tr\/wp-content\/uploads\/WhatsApp-Image-2021-12-14-at-16.22.15-1024x543.jpeg\" alt=\"\" data-id=\"16447\" data-full-url=\"https:\/\/iletim.istanbul.edu.tr\/wp-content\/uploads\/WhatsApp-Image-2021-12-14-at-16.22.15.jpeg\" data-link=\"https:\/\/iletim.istanbul.edu.tr\/?attachment_id=16447\" class=\"wp-image-16447\" srcset=\"https:\/\/iletim.istanbul.edu.tr\/wp-content\/uploads\/WhatsApp-Image-2021-12-14-at-16.22.15-1024x543.jpeg 1024w, https:\/\/iletim.istanbul.edu.tr\/wp-content\/uploads\/WhatsApp-Image-2021-12-14-at-16.22.15-300x159.jpeg 300w, https:\/\/iletim.istanbul.edu.tr\/wp-content\/uploads\/WhatsApp-Image-2021-12-14-at-16.22.15-1536x814.jpeg 1536w, https:\/\/iletim.istanbul.edu.tr\/wp-content\/uploads\/WhatsApp-Image-2021-12-14-at-16.22.15-351x185.jpeg 351w, https:\/\/iletim.istanbul.edu.tr\/wp-content\/uploads\/WhatsApp-Image-2021-12-14-at-16.22.15.jpeg 1600w\" sizes=\"(max-width: 1024px) 100vw, 1024px\" \/><\/figure><\/li><\/ul><figcaption class=\"blocks-gallery-caption\">Radyo Programc\u0131s\u0131 Serdar G\u00f6kalp<\/figcaption><\/figure>\n\n\n\n<p><strong>\u201cDijital, Radyoyu Daha \u0130leri Ta\u015f\u0131yacak\u201d<\/strong><\/p>\n\n\n\n<p>Deneyimli programc\u0131 G\u00f6kalp, temeli analog bir sistem olan radyonun yeni\u00e7a\u011f\u0131n gere\u011fince dijitalle\u015fti\u011fini ve bu durumun radyoculuk prati\u011fini olumlu y\u00f6nde etkiledi\u011fini belirtti. Sistemlerin ge\u00e7mi\u015fe oranla daha anla\u015f\u0131labilir ve kullan\u0131labilir oldu\u011funu dile getiren G\u00f6kalp, gen\u00e7 ku\u015fa\u011f\u0131n bunu bir art\u0131 olarak kullanabilece\u011fini ifade etti.<\/p>\n\n\n\n<p><strong>\u201c\u0130\u00e7erik \u00dcretiminde D\u00fcnya \u00c7ap\u0131nda \u0130lk 3\u2019teyiz\u201d<\/strong><\/p>\n\n\n\n<p>Mesle\u011fi gere\u011fi ba\u015fta ABD ve \u0130ngiltere olmak \u00fczere \u00e7ok say\u0131da \u00fclkede radyoculu\u011fu yak\u0131ndan takip etti\u011fini belirten G\u00f6kalp, T\u00fcrkiye\u2019nin radyo i\u00e7eri\u011fi \u00fcretiminde olduk\u00e7a ileride oldu\u011funu vurgulad\u0131. \u201c\u0130ngiltere radyolar\u0131n\u0131n dinlenmesini \u00f6zellikle tavsiye ediyorum ancak rahatl\u0131kla s\u00f6yleyebilirim ki T\u00fcrkiye i\u00e7erik \u00fcretiminde d\u00fcnya s\u0131ralamas\u0131nda kesinlikle ilk \u00fc\u00e7te yer al\u0131yor, \u00e7\u00fcnk\u00fc biz radyoda \u00f6zg\u00fcn i\u00e7erik \u00fcretiyoruz\u201d diyen G\u00f6kalp, gen\u00e7lerin \u00f6zg\u00fcn olma \u00e7abas\u0131 g\u00fctmeleri gerekti\u011finin alt\u0131n\u0131 \u00e7izdi.<\/p>\n\n\n\n<figure class=\"wp-block-gallery columns-1 is-cropped wp-block-gallery-2 is-layout-flex wp-block-gallery-is-layout-flex\"><ul class=\"blocks-gallery-grid\"><li class=\"blocks-gallery-item\"><figure><img decoding=\"async\" width=\"1024\" height=\"541\" src=\"https:\/\/iletim.istanbul.edu.tr\/wp-content\/uploads\/WhatsApp-Image-2021-12-14-at-16.22.16-1024x541.jpeg\" alt=\"\" data-id=\"16448\" data-full-url=\"https:\/\/iletim.istanbul.edu.tr\/wp-content\/uploads\/WhatsApp-Image-2021-12-14-at-16.22.16.jpeg\" data-link=\"https:\/\/iletim.istanbul.edu.tr\/?attachment_id=16448\" class=\"wp-image-16448\" srcset=\"https:\/\/iletim.istanbul.edu.tr\/wp-content\/uploads\/WhatsApp-Image-2021-12-14-at-16.22.16-1024x541.jpeg 1024w, https:\/\/iletim.istanbul.edu.tr\/wp-content\/uploads\/WhatsApp-Image-2021-12-14-at-16.22.16-300x159.jpeg 300w, https:\/\/iletim.istanbul.edu.tr\/wp-content\/uploads\/WhatsApp-Image-2021-12-14-at-16.22.16-1536x812.jpeg 1536w, https:\/\/iletim.istanbul.edu.tr\/wp-content\/uploads\/WhatsApp-Image-2021-12-14-at-16.22.16-351x185.jpeg 351w, https:\/\/iletim.istanbul.edu.tr\/wp-content\/uploads\/WhatsApp-Image-2021-12-14-at-16.22.16.jpeg 1600w\" sizes=\"(max-width: 1024px) 100vw, 1024px\" \/><\/figure><\/li><\/ul><figcaption class=\"blocks-gallery-caption\">\u00d6\u011fr. G\u00f6r. Dr. Esma Sancar<\/figcaption><\/figure>\n\n\n\n<p>\u0130stanbul \u0130leti\u015fim Konu\u015fmalar\u0131 her Sal\u0131 sekt\u00f6r temsilcilerini \u0130leti\u015fim Fak\u00fcltesi \u00f6\u011frencileri ile bulu\u015fturmaya devam edecek. Zoom \u00fczerinden ger\u00e7ekle\u015fecek etkinlikler ayn\u0131 zamanda \u0130\u00dcWEBTV \u00fczerinden de canl\u0131 olarak yay\u0131nlanacak.<\/p>\n\n\n\n<p>Etkinli\u011fin tamam\u0131n\u0131 a\u015fa\u011f\u0131daki linke t\u0131klayarak izleyebilirsiniz:<\/p>\n\n\n\n<figure class=\"wp-block-embed-youtube wp-block-embed is-type-video is-provider-youtube wp-embed-aspect-16-9 wp-has-aspect-ratio\"><div class=\"wp-block-embed__wrapper\">\nhttps:\/\/youtu.be\/Z0BM1E8pQGg\n<\/div><\/figure>\n","protected":false},"excerpt":{"rendered":"<p>\u00d6\u011frencilerimizin sekt\u00f6r\u00fcn deneyimli isimleri ile bir araya geldi\u011fi \u0130stanbul \u0130leti\u015fim Konu\u015fmalar\u0131 devam ediyor. Radyolar\u0131n en \u00e7ok dinlenen isimlerinden Serdar G\u00f6kalp, \u0130leti\u015fim Konu\u015fmalar\u0131\u2019nda \u00d6\u011fr. G\u00f6r. Dr. Esma Sancar\u2019\u0131n sorular\u0131n\u0131 yan\u0131tlad\u0131. \u0130leti\u015fim d\u00fcnyas\u0131n\u0131n birbirinden \u00f6nemli isimlerinin a\u011f\u0131rland\u0131\u011f\u0131 \u0130leti\u015fim Konu\u015fmalar\u0131, sekt\u00f6r\u00fcn nabz\u0131n\u0131 tutmay\u0131 s\u00fcrd\u00fcr\u00fcyor. Radyo programc\u0131l\u0131\u011f\u0131nda yirmi y\u0131l\u0131 a\u015fk\u0131n s\u00fcreyi geride b\u0131rakan Serdar G\u00f6kalp, \u0130leti\u015fim Fak\u00fcltesi \u00f6\u011frencileri ile [&hellip;]<\/p>\n","protected":false},"author":14,"featured_media":16449,"comment_status":"open","ping_status":"open","sticky":false,"template":"","format":"standard","meta":{"jnews-multi-image_gallery":[],"jnews_single_post":[],"jnews_primary_category":[],"jnews_social_meta":[],"jnews_override_counter":[],"footnotes":""},"categories":[178],"tags":[252,1880,966,1881,1879],"class_list":["post-16446","post","type-post","status-publish","format-standard","has-post-thumbnail","hentry","category-fakultemizden","tag-medya","tag-program","tag-radyo","tag-serdar-gokalp","tag-televizyon"],"_links":{"self":[{"href":"https:\/\/iletim.istanbul.edu.tr\/index.php\/wp-json\/wp\/v2\/posts\/16446","targetHints":{"allow":["GET"]}}],"collection":[{"href":"https:\/\/iletim.istanbul.edu.tr\/index.php\/wp-json\/wp\/v2\/posts"}],"about":[{"href":"https:\/\/iletim.istanbul.edu.tr\/index.php\/wp-json\/wp\/v2\/types\/post"}],"author":[{"embeddable":true,"href":"https:\/\/iletim.istanbul.edu.tr\/index.php\/wp-json\/wp\/v2\/users\/14"}],"replies":[{"embeddable":true,"href":"https:\/\/iletim.istanbul.edu.tr\/index.php\/wp-json\/wp\/v2\/comments?post=16446"}],"version-history":[{"count":0,"href":"https:\/\/iletim.istanbul.edu.tr\/index.php\/wp-json\/wp\/v2\/posts\/16446\/revisions"}],"wp:featuredmedia":[{"embeddable":true,"href":"https:\/\/iletim.istanbul.edu.tr\/index.php\/wp-json\/wp\/v2\/media\/16449"}],"wp:attachment":[{"href":"https:\/\/iletim.istanbul.edu.tr\/index.php\/wp-json\/wp\/v2\/media?parent=16446"}],"wp:term":[{"taxonomy":"category","embeddable":true,"href":"https:\/\/iletim.istanbul.edu.tr\/index.php\/wp-json\/wp\/v2\/categories?post=16446"},{"taxonomy":"post_tag","embeddable":true,"href":"https:\/\/iletim.istanbul.edu.tr\/index.php\/wp-json\/wp\/v2\/tags?post=16446"}],"curies":[{"name":"wp","href":"https:\/\/api.w.org\/{rel}","templated":true}]}}