{"id":16453,"date":"2021-12-15T15:06:53","date_gmt":"2021-12-15T12:06:53","guid":{"rendered":"https:\/\/iletim.istanbul.edu.tr\/?p=16453"},"modified":"2021-12-15T15:37:53","modified_gmt":"2021-12-15T12:37:53","slug":"ekoturk-tv-genel-yayin-koordinatoru-yardimcisi-dogan-ozkan-iletime-konustu","status":"publish","type":"post","link":"https:\/\/iletim.istanbul.edu.tr\/index.php\/2021\/12\/15\/ekoturk-tv-genel-yayin-koordinatoru-yardimcisi-dogan-ozkan-iletime-konustu\/","title":{"rendered":"Ekot\u00fcrk TV Genel Yay\u0131n Koordinat\u00f6r\u00fc Yard\u0131mc\u0131s\u0131 Do\u011fan \u00d6zkan, \u0130letim&#8217;e konu\u015ftu"},"content":{"rendered":"\n<p><strong>Haber: Aleyna Ulusoy <\/strong><\/p>\n\n\n\n<p>T\u00fcrkiye\u2019de uydu sistemiyle yay\u0131n yapan \u00fc\u00e7 ekonomi kanal\u0131ndan biri olan Ekot\u00fcrk TV\u2019de Genel Yay\u0131n Koordinat\u00f6r\u00fc Yard\u0131mc\u0131s\u0131 Do\u011fan \u00d6zkan, \u0130letim\u2019in sorular\u0131n\u0131 yan\u0131tlad\u0131.<\/p>\n\n\n\n<p>B\u00f6l\u00fcme g\u00f6re meslek se\u00e7enlerden de\u011fil, se\u00e7ti\u011fi mesle\u011fe g\u00f6re okuyaca\u011f\u0131 b\u00f6l\u00fcm\u00fc kazanan \u015fansl\u0131 az\u0131nl\u0131klardan oldu\u011funu vurgulayan \u00d6zkan; \u201c\u0130leti\u015fim Fak\u00fcltesine girdi\u011fim andan itibaren de mesle\u011fe giri\u015fin yollar\u0131n\u0131 arad\u0131m. Herkes gibi ben de stajyer olarak mesle\u011fe ba\u015flad\u0131m. \u0130lk dura\u011f\u0131m Habert\u00fcrk TV oldu. Habert\u00fcrk\u2019te uzun bir d\u00f6nem ma\u00e7 bileti kar\u015f\u0131l\u0131\u011f\u0131nda \u00e7al\u0131\u015ft\u0131m. \u0130\u015f yo\u011funlu\u011fu sebebiyle okul hayat\u0131ma uzun bir ara verip kendimi mesle\u011fe adad\u0131m\u201d diye konu\u015ftu.<\/p>\n\n\n\n<p>Mesle\u011fe 18 ya\u015f\u0131nda ba\u015flad\u0131\u011f\u0131n\u0131 belirten \u00d6zkan, sekt\u00f6re erken ya\u015fta girmenin baz\u0131 avantajlar\u0131 da beraberinde getirdi\u011fini s\u00f6yledi.<\/p>\n\n\n\n<p>\u0130\u015f hayat\u0131na erken ba\u015flamas\u0131n\u0131n rakiplerinden daha tecr\u00fcbeli olmas\u0131 y\u00f6n\u00fcnde avantaj sa\u011flad\u0131\u011f\u0131n\u0131 ifade eden \u00d6zkan; \u201dBen 18 ya\u015f\u0131nda do\u011frudan sekt\u00f6re girme karar\u0131n\u0131 al\u0131rken b\u00fcy\u00fck risk ald\u0131m. Bug\u00fcn i\u00e7erisinde bulundu\u011fum duruma bakt\u0131\u011f\u0131mda ald\u0131\u011f\u0131m bu riskin tuttu\u011funu d\u00fc\u015f\u00fcn\u00fcyorum. Ama en ideali akademi ve sekt\u00f6r\u00fc bir arada g\u00f6t\u00fcrmek olurdu\u201d dedi.<\/p>\n\n\n\n<figure class=\"wp-block-image size-large\"><img decoding=\"async\" width=\"1024\" height=\"768\" src=\"https:\/\/iletim.istanbul.edu.tr\/wp-content\/uploads\/WhatsApp-Image-2021-12-15-at-13.17.16-1-1024x768.jpeg\" alt=\"\" class=\"wp-image-16459\" srcset=\"https:\/\/iletim.istanbul.edu.tr\/wp-content\/uploads\/WhatsApp-Image-2021-12-15-at-13.17.16-1-1024x768.jpeg 1024w, https:\/\/iletim.istanbul.edu.tr\/wp-content\/uploads\/WhatsApp-Image-2021-12-15-at-13.17.16-1-300x225.jpeg 300w, https:\/\/iletim.istanbul.edu.tr\/wp-content\/uploads\/WhatsApp-Image-2021-12-15-at-13.17.16-1-1536x1152.jpeg 1536w, https:\/\/iletim.istanbul.edu.tr\/wp-content\/uploads\/WhatsApp-Image-2021-12-15-at-13.17.16-1.jpeg 2048w\" sizes=\"(max-width: 1024px) 100vw, 1024px\" \/><\/figure>\n\n\n\n<p><strong>Medyan\u0131n Alt\u0131n \u00c7ocu\u011fu<\/strong><\/p>\n\n\n\n<p>Kendisinden \u201cmedyan\u0131n alt\u0131n \u00e7ocu\u011fu\u201d olarak bahsedilen ve ad\u0131na a\u00e7\u0131lan Ek\u015fi S\u00f6zl\u00fck ba\u015fl\u0131\u011f\u0131nda da bu tabirle an\u0131lan \u00d6zkan, tabirin ilk olarak Habert\u00fcrk TV&#8217;de Spor M\u00fcd\u00fcr\u00fc Emin \u00c7a\u011flar taraf\u0131ndan kullan\u0131ld\u0131\u011f\u0131n\u0131 belirtti. Medya sekt\u00f6r\u00fcne stajyer olarak ba\u015flad\u0131\u011f\u0131 y\u0131llardan itibaren \u00e7al\u0131\u015fma azmi ve ba\u015far\u0131s\u0131ndan dolay\u0131 bu tabirin ortaya \u00e7\u0131kt\u0131\u011f\u0131n\u0131 ifade etti.<\/p>\n\n\n\n<p><strong>&#8220;Kariyerimi ekonomi alan\u0131nda s\u00fcrd\u00fcrmek istiyorum&#8221;<\/strong><\/p>\n\n\n\n<p>Sekt\u00f6re girdi\u011fi andan itibaren tek hedefinin spor alan\u0131nda ilerlemek oldu\u011funu ancak bu hedefinin daha sonra de\u011fi\u015fti\u011fini belirten \u00d6zkan; &nbsp;\u201cApara&#8217;da Haber M\u00fcd\u00fcrl\u00fc\u011f\u00fc g\u00f6revini yapan Serdar Kuter&#8217;in telkinleriyle ekonomiyi tercih ettim. Do\u011fru da karar vermi\u015fim. Kariyerimi ekonomi gazetecili\u011finde devam ettirmek istiyorum. Bu vesileyle de Serdar Kuter&#8217;e te\u015fekk\u00fcr\u00fc bir bor\u00e7 bilirim\u201d dedi.<\/p>\n\n\n\n<p><strong>&#8220;Sistem gelen ekonomik veriler \u00fczerine kurulu&#8221;<\/strong><\/p>\n\n\n\n<p>\u0130\u00e7erideki ve d\u0131\u015far\u0131daki her geli\u015fmenin ekonomiyi do\u011frudan etkiledi\u011fini, bu nedenle bir\u00e7ok geli\u015fmenin ekonomide de g\u00fcndem haline geldi\u011fini belirten \u00d6zkan,  ekonomi alan\u0131nda da g\u00fcndeme dair geli\u015fmelere kar\u015f\u0131 hassasiyetin olu\u015ftu\u011funu s\u00f6yleyerek: \u201cEkonomi kanal\u0131 asl\u0131nda normal bir haber kanal\u0131na g\u00f6re daha sakin bir yap\u0131ya sahip. Sistem gelen ekonomik veriler \u00fczerine kurulu. Veri takvimi de yakla\u015f\u0131k 1 ay \u00f6ncesinden belli oluyor. Bu da haber merkezine haz\u0131rlanmak i\u00e7in yeterli zaman\u0131 sa\u011fl\u0131yor. B\u00f6ylece \u2018S\u00fcrpriz geli\u015fme\u2019 k\u0131sm\u0131 m\u00fcmk\u00fcn oldu\u011funca azal\u0131yor. Ancak biz de di\u011fer haber kanallar\u0131 gibi sabah haber toplant\u0131s\u0131yla g\u00fcne ba\u015fl\u0131yoruz\u201d diye konu\u015ftu.<\/p>\n\n\n\n<p>\u00d6zkan, T\u00fcrkiye\u2019de uydu sistemiyle yay\u0131n yapan ekonomi kanallar\u0131n\u0131n, Avrupa \u00fclkelerine k\u0131yasla daha az olmas\u0131n\u0131n sekt\u00f6re etkisinin ne oldu\u011fu sorusuna \u201dBu sekt\u00f6rdeki kanal y\u00f6neticileri a\u00e7\u0131s\u0131ndan pozitif bir durum. Bu reklam pastas\u0131n\u0131n daha aza b\u00f6l\u00fcnd\u00fc\u011f\u00fc; dolay\u0131s\u0131yla al\u0131nacak pay\u0131n daha fazla olaca\u011f\u0131 anlam\u0131na gelebilir. Ancak bir de istihdam boyutu var. Ekonomi televizyonculu\u011fuyla ilgilenen bir ki\u015finin \u00e7al\u0131\u015fabilece\u011fi yaln\u0131zca 3 kanal oldu\u011fu anlam\u0131na gelir. Bu a\u00e7\u0131dan da negatif bir durum olarak de\u011ferlendirebiliriz\u201d yan\u0131t\u0131n\u0131 verdi. <\/p>\n\n\n\n<p>S\u00f6yle\u015finin sonunda ekonomi alan\u0131nda \u00e7al\u0131\u015fmak isteyen gazetecilerde arad\u0131klar\u0131 ba\u015fl\u0131ca \u00f6zelliklerin g\u00fcndeme hakimiyet ve yabanc\u0131 dil oldu\u011funu belirten \u00d6zkan, yurt d\u0131\u015f\u0131 kaynakl\u0131 haber ak\u0131\u015flar\u0131n\u0131n ekonomi a\u00e7\u0131s\u0131ndan olduk\u00e7a \u00f6nemli oldu\u011funu vurgulad\u0131. \u00d6zkan, \u201cYabanc\u0131 dili olan ki\u015filer sekt\u00f6re bir ad\u0131m \u00f6nde ba\u015fl\u0131yor. Onun haricindeki k\u0131s\u0131mlar tamamen sonradan da kazan\u0131labilecek nitelikler\u201d ifadesini kulland\u0131.<\/p>\n","protected":false},"excerpt":{"rendered":"<p>Haber: Aleyna Ulusoy T\u00fcrkiye\u2019de uydu sistemiyle yay\u0131n yapan \u00fc\u00e7 ekonomi kanal\u0131ndan biri olan Ekot\u00fcrk TV\u2019de Genel Yay\u0131n Koordinat\u00f6r\u00fc Yard\u0131mc\u0131s\u0131 Do\u011fan \u00d6zkan, \u0130letim\u2019in sorular\u0131n\u0131 yan\u0131tlad\u0131. B\u00f6l\u00fcme g\u00f6re meslek se\u00e7enlerden de\u011fil, se\u00e7ti\u011fi mesle\u011fe g\u00f6re okuyaca\u011f\u0131 b\u00f6l\u00fcm\u00fc kazanan \u015fansl\u0131 az\u0131nl\u0131klardan oldu\u011funu vurgulayan \u00d6zkan; \u201c\u0130leti\u015fim Fak\u00fcltesine girdi\u011fim andan itibaren de mesle\u011fe giri\u015fin yollar\u0131n\u0131 arad\u0131m. Herkes gibi ben de stajyer [&hellip;]<\/p>\n","protected":false},"author":14,"featured_media":16455,"comment_status":"open","ping_status":"open","sticky":false,"template":"","format":"standard","meta":{"jnews-multi-image_gallery":[],"jnews_single_post":[],"jnews_primary_category":[],"jnews_social_meta":[],"jnews_override_counter":[],"footnotes":""},"categories":[1,34],"tags":[1884,1883,43],"class_list":["post-16453","post","type-post","status-publish","format-standard","has-post-thumbnail","hentry","category-genel","category-universite","tag-dogan-ozkan","tag-ekoturk-tv","tag-istanbul-universitesi"],"_links":{"self":[{"href":"https:\/\/iletim.istanbul.edu.tr\/index.php\/wp-json\/wp\/v2\/posts\/16453","targetHints":{"allow":["GET"]}}],"collection":[{"href":"https:\/\/iletim.istanbul.edu.tr\/index.php\/wp-json\/wp\/v2\/posts"}],"about":[{"href":"https:\/\/iletim.istanbul.edu.tr\/index.php\/wp-json\/wp\/v2\/types\/post"}],"author":[{"embeddable":true,"href":"https:\/\/iletim.istanbul.edu.tr\/index.php\/wp-json\/wp\/v2\/users\/14"}],"replies":[{"embeddable":true,"href":"https:\/\/iletim.istanbul.edu.tr\/index.php\/wp-json\/wp\/v2\/comments?post=16453"}],"version-history":[{"count":0,"href":"https:\/\/iletim.istanbul.edu.tr\/index.php\/wp-json\/wp\/v2\/posts\/16453\/revisions"}],"wp:featuredmedia":[{"embeddable":true,"href":"https:\/\/iletim.istanbul.edu.tr\/index.php\/wp-json\/wp\/v2\/media\/16455"}],"wp:attachment":[{"href":"https:\/\/iletim.istanbul.edu.tr\/index.php\/wp-json\/wp\/v2\/media?parent=16453"}],"wp:term":[{"taxonomy":"category","embeddable":true,"href":"https:\/\/iletim.istanbul.edu.tr\/index.php\/wp-json\/wp\/v2\/categories?post=16453"},{"taxonomy":"post_tag","embeddable":true,"href":"https:\/\/iletim.istanbul.edu.tr\/index.php\/wp-json\/wp\/v2\/tags?post=16453"}],"curies":[{"name":"wp","href":"https:\/\/api.w.org\/{rel}","templated":true}]}}