{"id":16466,"date":"2021-12-15T20:22:53","date_gmt":"2021-12-15T17:22:53","guid":{"rendered":"https:\/\/iletim.istanbul.edu.tr\/?p=16466"},"modified":"2021-12-15T20:22:55","modified_gmt":"2021-12-15T17:22:55","slug":"koleksiyonerlik-tedavisi-olmayan-bir-hastalik","status":"publish","type":"post","link":"https:\/\/iletim.istanbul.edu.tr\/index.php\/2021\/12\/15\/koleksiyonerlik-tedavisi-olmayan-bir-hastalik\/","title":{"rendered":"Koleksiyonerlik tedavisi olmayan bir hastal\u0131k"},"content":{"rendered":"\n<p><strong>Haber<\/strong>: Merve Tu\u00e7<\/p>\n\n\n\n<p>Azerbaycan muhaceret tarihiyle alakal\u0131 yaz\u0131l\u0131 ve bas\u0131l\u0131 binlerce eser toplayan koleksiyoner ve yazar Dilgam Ahmad\u2019la koleksiyonerlik hakk\u0131nda konu\u015ftuk.<\/p>\n\n\n\n<p>Doktora e\u011fitimini tamamlamak i\u00e7in \u0130stanbul\u2019a geldi\u011fini ve bu d\u00f6nemde Azerbaycan muhaceret tarihiyle ilgili \u00e7al\u0131\u015fmalar yapt\u0131\u011f\u0131n\u0131 s\u00f6yleyen Dilgam Ahmad: &#8221;T\u00fcrkiye\u2019de sahaflar\u0131n elinde olan, m\u00fczayedelerde a\u00e7\u0131k \u015fekilde sat\u0131lan ar\u015fivlere rastlad\u0131m. Bunlar\u0131 sat\u0131n ald\u0131k\u00e7a \u00fczerinde \u00e7al\u0131\u015fmalar yapmaya ba\u015flad\u0131m. Bu konuda 4 kitab\u0131m yay\u0131nland\u0131.&#8221; dedi.<\/p>\n\n\n\n<p>Koleksiyonerlik ser\u00fcveninin, arkada\u015f\u0131n\u0131n hediye etti\u011fi bir foto\u011frafla ba\u015flad\u0131\u011f\u0131n\u0131 s\u00f6yleyen Dilgam Ahmad: \u201cBu ser\u00fcveni ilk kez tarihi bir foto\u011frafa sahip olmakla ba\u015flad\u0131. Biliyorsunuz T\u00fcrkiye\u2019nin ve Azerbaycan\u2019\u0131n ortak bir de\u011feri var, Ahmet A\u011fao\u011flu. Bir arkada\u015f\u0131m O&#8217;nun T\u00fcrkiye\u2019de \u00e7ekilmi\u015f orijinal bir foto\u011fraf\u0131n\u0131 hediye etmi\u015fti. A\u00e7\u0131k\u00e7as\u0131, \u00e7ok \u015fa\u015f\u0131rd\u0131m, 1930\u2019lu y\u0131llara ait bir foto\u011fraft\u0131. Arkada\u015f\u0131mdan T\u00fcrkiye\u2019de takip edebilece\u011fim m\u00fczayede sitelerinin isimlerini ald\u0131m ve onlar\u0131 devaml\u0131 takip etmeye ba\u015flad\u0131m. Bu bir hazinenin kap\u0131s\u0131n\u0131 aralamak gibiydi. \u0130lk foto\u011fraftan sonra devam\u0131 gelmeye ba\u015flad\u0131 ve almaya \u00e7al\u0131\u015ft\u0131m. Baz\u0131 sahaflarla arkada\u015f oldum. O&#8217;nlar art\u0131k Azerbaycan\u2019la ilgili ne varsa ilk bana g\u00f6ndermeye ba\u015flad\u0131lar.\u201d ifadelerini kulland\u0131.<\/p>\n\n\n\n<p><strong>&#8221;Azerbaycan\u2019\u0131n fakir kesimlerinden destek ald\u0131m&#8221;<\/strong><\/p>\n\n\n\n<p>Azerbaycan\u2019\u0131n fakir kesimlerinden destek ald\u0131\u011f\u0131n\u0131 belirten Ahmad, \u201cArkada\u015flar\u0131m\u0131n yard\u0131m\u0131yla bazen sosyal medyada kampanyalar ba\u015flatt\u0131m, para toplad\u0131m. \u00c7\u00fcnk\u00fc biliyorsunuz bunlar \u00e7ok pahal\u0131d\u0131r. \u015eimdiye kadar epey paralar harcand\u0131. Bu, biraz da g\u00f6n\u00fcl i\u015fidir. Bu i\u015fi seven insanlardan \u00e7ok destek ald\u0131m. Azerbaycan\u2019\u0131n fakir kesimlerinden destek ald\u0131m. Zenginler, maalesef bu i\u015fe destek olmak istemediler. Asl\u0131nda zenginlerin olmas\u0131 gerekirdi ama Azerbaycan\u2019\u0131n kendi halinde olan insanlar\u0131ndan destek ald\u0131m. Hala desteklere devam ediyorlar. 7 sene ge\u00e7mesine ra\u011fmen hala ayn\u0131 heyecanla severek topluyorum. \u201c diye konu\u015ftu.<\/p>\n\n\n\n<figure class=\"wp-block-gallery columns-1 is-cropped wp-block-gallery-1 is-layout-flex wp-block-gallery-is-layout-flex\"><ul class=\"blocks-gallery-grid\"><li class=\"blocks-gallery-item\"><figure><img decoding=\"async\" width=\"1024\" height=\"756\" src=\"https:\/\/iletim.istanbul.edu.tr\/wp-content\/uploads\/hgvkytc-1-1024x756.jpg\" alt=\"\" data-id=\"16468\" data-full-url=\"https:\/\/iletim.istanbul.edu.tr\/wp-content\/uploads\/hgvkytc-1.jpg\" data-link=\"https:\/\/iletim.istanbul.edu.tr\/?attachment_id=16468\" class=\"wp-image-16468\" srcset=\"https:\/\/iletim.istanbul.edu.tr\/wp-content\/uploads\/hgvkytc-1-1024x756.jpg 1024w, https:\/\/iletim.istanbul.edu.tr\/wp-content\/uploads\/hgvkytc-1-300x221.jpg 300w, https:\/\/iletim.istanbul.edu.tr\/wp-content\/uploads\/hgvkytc-1.jpg 1092w\" sizes=\"(max-width: 1024px) 100vw, 1024px\" \/><figcaption class=\"blocks-gallery-item__caption\"><br><br><br>\u0130stanbul konferans\u0131: Azerbaycan ve Osmanl\u0131 heyeti. Haziran 1918<\/figcaption><\/figure><\/li><\/ul><\/figure>\n\n\n\n<p><strong>&#8221;O foto\u011fraf yery\u00fcz\u00fcnde \u015fu an sadece bir tanedir ve en pahal\u0131 foto\u011fraft\u0131r&#8221;<\/strong><\/p>\n\n\n\n<p>\u201cBizim ilk cumhuriyetimiz d\u00f6neminde 1918-1920 y\u0131llar\u0131 aras\u0131nda birka\u00e7 foto\u011fraf var bende.&#8221; diyen Ahmad konu\u015fmas\u0131na \u015f\u00f6yle devam etti: &#8221;O foto\u011fraflardan biri T\u00fcrkiye tarihi i\u00e7in de \u00e7ok \u00f6nemlidir. 1918 Haziran&#8217;\u0131nda Azerbaycan Cumhuriyeti kurulal\u0131 bir ay olmu\u015f ve destek almak i\u00e7in Osmanl\u0131 Devleti&#8217;ne bir heyet g\u00f6nderdi. Mehmet Emin Resulzade\u2019nin ba\u015fkanl\u0131\u011f\u0131ndaki o heyetle haziran ay\u0131n\u0131n sonunda \u0130stanbul konferans\u0131 yap\u0131ld\u0131. Heyet, Osmanl\u0131 bas\u0131n\u0131n\u0131n da \u00e7ok ilgisini \u00e7ekti. Benim koleksiyonumda Osmanl\u0131 heyetiyle Azerbaycan heyetinin bir arada \u00e7ekilmi\u015f b\u00fcy\u00fck boy bir foto\u011fraf\u0131 var. Mesela o foto\u011fraf yery\u00fcz\u00fcnde \u015fu an sadece bir tanedir ve en pahal\u0131 foto\u011fraft\u0131r. Ben o foto\u011fraf\u0131 ald\u0131m.\u201d<\/p>\n\n\n\n<figure class=\"wp-block-gallery columns-1 is-cropped wp-block-gallery-2 is-layout-flex wp-block-gallery-is-layout-flex\"><ul class=\"blocks-gallery-grid\"><li class=\"blocks-gallery-item\"><figure><img decoding=\"async\" width=\"441\" height=\"732\" src=\"https:\/\/iletim.istanbul.edu.tr\/wp-content\/uploads\/adzhszdth.jpg\" alt=\"\" data-id=\"16469\" data-full-url=\"https:\/\/iletim.istanbul.edu.tr\/wp-content\/uploads\/adzhszdth.jpg\" data-link=\"https:\/\/iletim.istanbul.edu.tr\/?attachment_id=16469\" class=\"wp-image-16469\" srcset=\"https:\/\/iletim.istanbul.edu.tr\/wp-content\/uploads\/adzhszdth.jpg 441w, https:\/\/iletim.istanbul.edu.tr\/wp-content\/uploads\/adzhszdth-181x300.jpg 181w\" sizes=\"(max-width: 441px) 100vw, 441px\" \/><\/figure><\/li><\/ul><\/figure>\n\n\n\n<p>&#8221;<strong>Ar\u015fiv bitmedi, bizim param\u0131z bitti<\/strong>&#8221;<\/p>\n\n\n\n<p>Azerbaycan muhacirlerinden biri olan Abbas Bey&#8217;in 1920\u2019li y\u0131llarda Beyaz\u0131t Meydan\u0131\u2019nda bir k\u0131rtasiye d\u00fckk\u00e2n\u0131 a\u00e7t\u0131\u011f\u0131n\u0131 belirten Ahmad \u015funlar\u0131 ifade etti: &#8221;Tabi burada k\u0131rtasiye \u00fcr\u00fcnlerinden daha \u00e7ok kendilerinin ne\u015frettikleri gazeteler ve dergiler sat\u0131l\u0131yordu. 1940\u2019lara kadar devam eden d\u00fckkan\u0131n ar\u015fivi nas\u0131l olmu\u015fsa bir yerlerde kalm\u0131\u015f ve nihayet 1990\u2019l\u0131 y\u0131llarda bir sahafa ula\u015fm\u0131\u015f. 7 seneden beri k\u0131s\u0131m k\u0131s\u0131m o sahaftan al\u0131yorum. Ar\u015fiv bitmedi, bizim param\u0131z bitti.\u201d<\/p>\n\n\n\n<p>&#8221;Koleksiyoner i\u00e7in en k\u00f6t\u00fc hadise bir par\u00e7ay\u0131 kazanamamak ya da ge\u00e7 g\u00f6rmektir&#8221; diye konu\u015fan Dilgam Ahmad, ba\u015f\u0131na gelen \u015fu ilgin\u00e7 olay\u0131 anlatt\u0131: &#8221;Azerbaycan Cumhuriyeti\u2019ni tan\u0131tmak i\u00e7in Paris\u2019te Versay Saray\u0131\u2019nda bir bar\u0131\u015f konferans\u0131 yap\u0131lacakt\u0131. &nbsp;Azerbaycan H\u00fck\u00fcmeti oraya heyet g\u00f6ndermi\u015fti. Paris\u2019te, Azerbaycan\u2019\u0131 tan\u0131tmak i\u00e7in kitaplar ve haritalar yay\u0131nlam\u0131\u015flard\u0131. Mesela o haritalardan birini bir al\u0131\u015fveri\u015f sitesinde g\u00f6rd\u00fcm. Orijinaldi ama o anda param yoktu, banka hesab\u0131ma para koyana kadar birisi ald\u0131 onu, \u00e7\u00fcnk\u00fc takip\u00e7iler \u00e7oktu. En \u00e7ok \u00fcz\u00fcld\u00fc\u011f\u00fcm olay budur.&#8221;<\/p>\n\n\n\n<p><strong>&#8221;M\u00fczeler tarihi sevdirmek i\u00e7in \u00e7ok \u00f6nemlidir&#8221;<\/strong><\/p>\n\n\n\n<p>Ahmad, koleksiyonunun m\u00fcze olmas\u0131 konusunda destek bekledi\u011fini vurgulad\u0131\u011f\u0131 konu\u015fmas\u0131nda, 70 seneden beri bu tarihin bir m\u00fczesi bulunmad\u0131\u011f\u0131na dikkat \u00e7ekti\u011fi konu\u015fmas\u0131n\u0131: &#8221;2 m\u00fcze projem var. Birisi tamamen A\u011fao\u011flu ailesiyle ilgili bunu \u015eu\u015fa\u2019da d\u00fc\u015f\u00fcn\u00fcyorum. Di\u011feri Azerbaycan muhaceret m\u00fczesi olabilir. Tabi b\u00f6yle bir durum benim imkanlar\u0131m dahilinde de\u011fildir. Gerekli destekler olursa bu m\u00fczenin kurulmas\u0131n\u0131 \u00e7ok isterim. \u00c7\u00fcnk\u00fc m\u00fczeler tarihi sevdirmek i\u00e7in \u00e7ok \u00f6nemlidir. \u015eu an,T\u00fcrk Oca\u011f\u0131 ile bir projemiz var. Ahmet A\u011fao\u011flu sergisini hem \u0130stanbul\u2019da hem \u015eu\u015fa\u2019da yapmak istiyoruz.\u201d \u015feklinde sonland\u0131rd\u0131.<\/p>\n","protected":false},"excerpt":{"rendered":"<p>Haber: Merve Tu\u00e7 Azerbaycan muhaceret tarihiyle alakal\u0131 yaz\u0131l\u0131 ve bas\u0131l\u0131 binlerce eser toplayan koleksiyoner ve yazar Dilgam Ahmad\u2019la koleksiyonerlik hakk\u0131nda konu\u015ftuk. Doktora e\u011fitimini tamamlamak i\u00e7in \u0130stanbul\u2019a geldi\u011fini ve bu d\u00f6nemde Azerbaycan muhaceret tarihiyle ilgili \u00e7al\u0131\u015fmalar yapt\u0131\u011f\u0131n\u0131 s\u00f6yleyen Dilgam Ahmad: &#8221;T\u00fcrkiye\u2019de sahaflar\u0131n elinde olan, m\u00fczayedelerde a\u00e7\u0131k \u015fekilde sat\u0131lan ar\u015fivlere rastlad\u0131m. Bunlar\u0131 sat\u0131n ald\u0131k\u00e7a \u00fczerinde \u00e7al\u0131\u015fmalar yapmaya [&hellip;]<\/p>\n","protected":false},"author":14,"featured_media":16472,"comment_status":"open","ping_status":"open","sticky":false,"template":"","format":"standard","meta":{"jnews-multi-image_gallery":[],"jnews_single_post":[],"jnews_primary_category":[],"jnews_social_meta":[],"jnews_override_counter":[],"footnotes":""},"categories":[1,30],"tags":[1887,1885,1886],"class_list":["post-16466","post","type-post","status-publish","format-standard","has-post-thumbnail","hentry","category-genel","category-kultur-sanat","tag-dilgam-ahmad","tag-koleksiyon","tag-koleksiyonerlik"],"_links":{"self":[{"href":"https:\/\/iletim.istanbul.edu.tr\/index.php\/wp-json\/wp\/v2\/posts\/16466","targetHints":{"allow":["GET"]}}],"collection":[{"href":"https:\/\/iletim.istanbul.edu.tr\/index.php\/wp-json\/wp\/v2\/posts"}],"about":[{"href":"https:\/\/iletim.istanbul.edu.tr\/index.php\/wp-json\/wp\/v2\/types\/post"}],"author":[{"embeddable":true,"href":"https:\/\/iletim.istanbul.edu.tr\/index.php\/wp-json\/wp\/v2\/users\/14"}],"replies":[{"embeddable":true,"href":"https:\/\/iletim.istanbul.edu.tr\/index.php\/wp-json\/wp\/v2\/comments?post=16466"}],"version-history":[{"count":0,"href":"https:\/\/iletim.istanbul.edu.tr\/index.php\/wp-json\/wp\/v2\/posts\/16466\/revisions"}],"wp:featuredmedia":[{"embeddable":true,"href":"https:\/\/iletim.istanbul.edu.tr\/index.php\/wp-json\/wp\/v2\/media\/16472"}],"wp:attachment":[{"href":"https:\/\/iletim.istanbul.edu.tr\/index.php\/wp-json\/wp\/v2\/media?parent=16466"}],"wp:term":[{"taxonomy":"category","embeddable":true,"href":"https:\/\/iletim.istanbul.edu.tr\/index.php\/wp-json\/wp\/v2\/categories?post=16466"},{"taxonomy":"post_tag","embeddable":true,"href":"https:\/\/iletim.istanbul.edu.tr\/index.php\/wp-json\/wp\/v2\/tags?post=16466"}],"curies":[{"name":"wp","href":"https:\/\/api.w.org\/{rel}","templated":true}]}}